{"id":232026,"date":"2026-01-29T16:33:08","date_gmt":"2026-01-29T16:33:08","guid":{"rendered":"https:\/\/www.europesays.com\/pl\/232026\/"},"modified":"2026-01-29T16:33:08","modified_gmt":"2026-01-29T16:33:08","slug":"technologiczny-gigant-tnie-etaty-w-europie-mimo-swietnych-wynikow","status":"publish","type":"post","link":"https:\/\/www.europesays.com\/pl\/232026\/","title":{"rendered":"Technologiczny gigant tnie etaty w Europie. Mimo \u015bwietnych wynik\u00f3w"},"content":{"rendered":"<p class=\"lead\">Holenderska firma technologiczna ASML osi\u0105gn\u0119\u0142a w 2025 r. rekordowe 9,6 mld euro zysku netto przy 32,7 mld euro przychod\u00f3w &#8211; poinformowano w wydanym w \u015brod\u0119 komunikacie. Mimo dobrych wynik\u00f3w firma zapowiedzia\u0142a zwolnienie 1700 os\u00f3b. ASML jest najwi\u0119kszym na \u015bwiecie dostawc\u0105 maszyn do produkcji czip\u00f3w.<\/p>\n<p>Dzi\u015b w ASML pracuje 43 520 os\u00f3b na ca\u0142ym \u015bwiecie. Redukcja etat\u00f3w ma obj\u0105\u0107 g\u0142\u00f3wnie posady w Holandii.<\/p>\n<p>Zarz\u0105d t\u0142umaczy, \u017ce to reorganizacja potrzebna do dalszego wzrostu: uproszczenie proces\u00f3w i struktury zarz\u0105dzania ma uwolni\u0107 czas in\u017cynier\u00f3w na rozw\u00f3j technologii i przyspieszy\u0107 innowacje. Na 2026 r. sp\u00f3\u0142ka prognozuje wzrost przychod\u00f3w do 34\u201339 mld euro.<\/p>\n<p>Popyt na maszyny ASML nap\u0119dza boom na sztuczn\u0105 inteligencj\u0119. Warto\u015b\u0107 zam\u00f3wie\u0144 z\u0142o\u017conych w czwartym kwartale 2025 r. wynios\u0142a ponad 13 mld euro (prawie dwa razy wi\u0119cej ni\u017c w analogicznym okresie rok wcze\u015bniej), a w ca\u0142ym ubieg\u0142ym roku &#8211; rekordowe 28 mld euro. ASML zaznacza, \u017ce realizacja zam\u00f3wie\u0144 trwa zwykle rok\u2013p\u00f3\u0142tora, wi\u0119c nowe kontrakty nie przek\u0142adaj\u0105 si\u0119 od razu na przychody.<\/p>\n<p>Zwolnienia krytykuj\u0105 zwi\u0105zki zawodowe. Centrala zwi\u0105zkowa CNV chce rozm\u00f3w o pakiecie os\u0142onowym, wskazuj\u0105c, \u017ce trudno pogodzi\u0107 ci\u0119cia z planami wzrostu. Zwi\u0105zek De Unie okre\u015bli\u0142 decyzj\u0119 ASML jako \u201egorzk\u0105\u201d, zwracaj\u0105c uwag\u0119, \u017ce firma og\u0142osi\u0142a zwolnienia przy najlepszych w historii wynikach.<\/p>\n<p>ASML odgrywa kluczow\u0105 rol\u0119 w \u0142a\u0144cuchu produkcji p\u00f3\u0142przewodnik\u00f3w &#8211; dostarcza maszyny do litografii, bez kt\u00f3rych najwi\u0119ksi producenci chip\u00f3w (m.in. tajwa\u0144ski TSMC, ameryka\u0144ski Intel czy po\u0142udniowokorea\u0144ski Samsung) nie byliby w stanie wytworzy\u0107 najnowocze\u015bniejszych uk\u0142ad\u00f3w. Popyt na te podzespo\u0142y ro\u015bnie wraz z rozwojem sztucznej inteligencji i centr\u00f3w danych.<\/p>\n<p>Holenderska firma jest najwi\u0119kszym producentem tego typu sprz\u0119tu na \u015bwiecie. ASML jest te\u017c obecnie najwi\u0119ksz\u0105 europejsk\u0105 firm\u0105 pod wzgl\u0119dem kapitalizacji rynkowej<\/p>\n","protected":false},"excerpt":{"rendered":"Holenderska firma technologiczna ASML osi\u0105gn\u0119\u0142a w 2025 r. rekordowe 9,6 mld euro zysku netto przy 32,7 mld euro&hellip;\n","protected":false},"author":2,"featured_media":137143,"comment_status":"","ping_status":"","sticky":false,"template":"","format":"standard","meta":{"footnotes":""},"categories":[16],"tags":[113,112,3370,42,38,40,39,41],"class_list":{"0":"post-232026","1":"post","2":"type-post","3":"status-publish","4":"format-standard","5":"has-post-thumbnail","7":"category-biznes","8":"tag-biznes","9":"tag-business","10":"tag-nowe-technologie","11":"tag-pl","12":"tag-poland","13":"tag-polish","14":"tag-polska","15":"tag-polski"},"share_on_mastodon":{"url":"https:\/\/pubeurope.com\/@pl\/115979354385043671","error":""},"_links":{"self":[{"href":"https:\/\/www.europesays.com\/pl\/wp-json\/wp\/v2\/posts\/232026","targetHints":{"allow":["GET"]}}],"collection":[{"href":"https:\/\/www.europesays.com\/pl\/wp-json\/wp\/v2\/posts"}],"about":[{"href":"https:\/\/www.europesays.com\/pl\/wp-json\/wp\/v2\/types\/post"}],"author":[{"embeddable":true,"href":"https:\/\/www.europesays.com\/pl\/wp-json\/wp\/v2\/users\/2"}],"replies":[{"embeddable":true,"href":"https:\/\/www.europesays.com\/pl\/wp-json\/wp\/v2\/comments?post=232026"}],"version-history":[{"count":0,"href":"https:\/\/www.europesays.com\/pl\/wp-json\/wp\/v2\/posts\/232026\/revisions"}],"wp:featuredmedia":[{"embeddable":true,"href":"https:\/\/www.europesays.com\/pl\/wp-json\/wp\/v2\/media\/137143"}],"wp:attachment":[{"href":"https:\/\/www.europesays.com\/pl\/wp-json\/wp\/v2\/media?parent=232026"}],"wp:term":[{"taxonomy":"category","embeddable":true,"href":"https:\/\/www.europesays.com\/pl\/wp-json\/wp\/v2\/categories?post=232026"},{"taxonomy":"post_tag","embeddable":true,"href":"https:\/\/www.europesays.com\/pl\/wp-json\/wp\/v2\/tags?post=232026"}],"curies":[{"name":"wp","href":"https:\/\/api.w.org\/{rel}","templated":true}]}}