{"id":232031,"date":"2026-01-29T16:37:14","date_gmt":"2026-01-29T16:37:14","guid":{"rendered":"https:\/\/www.europesays.com\/pl\/232031\/"},"modified":"2026-01-29T16:37:14","modified_gmt":"2026-01-29T16:37:14","slug":"australian-open-djokovic-dolaczyl-do-swiatek-granica-zostala-przekroczona","status":"publish","type":"post","link":"https:\/\/www.europesays.com\/pl\/232031\/","title":{"rendered":"Australian Open. Djokovi\u0107 do\u0142\u0105czy\u0142 do \u015awi\u0105tek. Granica zosta\u0142a przekroczona"},"content":{"rendered":"<p class=\"typography ids-typeset-body ids-typeset-body--preset-large link paragraph ids-paragraph ids-paragraph--default\">&#8222;Pytanie brzmi, czy my jeste\u015bmy tenisistkami, czy zwierz\u0119tami w zoo? One s\u0105 obserwowane nawet przy wypr\u00f3\u017cnianiu. By\u0142oby mi\u0142o mie\u0107 nieco prywatno\u015bci. Nie zawsze chce si\u0119 by\u0107 tak uwa\u017cnie obserwowanym&#8221; &#8211; nagle wypali\u0142a podczas spotkania z dziennikarzami. O wywodzie Polki huczy ju\u017c w r\u00f3\u017cnych zak\u0105tkach globu. <a href=\"https:\/\/sport.interia.pl\/tenis\/australian-open\/news-zagotowalo-sie-w-melbourne-afera-na-calego-hiszpanie-reaguja,nId,22544363\" target=\"_blank\" rel=\"nofollow noopener\">Spraw\u0119 opisywali mi\u0119dzy innymi Hiszpanie<\/a>. Milcze\u0107 nie zamierzaj\u0105 tak\u017ce pozostali g\u0142\u00f3wni bohaterowie turnieju. Kr\u00f3tkie stanowisko wyg\u0142osi\u0142a cho\u0107by Amanda Anisimova. Do akcji wkroczy\u0142 tak\u017ce Novak Djokovi\u0107.<\/p>\n<p>Djokovi\u0107 nie wytrzyma\u0142 po wygranym meczu. Pad\u0142 temat s\u0142ynnego filmu z Coco Gauff<\/p>\n<p class=\"typography ids-typeset-body ids-typeset-body--preset-large link paragraph ids-paragraph ids-paragraph--default\">Okazuje si\u0119, \u017ce \u015bwie\u017co upieczony p\u00f3\u0142finalista Australian Open z nasz\u0105 rodaczk\u0105 m\u00f3wi jednym g\u0142osem. Temat nagrania z Coco Gauff tak\u017ce pojawi\u0142 si\u0119 podczas tradycyjnej konferencji prasowej. Legendarny gracz postawi\u0142 na zdecydowanie d\u0142u\u017cszy wyw\u00f3d. &#8222;Wiem, jak to jest by\u0107 sfrustrowanym, szczeg\u00f3lnie po meczu, w kt\u00f3rym grasz poni\u017cej oczekiwa\u0144. I zgadzam si\u0119 z ni\u0105. To naprawd\u0119 smutne, \u017ce nie mo\u017cna si\u0119 nigdzie ruszy\u0107, schowa\u0107 i wy\u0142adowa\u0107 frustracji, gniewu\u2026 w spos\u00f3b, kt\u00f3rego nie uchwyci kamera&#8221; &#8211; rozpocz\u0105\u0142, cytowany przez profil The Tennis Letter w serwisie X.<\/p>\n<p class=\"typography ids-typeset-body ids-typeset-body--preset-large link paragraph ids-paragraph ids-paragraph--default\">Nie by\u0142 to koniec smutnego z perspektywy ka\u017cdego tenisisty wywodu. &#8222;B\u0119dzie tak, jak jest, albo nawet wi\u0119cej kamer. Jestem zaskoczony, \u017ce nie mamy kamer, kiedy bierzemy prysznic. To prawdopodobnie kolejny krok. Jestem temu przeciwny. My\u015bl\u0119, \u017ce powinien istnie\u0107 limit i granica, gdzie to jest nasza przestrze\u0144&#8221; &#8211; doda\u0142. Za wspomniane s\u0142owa Belgradczyk zebra\u0142 wirtualne brawa od kibic\u00f3w. Ci w mediach spo\u0142eczno\u015bciowych g\u0142\u00f3wnie si\u0119 z nim zgadzaj\u0105.<\/p>\n<p class=\"typography ids-typeset-body ids-typeset-body--preset-large link paragraph ids-paragraph ids-paragraph--default\">Na zmiany jednak nie ma co liczy\u0107. Zawodnikom oraz zawodniczkom pozostaje jedynie utrzymanie nerw\u00f3w na wodzy przynajmniej do momentu wej\u015bcia do szatni.<\/p>\n<p>100 dni do XXV Zimowych Igrzysk Olimpijskich Mediolan-Cortina 2026. WIDEOANDREA BERNARDI \/ AFPTV \/ AFPAFP<\/p>\n<p><img decoding=\"async\" class=\"ids-image-holder__img\" loading=\"lazy\" alt=\"Tenisistka ubrana w czarn\u0105 koszulk\u0119 sportow\u0105 z r\u00f3\u017cowymi akcentami oraz r\u00f3\u017cow\u0105 czapk\u0119 trzyma rakiet\u0119 tenisow\u0105 i pi\u0142k\u0119, widoczna na czarnym tle kortu.\" title=\"Iga \u015awi\u0105tek\u00a0\" width=\"5000\" height=\"3333\" src=\"https:\/\/www.europesays.com\/pl\/wp-content\/uploads\/2025\/12\/000LI4HNI1JQ0UC3-C323-F4.webp.webp\"\/><\/p>\n<p>Iga \u015awi\u0105tek\u00a0AFP<\/p>\n<p><img decoding=\"async\" class=\"ids-image-holder__img\" loading=\"lazy\" alt=\"Sportowiec ubrany w jasnoniebiesk\u0105 koszulk\u0119 i bia\u0142\u0105 czapk\u0119 z daszkiem trzyma koszulk\u0119 przy twarzy w wyrazie zm\u0119czenia lub emocji, t\u0142o rozmyte, skupienie na postaci.\" title=\"Novak Djokovi\u0107\" width=\"5516\" height=\"3677\" src=\"https:\/\/www.europesays.com\/pl\/wp-content\/uploads\/2026\/01\/000LJ3S86DDPJIX9-C323-F4.webp.webp\"\/><\/p>\n<p>Novak Djokovi\u0107AL BELLO \/ GETTY IMAGES NORTH AMERICA \/ Getty Images via AFPAFP<\/p>\n<p><img decoding=\"async\" class=\"ids-image-holder__img\" loading=\"lazy\" alt=\"Novak Djokovi\u0107\" title=\"Novak Djokovi\u0107\" width=\"5000\" height=\"3333\" src=\"https:\/\/www.europesays.com\/pl\/wp-content\/uploads\/2026\/01\/000KIU2NN282LS6J-C323-F4.webp.webp\"\/><\/p>\n<p>Novak Djokovi\u0107MARTIN KEEP \/ AFPAFP<\/p>\n<p><a class=\"ids-undecorated-link source ids-page-info--source__link\" href=\"https:\/\/www.interia.pl\" rel=\"nofollow noopener\" target=\"_blank\"><img decoding=\"async\" class=\"ids-image-holder__img\" loading=\"lazy\" alt=\"\" title=\"\" height=\"24px\" src=\"https:\/\/www.europesays.com\/pl\/wp-content\/uploads\/2026\/01\/1769679611_40_0009A60QQ5I2TYF7-C202-F4.webp.webp\"\/><\/a><\/p>\n<p>Masz sugestie, uwagi albo widzisz b\u0142\u0105d? Napisz do nas<\/p>\n","protected":false},"excerpt":{"rendered":"&#8222;Pytanie brzmi, czy my jeste\u015bmy tenisistkami, czy zwierz\u0119tami w zoo? One s\u0105 obserwowane nawet przy wypr\u00f3\u017cnianiu. By\u0142oby mi\u0142o&hellip;\n","protected":false},"author":2,"featured_media":232032,"comment_status":"","ping_status":"","sticky":false,"template":"","format":"standard","meta":{"footnotes":""},"categories":[24],"tags":[42,38,40,39,41,127,126],"class_list":{"0":"post-232031","1":"post","2":"type-post","3":"status-publish","4":"format-standard","5":"has-post-thumbnail","7":"category-sport","8":"tag-pl","9":"tag-poland","10":"tag-polish","11":"tag-polska","12":"tag-polski","13":"tag-sport","14":"tag-sports"},"share_on_mastodon":{"url":"https:\/\/pubeurope.com\/@pl\/115979370233847885","error":""},"_links":{"self":[{"href":"https:\/\/www.europesays.com\/pl\/wp-json\/wp\/v2\/posts\/232031","targetHints":{"allow":["GET"]}}],"collection":[{"href":"https:\/\/www.europesays.com\/pl\/wp-json\/wp\/v2\/posts"}],"about":[{"href":"https:\/\/www.europesays.com\/pl\/wp-json\/wp\/v2\/types\/post"}],"author":[{"embeddable":true,"href":"https:\/\/www.europesays.com\/pl\/wp-json\/wp\/v2\/users\/2"}],"replies":[{"embeddable":true,"href":"https:\/\/www.europesays.com\/pl\/wp-json\/wp\/v2\/comments?post=232031"}],"version-history":[{"count":0,"href":"https:\/\/www.europesays.com\/pl\/wp-json\/wp\/v2\/posts\/232031\/revisions"}],"wp:featuredmedia":[{"embeddable":true,"href":"https:\/\/www.europesays.com\/pl\/wp-json\/wp\/v2\/media\/232032"}],"wp:attachment":[{"href":"https:\/\/www.europesays.com\/pl\/wp-json\/wp\/v2\/media?parent=232031"}],"wp:term":[{"taxonomy":"category","embeddable":true,"href":"https:\/\/www.europesays.com\/pl\/wp-json\/wp\/v2\/categories?post=232031"},{"taxonomy":"post_tag","embeddable":true,"href":"https:\/\/www.europesays.com\/pl\/wp-json\/wp\/v2\/tags?post=232031"}],"curies":[{"name":"wp","href":"https:\/\/api.w.org\/{rel}","templated":true}]}}