{"id":232039,"date":"2026-01-29T16:44:06","date_gmt":"2026-01-29T16:44:06","guid":{"rendered":"https:\/\/www.europesays.com\/pl\/232039\/"},"modified":"2026-01-29T16:44:06","modified_gmt":"2026-01-29T16:44:06","slug":"czwarty-dzien-testow-f1-w-barcelonie-relacja-live-powrot-roberta-kubicy-do-f1","status":"publish","type":"post","link":"https:\/\/www.europesays.com\/pl\/232039\/","title":{"rendered":"Czwarty dzie\u0144 test\u00f3w F1 w Barcelonie [Relacja live] &#8211; Powr\u00f3t Roberta Kubicy do F1"},"content":{"rendered":"<ol>\n<li><a href=\"https:\/\/news.google.com\/rss\/articles\/CBMikAFBVV95cUxNUjlVRjFqeVEzem92eXNXNmxBRVFvbnFyeG5pOEh5Y0VkR2FUQmlYSXRUWEdHbVdsVldMRWV4MlpLd0ptakdTSGZWNHRWYktZdlRYUjRMamY3UHBPbWM0emNyMTJwMkRNRGczcGRKSlU5ZmtNZHRlMEJpUzI5NGowOGRDeUczZ0tfeWFrdVRZbTI?oc=5\" target=\"_blank\" rel=\"nofollow noopener\">Czwarty dzie\u0144 test\u00f3w F1 w Barcelonie [Relacja live]<\/a>&nbsp;&nbsp;Powr\u00f3t Roberta Kubicy do F1<\/li>\n<li><a href=\"https:\/\/news.google.com\/rss\/articles\/CBMisAFBVV95cUxNazlHdjA3b1N2UzBjX2VTYnZlY2RhNVZfTVROd2NQbHA4MDRiQUhaTzJvTG5MUU9aS3p6ZFNMelRyNHZjNFZjU1hTWDNYa3hybnBENm5XaXQ0RWFKblZ3NnVzY1pOMXVDcFVsOVdXUVFIVXEtUGFRUU13dDFqZnRkaDl1WHhpVkdsUGZJUzdJYVpaVDlYMFFpZG1nanc1U3JIUzJld05OQTdvNEk3VUF6eg?oc=5\" target=\"_blank\" rel=\"nofollow noopener\">Mercedes na czele test\u00f3w F1. Mistrz \u015bwiata w ko\u0144cu wyjecha\u0142 na tor<\/a>&nbsp;&nbsp;SportoweFakty<\/li>\n<li><a href=\"https:\/\/news.google.com\/rss\/articles\/CBMidkFVX3lxTE0xVVdDVy1KT0ZocnRKVnF5c2xFZVY2UkYtOFlVc1pPYVY4S1VOU1BIQV9Vd2dFVHhaSzk5cmFDcU4wZ2d3Rko1TG1rbHdMYmN1ZVFsejMxQlVYRWF5YlRvS2FhMnlYaDRRdTJneFd0bUV6YUQtUEE?oc=5\" target=\"_blank\" rel=\"nofollow noopener\">F1. Norris: To niewiarygodne<\/a>&nbsp;&nbsp;Motorsport.com<\/li>\n<li><a href=\"https:\/\/news.google.com\/rss\/articles\/CBMidkFVX3lxTFAtamNPclYxTGNQYTlINTN6NFdzZkgwVmZITEFXQzJoQTNkb2xrYmdoVnNyV0VKM1BEMHN0U2h3NjFOMzZBU0FnQTRnV0ZpeG1VQTYybWpaX2EwbWFNQW1RZ1pzcWtSZTkzbHFWdXFibnpjVnU0TGc?oc=5\" target=\"_blank\" rel=\"nofollow noopener\">2026 Formula One Barcelona Shakedown \u2013 dzie\u0144 3<\/a>&nbsp;&nbsp;Francuskie.pl<\/li>\n<li><a href=\"https:\/\/news.google.com\/rss\/articles\/CBMitgFBVV95cUxQV0g4LWc4TjRIUUpMcGI1VHY0Rk81SXByLTRwUWMtSUtyZXVHRDFQOTFBMEcwZTF5UWxZY0xCQ2k1bFdkeTNzZ3hORjFJM2wwbF91MVJfZzhMakszLUtLSHNVWmF2NkMzeW1pV1Z1NzFpLXpSVlJtYmQtMXYzbkxEeFhvY2JFQWpVaVdLNER4cmQzTmkzQ1JzdXVsZTZmT2QwTnFpLWJZYzdVQzhpN2oteEhEN1hRUQ?oc=5\" target=\"_blank\" rel=\"nofollow noopener\">Mistrz \u015bwiata przetestowa\u0142 nowy bolid McLarena F1. Lando Norris wskazuje na wyra\u017ane r\u00f3\u017cnice<\/a>&nbsp;&nbsp;Gram.pl<\/li>\n<\/ol>\n","protected":false},"excerpt":{"rendered":"Czwarty dzie\u0144 test\u00f3w F1 w Barcelonie [Relacja live]&nbsp;&nbsp;Powr\u00f3t Roberta Kubicy do F1 Mercedes na czele test\u00f3w F1. Mistrz&hellip;\n","protected":false},"author":2,"featured_media":232040,"comment_status":"","ping_status":"","sticky":false,"template":"","format":"standard","meta":{"footnotes":""},"categories":[24],"tags":[42,38,40,39,41,127,126],"class_list":{"0":"post-232039","1":"post","2":"type-post","3":"status-publish","4":"format-standard","5":"has-post-thumbnail","7":"category-sport","8":"tag-pl","9":"tag-poland","10":"tag-polish","11":"tag-polska","12":"tag-polski","13":"tag-sport","14":"tag-sports"},"share_on_mastodon":{"url":"https:\/\/pubeurope.com\/@pl\/115979397642522517","error":""},"_links":{"self":[{"href":"https:\/\/www.europesays.com\/pl\/wp-json\/wp\/v2\/posts\/232039","targetHints":{"allow":["GET"]}}],"collection":[{"href":"https:\/\/www.europesays.com\/pl\/wp-json\/wp\/v2\/posts"}],"about":[{"href":"https:\/\/www.europesays.com\/pl\/wp-json\/wp\/v2\/types\/post"}],"author":[{"embeddable":true,"href":"https:\/\/www.europesays.com\/pl\/wp-json\/wp\/v2\/users\/2"}],"replies":[{"embeddable":true,"href":"https:\/\/www.europesays.com\/pl\/wp-json\/wp\/v2\/comments?post=232039"}],"version-history":[{"count":0,"href":"https:\/\/www.europesays.com\/pl\/wp-json\/wp\/v2\/posts\/232039\/revisions"}],"wp:featuredmedia":[{"embeddable":true,"href":"https:\/\/www.europesays.com\/pl\/wp-json\/wp\/v2\/media\/232040"}],"wp:attachment":[{"href":"https:\/\/www.europesays.com\/pl\/wp-json\/wp\/v2\/media?parent=232039"}],"wp:term":[{"taxonomy":"category","embeddable":true,"href":"https:\/\/www.europesays.com\/pl\/wp-json\/wp\/v2\/categories?post=232039"},{"taxonomy":"post_tag","embeddable":true,"href":"https:\/\/www.europesays.com\/pl\/wp-json\/wp\/v2\/tags?post=232039"}],"curies":[{"name":"wp","href":"https:\/\/api.w.org\/{rel}","templated":true}]}}