{"id":232056,"date":"2026-01-29T16:56:07","date_gmt":"2026-01-29T16:56:07","guid":{"rendered":"https:\/\/www.europesays.com\/pl\/232056\/"},"modified":"2026-01-29T16:56:07","modified_gmt":"2026-01-29T16:56:07","slug":"zmarl-roman-gawlowski-zalozyciel-instal-projekt-zmarl-po-upadku-na-lodzie","status":"publish","type":"post","link":"https:\/\/www.europesays.com\/pl\/232056\/","title":{"rendered":"Zmar\u0142 Roman Gaw\u0142owski. Za\u0142o\u017cyciel Instal Projekt zmar\u0142 po upadku na lodzie"},"content":{"rendered":"<p data-section=\"detail-body\">Jak podaje serwis Dzie\u0144 Dobry W\u0142oc\u0142awek, kt\u00f3ry poinformowa\u0142 o \u015bmierci Romana Gaw\u0142owskiego, m\u0119\u017cczyzna zmar\u0142 w wyniku urazu, kt\u00f3rego dozna\u0142 kilka dni wcze\u015bniej po upadku na lodzie na terenie swojej posesji w Michelinie. Mimo udzielonej pomocy nie uda\u0142o si\u0119 go uratowa\u0107.<\/p>\n<p class=\"article_p\" data-section=\"detail-body\">Roman Gaw\u0142owski w 1979 r. za\u0142o\u017cy\u0142 Zak\u0142ad Instalacji Sanitarnych Projektowanie i Wykonawstwo, specjalizuj\u0105cy si\u0119 w us\u0142ugach zwi\u0105zanych z bran\u017c\u0105 grzewcz\u0105. W 1983 r. firma, kt\u00f3r\u0105 do dzi\u015b zarz\u0105dza rodzina, zmieni\u0142a nazw\u0119 na Instal Projekt. Jak podaje serwis Dzie\u0144 Dobry W\u0142oc\u0142awek, sp\u00f3\u0142ka podkre\u015bla, \u017ce Roman Gaw\u0142owski &#8222;by\u0142 cz\u0142owiekiem, kt\u00f3ry wierzy\u0142, \u017ce najlepsze efekty osi\u0105ga si\u0119 dzi\u0119ki systematycznej i rzetelnej pracy&#8221;.<\/p>\n<p class=\"article_p\" data-section=\"detail-body\">&#8222;Mawia\u0142, \u017ce trzeba dzia\u0142a\u0107 wytrwale \u2014 \u00bbpo in\u017cyniersku\u00ab&#8221; \u2014 podaje serwis.<\/p>\n<p class=\"article_p\" data-section=\"detail-body\">Czytaj r\u00f3wnie\u017c: <a href=\"https:\/\/businessinsider.com.pl\/biznes\/tajemnicza-smierc-rosyjskiego-biznesmena-zaginal-kilka-dni-wczesniej\/qgj45tc\" id=\"bab5b08c-f9d3-453e-a8ad-2dc0ec66a050\" rel=\"nofollow noopener\" target=\"_blank\">Cia\u0142o zaginionego biznesmena z Rosji znalezione na Cyprze. Jest teoria na temat \u015bmierci <\/a><\/p>\n<p>            Czytaj tak\u017ce w BUSINESS INSIDER<\/p>\n<p class=\"article_p\" data-section=\"detail-body\">Roman Gaw\u0142owski by\u0142 tak\u017ce my\u015bliwym nale\u017c\u0105cym do Polskiego Zwi\u0105zku \u0141owieckiego, a tak\u017ce wieloletnim cz\u0142onkiem Aeroklubu W\u0142oc\u0142awskiego, kt\u00f3ry po\u017cegna\u0142 go w swoich mediach spo\u0142eczno\u015bciowych.<\/p>\n<p class=\"article_p\" data-section=\"detail-body\">&#8222;Wspania\u0142y cz\u0142owiek i kolega, bardzo oddany swojej pasji. By\u0142 osob\u0105 bardzo ciep\u0142\u0105, spokojn\u0105 mi\u0142\u0105 u\u015bmiechni\u0119t\u0105 i uczynn\u0105. To naprawd\u0119 wielka strata&#8221; \u2014 m\u00f3wi o zmar\u0142ym Adam Rejmak, \u0141owczy Okr\u0119gowy we W\u0142oc\u0142awku.<\/p>\n<p class=\"article_p\" data-section=\"detail-body\">&#8222;Z g\u0142\u0119bokim \u017calem i smutkiem przyj\u0119li\u015bmy wiadomo\u015b\u0107 o \u015bmierci naszego wieloletniego cz\u0142onka oraz partnera Aeroklubu W\u0142oc\u0142awskiego. Pozostanie zawsze w naszej pami\u0119ci&#8221; \u2014 napisali na Facebooku jego cz\u0142onkowie.<\/p>\n<p class=\"article_p\" data-section=\"detail-body\">Eodzina opublikowa\u0142a nekrolog, w kt\u00f3rym poinformowa\u0142a o pogrzebie, kt\u00f3ry odb\u0119dzie si\u0119 w sobot\u0119, 31 stycznia 2026 r. Msza \u015bwi\u0119ta pogrzebowa zostanie odprawiona o godzinie 12 w parafii \u015awi\u0119tego Ducha we W\u0142oc\u0142awku przy ul. Ko\u015bcielnej w Michelinie. Godzin\u0119 p\u00f3\u017aniej kondukt \u017ca\u0142obny uda si\u0119 na Cmentarz Parafialny NMP Kr\u00f3lowej Polski w Kruszynie.<\/p>\n","protected":false},"excerpt":{"rendered":"Jak podaje serwis Dzie\u0144 Dobry W\u0142oc\u0142awek, kt\u00f3ry poinformowa\u0142 o \u015bmierci Romana Gaw\u0142owskiego, m\u0119\u017cczyzna zmar\u0142 w wyniku urazu, kt\u00f3rego&hellip;\n","protected":false},"author":2,"featured_media":232057,"comment_status":"","ping_status":"","sticky":false,"template":"","format":"standard","meta":{"footnotes":""},"categories":[12],"tags":[32,33,36,37,27,34,35,28,31,25,42,38,40,39,41,29,30,26],"class_list":{"0":"post-232056","1":"post","2":"type-post","3":"status-publish","4":"format-standard","5":"has-post-thumbnail","7":"category-polska","8":"tag-breaking-news","9":"tag-breakingnews","10":"tag-featured-news","11":"tag-featurednews","12":"tag-headlines","13":"tag-latest-news","14":"tag-latestnews","15":"tag-naglowki","16":"tag-najwazniejsze-artykuly","17":"tag-news","18":"tag-pl","19":"tag-poland","20":"tag-polish","21":"tag-polska","22":"tag-polski","23":"tag-top-stories","24":"tag-topstories","25":"tag-wiadomosci"},"share_on_mastodon":{"url":"https:\/\/pubeurope.com\/@pl\/115979444951455522","error":""},"_links":{"self":[{"href":"https:\/\/www.europesays.com\/pl\/wp-json\/wp\/v2\/posts\/232056","targetHints":{"allow":["GET"]}}],"collection":[{"href":"https:\/\/www.europesays.com\/pl\/wp-json\/wp\/v2\/posts"}],"about":[{"href":"https:\/\/www.europesays.com\/pl\/wp-json\/wp\/v2\/types\/post"}],"author":[{"embeddable":true,"href":"https:\/\/www.europesays.com\/pl\/wp-json\/wp\/v2\/users\/2"}],"replies":[{"embeddable":true,"href":"https:\/\/www.europesays.com\/pl\/wp-json\/wp\/v2\/comments?post=232056"}],"version-history":[{"count":0,"href":"https:\/\/www.europesays.com\/pl\/wp-json\/wp\/v2\/posts\/232056\/revisions"}],"wp:featuredmedia":[{"embeddable":true,"href":"https:\/\/www.europesays.com\/pl\/wp-json\/wp\/v2\/media\/232057"}],"wp:attachment":[{"href":"https:\/\/www.europesays.com\/pl\/wp-json\/wp\/v2\/media?parent=232056"}],"wp:term":[{"taxonomy":"category","embeddable":true,"href":"https:\/\/www.europesays.com\/pl\/wp-json\/wp\/v2\/categories?post=232056"},{"taxonomy":"post_tag","embeddable":true,"href":"https:\/\/www.europesays.com\/pl\/wp-json\/wp\/v2\/tags?post=232056"}],"curies":[{"name":"wp","href":"https:\/\/api.w.org\/{rel}","templated":true}]}}