{"id":232078,"date":"2026-01-29T17:10:10","date_gmt":"2026-01-29T17:10:10","guid":{"rendered":"https:\/\/www.europesays.com\/pl\/232078\/"},"modified":"2026-01-29T17:10:10","modified_gmt":"2026-01-29T17:10:10","slug":"co-sie-stalo-przy-zbiorce-cieplo-z-polski-dla-kijowa-polska-byla-wzorem-az-zaczeto-to-psuc","status":"publish","type":"post","link":"https:\/\/www.europesays.com\/pl\/232078\/","title":{"rendered":"Co si\u0119 sta\u0142o przy zbi\u00f3rce &#8222;Ciep\u0142o z Polski dla Kijowa&#8221;? Polska by\u0142a wzorem, a\u017c zacz\u0119to to psu\u0107"},"content":{"rendered":"\n<p>W polskim internecie zacz\u0119\u0142y kr\u0105\u017cy\u0107 <a href=\"https:\/\/wiadomosci.wp.pl\/reakcja-przerosla-wyobrazenia-trwa-wielka-zbiorka-na-generatory-dla-ukrainy-7244779336939712a\" rel=\"noopener noreferrer nofollow\" target=\"_blank\">wpisy sugeruj\u0105ce, \u017ce przekazane Ukrainie generatory pr\u0105du s\u0105 rzekomo odsprzedawane na lokalnych portalach og\u0142oszeniowych<\/a>. Organizatorzy i\u00a0darczy\u0144cy musz\u0105 mierzy\u0107 si\u0119 z\u00a0dezinformacj\u0105, cho\u0107 sama akcja pozostaje jedn\u0105 z\u00a0najwi\u0119kszych oddolnych zbi\u00f3rek pomocowych ostatnich miesi\u0119cy.<\/p>\n<p>Fundacja Stand with Ukraine zaprzecza, by generatory przekazane w\u00a0ramach akcji pomocowej trafia\u0142y na portale sprzeda\u017cowe w\u00a0Ukrainie. &#8211;\u00a0Widoczny na zdj\u0119ciach sprz\u0119t to nie s\u0105 nasze generatory. Zdj\u0119cie rzekomej oferty sprzeda\u017cy pojawi\u0142o si\u0119 w\u00a0internecie jeszcze zanim sprz\u0119t zosta\u0142 w\u00a0og\u00f3le przekazany do Ukrainy. To nieprawda &#8211;\u00a0m\u00f3wi Wirtualnej Polsce Natalia Panczenko, za\u0142o\u017cycielka i\u00a0prezeska fundacji.<\/p>\n<p><a class=\"wp-video-title-link\" href=\"https:\/\/turystyka.wp.pl\/lody-w-bulce-i-cycki-sw-agaty-turysci-nie-moga-sie-oprzec-7245841077142081v\" rel=\"nofollow noopener\" target=\"_blank\">Lody w\u00a0bu\u0142ce i\u00a0cycki \u015bw. Agaty. Tury\u015bci nie mog\u0105 si\u0119 oprze\u0107 <\/a>  <\/p>\n<p>&#8211; Szczerze m\u00f3wi\u0105c, spodziewa\u0142am si\u0119, \u017ce dojdzie do takiej pr\u00f3by podwa\u017cenia akcji, ale nie s\u0105dzi\u0142am, \u017ce b\u0119dzie a\u017c tak prymitywna. Wykorzystano zdj\u0119cia u\u017cywanych agregat\u00f3w, pr\u00f3buj\u0105c przekona\u0107 ludzi, \u017ce to sprz\u0119t z\u00a0naszej zbi\u00f3rki &#8211;\u00a0dodaje. <\/p>\n<p> <img role=\"presentation\" class=\"absolute left-1\/2 top-1\/2 max-h-[80%] max-w-[100px] -translate-x-1\/2 -translate-y-1\/2\" src=\"https:\/\/v.wpimg.pl\/ZXJfd3AudTkrBBIAbg54LGhcRlAxHQUrPgJGH2MAeGJoSQ1eIBI_K2UHAEVuBTY5KQMMXC0RPyoVERQdMgM9ejc\" loading=\"lazy\" decoding=\"async\"\/> <a href=\"https:\/\/www.money.pl\/gospodarka\/wielka-akcja-w-polsce-generatory-jada-do-ukrainy-7246505252776128a.html\" class=\"teaser-inline\" rel=\"nofollow noopener\" target=\"_blank\">  <img decoding=\"async\" src=\"https:\/\/www.europesays.com\/pl\/wp-content\/uploads\/2026\/01\/ZGE5ZDhidSYkVyx3RxJ4M2cPeC0BS3ZlMBdgZkdYaH91TXUiAQU_NSBFNWoPGy83JEIqahgFdSY1XHUyWUY-LjZFNiURRj8qJ1A-.jpeg\" width=\"0\" height=\"0\" loading=\"lazy\" class=\"wp-media-image cropped\" alt=\"Miliony na koncie. Wielka akcja w Polsce. Generatory jad\u0105 do Ukrainy\"\/><\/p>\n<p>Miliony na koncie. Wielka akcja w Polsce. Generatory jad\u0105 do Ukrainy<\/p>\n<p><\/a><\/p>\n<p>Rosyjska propaganda a polsko-ukrai\u0144skie inicjatywy<\/p>\n<p>Jak podkre\u015bla Panczenko, podobny schemat pojawia si\u0119 przy wi\u0119kszo\u015bci du\u017cych polsko-ukrai\u0144skich inicjatyw.<\/p>\n<blockquote><p>&#8211;\u00a0Nie przypominam sobie \u017cadnego wi\u0119kszego wydarzenia \u0142\u0105cz\u0105cego Polsk\u0119 i\u00a0Ukrain\u0119, na kt\u00f3re rosyjska propaganda by nie zareagowa\u0142a. Niewa\u017cne, czy to koncert, konferencja, czy akcja pomocowa,\u00a0natychmiast pojawiaj\u0105 si\u0119 gotowe narracje i\u00a0ludzie, kt\u00f3rzy si\u0119 nimi pos\u0142uguj\u0105 &#8211;\u00a0m\u00f3wi.<\/p><\/blockquote>\n<p>Panczenko zwraca te\u017c uwag\u0119 na reakcj\u0119 odbiorc\u00f3w w\u00a0Polsce. &#8211;\u00a0Jestem za to dumna z\u00a0postawy polskiego spo\u0142ecze\u0144stwa. Wiele os\u00f3b od razu rozpozna\u0142o, \u017ce to kampania dezinformacyjna z\u00a0udzia\u0142em trolli i\u00a0bot\u00f3w &#8211;\u00a0podkre\u015bla. <\/p>\n<p> <img role=\"presentation\" class=\"absolute left-1\/2 top-1\/2 max-h-[80%] max-w-[100px] -translate-x-1\/2 -translate-y-1\/2\" src=\"https:\/\/v.wpimg.pl\/ZXJfd3AudTkrBBIAbg54LGhcRlAxHQUrPgJGH2MAeGJoSQ1eIBI_K2UHAEVuBTY5KQMMXC0RPyoVERQdMgM9ejc\" loading=\"lazy\" decoding=\"async\"\/> <\/p>\n<blockquote><p>&#8211;\u00a0Mimo fali hejtu i\u00a0fa\u0142szywych tre\u015bci, zbi\u00f3rka trwa i\u00a0pojawiaj\u0105 si\u0119 kolejne wp\u0142aty. To pokazuje, \u017ce spo\u0142ecze\u0144stwo staje si\u0119 coraz bardziej odporne na rosyjsk\u0105 propagand\u0119 i\u00a0potrafi j\u0105 rozpozna\u0107 &#8211;\u00a0podsumowuje nasza rozm\u00f3wczyni.<\/p><\/blockquote>\n<p>R\u00f3wnie\u017c Ministerstwo Spraw Wewn\u0119trznych i\u00a0Administracji, kt\u00f3re przekazuje do Ukrainy generatory i\u00a0nagrzewnice z\u00a0zasob\u00f3w Rz\u0105dowej Agencji Rezerw Strategicznych, zaprzeczy\u0142o, jakoby sprz\u0119t z\u00a0Polski trafi\u0142 na sprzeda\u017c.<\/p>\n<p>Przypomnijmy, \u017ce <a href=\"https:\/\/wiadomosci.wp.pl\/polska-zwiekszy-dostawy-gazu-do-ukrainy-jest-porozumienie-kijow-warszawa-7247965058545952a\" rel=\"noopener noreferrer nofollow\" target=\"_blank\">Rosja od tygodni atakuje ukrai\u0144skie elektrownie oraz ciep\u0142ownie, aby wywo\u0142a\u0107 kryzys humanitarny w\u00a0Ukrainie<\/a>.\u00a0Postawieni w\u00a0rozpaczliwej sytuacji Ukrai\u0144cy mieliby zaprzesta\u0107 obrony i\u00a0zgodzi\u0107 si\u0119 na warunki Kremla.<\/p>\n<p> <a href=\"https:\/\/wiadomosci.wp.pl\/rosja-gasi-swiatlo-w-ukrainie-nie-kryja-ze-obrona-jest-w-kryzysie-7243745287669888a\" class=\"teaser-inline\" rel=\"nofollow noopener\" target=\"_blank\">  <img decoding=\"async\" src=\"https:\/\/www.europesays.com\/pl\/wp-content\/uploads\/2026\/01\/YWE1ZTVhdjYkUyxneRN7I2cLeD0_SnV1MBNgdnlZa291SXUyPwQ8JSBBNXoxGiwnJEYqeiYEdjY1WHUiZ0c9PjZBNjUvRzw6J1Q-.jpeg\" width=\"0\" height=\"0\" loading=\"lazy\" class=\"wp-media-image cropped\" alt=\"Rosja gasi \u015bwiat\u0142o w Ukrainie. Nie kryj\u0105, \u017ce obrona jest w kryzysie\"\/><\/p>\n<p>Rosja gasi \u015bwiat\u0142o w Ukrainie. Nie kryj\u0105, \u017ce obrona jest w kryzysie<\/p>\n<p><\/a> <img role=\"presentation\" class=\"absolute left-1\/2 top-1\/2 max-h-[80%] max-w-[100px] -translate-x-1\/2 -translate-y-1\/2\" src=\"https:\/\/v.wpimg.pl\/ZXJfd3AudTkrBBIAbg54LGhcRlAxHQUrPgJGH2MAeGJoSQ1eIBI_K2UHAEVuBTY5KQMMXC0RPyoVERQdMgM9ejc\" loading=\"lazy\" decoding=\"async\"\/><\/p>\n<p>Rosja nie musia\u0142a nawet pomaga\u0107<\/p>\n<p>Eksperci zajmuj\u0105cy si\u0119 wojn\u0105 informacyjn\u0105 zwracaj\u0105 uwag\u0119, \u017ce podobny schemat powtarza si\u0119 przy kolejnych inicjatywach wsparcia dla Ukrainy &#8211;\u00a0najpierw mobilizacja i\u00a0sukces, potem pr\u00f3by podwa\u017cania wiarygodno\u015bci dzia\u0142a\u0144 i\u00a0sianie w\u0105tpliwo\u015bci.<\/p>\n<p>&#8211; To nie jest tak, \u017ce akcja zosta\u0142a zaatakowana dlatego, \u017ce komu\u015b szczeg\u00f3lnie przeszkadza\u0142a. Rosja nie musi ju\u017c dzi\u015b wskazywa\u0107 celu ani inspirowa\u0107 konkretnych dzia\u0142a\u0144. Trend antyukrai\u0144ski zosta\u0142 wcze\u015bniej zaszczepiony w\u00a0polskim spo\u0142ecze\u0144stwie i\u00a0ju\u017c na tyle si\u0119 zakorzeni\u0142, \u017ce podobne ataki uruchamiaj\u0105 si\u0119 niejako samoczynnie &#8211; komentuje dla Wirtualnej Polski dr Micha\u0142 Marek z\u00a0Centrum Bada\u0144 nad Wsp\u00f3\u0142czesnym \u015arodowiskiem Bezpiecze\u0144stwa, autor monografii &#8222;Wojna informacyjna Federacji Rosyjskiej przeciwko Ukrainie, Polsce i\u00a0NATO&#8221;.<\/p>\n<p> <img role=\"presentation\" class=\"absolute left-1\/2 top-1\/2 max-h-[80%] max-w-[100px] -translate-x-1\/2 -translate-y-1\/2\" src=\"https:\/\/v.wpimg.pl\/ZXJfd3AudTkrBBIAbg54LGhcRlAxHQUrPgJGH2MAeGJoSQ1eIBI_K2UHAEVuBTY5KQMMXC0RPyoVERQdMgM9ejc\" loading=\"lazy\" decoding=\"async\"\/> <\/p>\n<p>Ekspert od lat analizuje <a href=\"https:\/\/wiadomosci.wp.pl\/propaganda-kontra-rzeczywistosc-jak-rosjanie-produkuja-drony-7172616767658880a\" rel=\"noopener noreferrer nofollow\" target=\"_blank\">mechanizmy rosyjskiej propagandy<\/a> &#8211;\u00a0od tworzenia fa\u0142szywych zdj\u0119\u0107 i\u00a0dokument\u00f3w po ich masowe rozpowszechnianie w\u00a0sieci w\u00a0celu podwa\u017cania wiarygodno\u015bci Ukrainy i\u00a0os\u0142abiania poparcia dla dzia\u0142a\u0144 pomocowych. Jak podkre\u015bla, operacje te nie zawsze musz\u0105 by\u0107 szeroko zakrojone. Wystarczy seria powielanych tre\u015bci, kt\u00f3re trafiaj\u0105 na podatny grunt w\u00a0mediach spo\u0142eczno\u015bciowych.<\/p>\n<p>&#8211; Pewnym sukcesem strony rosyjskiej jest to, \u017ce uda\u0142o si\u0119 zakorzeni\u0107 okre\u015blony trend. Niestety, jest on dzi\u015b wykorzystywany ju\u017c przez ludzi, kt\u00f3rzy dzia\u0142aj\u0105 na szkod\u0119 w\u0142asnego spo\u0142ecze\u0144stwa. W\u00a0wyj\u0105tkowo perfidny spos\u00f3b wykorzystano tu pozytywne zjawisko, czyli wsparcie Polak\u00f3w, do dzia\u0142a\u0144 o\u00a0czysto negatywnym charakterze &#8211;\u00a0tak komentuje pojawienie si\u0119 fa\u0142szywych doniesie\u0144.<\/p>\n<p>&#8211; To wpisuje si\u0119 w\u00a0realizacj\u0119 cel\u00f3w Kremla, ale w\u00a0tym przypadku impuls wyszed\u0142 przede wszystkim od naszych w\u0142asnych u\u017cytkownik\u00f3w sieci. Cz\u0119\u015b\u0107 \u015brodowisk: polityk\u00f3w, influencer\u00f3w, aktywist\u00f3w i\u00a0komentator\u00f3w wyczu\u0142a, \u017ce mo\u017cna na tym budowa\u0107 zasi\u0119gi i\u00a0popularno\u015b\u0107, a\u00a0nawet na tym zarabia\u0107. I\u00a0niestety nadal to wykorzystuje &#8211;\u00a0podsumowuje dr Marek.<\/p>\n<p> <img role=\"presentation\" class=\"absolute left-1\/2 top-1\/2 max-h-[80%] max-w-[100px] -translate-x-1\/2 -translate-y-1\/2\" src=\"https:\/\/v.wpimg.pl\/ZXJfd3AudTkrBBIAbg54LGhcRlAxHQUrPgJGH2MAeGJoSQ1eIBI_K2UHAEVuBTY5KQMMXC0RPyoVERQdMgM9ejc\" loading=\"lazy\" decoding=\"async\"\/> <a href=\"https:\/\/wiadomosci.wp.pl\/kijow-bez-pradu-wody-i-ciepla-trzeba-sobie-dobrze-zaplanowac-prysznic-pranie-i-gotowanie-7246592866445504a\" class=\"teaser-inline\" rel=\"nofollow noopener\" target=\"_blank\">  <img decoding=\"async\" src=\"https:\/\/www.europesays.com\/pl\/wp-content\/uploads\/2026\/01\/OTQ1OTk5YDUwUzlnRE5tIHMLbT0CF2N2JBN1dkQEfWxhSWAyAlkqJjRBIHoMRzokMEY_ehtZYDUhWGAiWhorPSJBIzUSGio5M1Qr.jpeg\" width=\"0\" height=\"0\" loading=\"lazy\" class=\"wp-media-image cropped\" alt=\"Kij\u00f3w bez pr\u0105du, wody i ciep\u0142a. &quot;Trzeba sobie dobrze zaplanowa\u0107 prysznic, pranie i gotowanie&quot;\"\/><\/p>\n<p>Kij\u00f3w bez pr\u0105du, wody i ciep\u0142a. &#8222;Trzeba sobie dobrze zaplanowa\u0107 prysznic, pranie i gotowanie&#8221;<\/p>\n<p><\/a><\/p>\n<p>Polacy wzorem dla reszty \u015bwiata<\/p>\n<p>Zbi\u00f3rka <a href=\"https:\/\/www.money.pl\/gospodarka\/terror-energetyczny-putina-w-ukrainie-pomoc-moze-nadejsc-z-polski-7245458170923200a.html\" rel=\"noopener noreferrer nofollow\" target=\"_blank\">&#8222;Ciep\u0142o z\u00a0Polski dla Kijowa&#8221;<\/a> rozpocz\u0119\u0142a si\u0119 16 stycznia. Panczenko pocz\u0105tkowo zak\u0142ada\u0142a, \u017ce uda si\u0119 zebra\u0107 pieni\u0105dze na zakup 50-100 agregat\u00f3w pr\u0105dotw\u00f3rczych. Odzew zaskoczy\u0142 organizator\u00f3w, gdy ju\u017c po kilku dniach na koncie znalaz\u0142o si\u0119 3\u00a0mln z\u0142 wp\u0142acane drobnymi przelewami.<\/p>\n<p>18 stycznia minister spraw zagranicznych Ukrainy Andrij Sybiha napisa\u0142, \u017ce dzi\u0119kuje Polakom. &#8222;To pokaz prawdziwej solidarno\u015bci, cz\u0142owiecze\u0144stwa i\u00a0szczerego wsparcia w\u00a0czasie, gdy ciep\u0142o i\u00a0\u015bwiat\u0142o oznacza bezpiecze\u0144stwo i\u00a0\u017cycie&#8221; &#8211;\u00a0napisa\u0142 na Facebooku. Poinformowa\u0142 te\u017c, \u017ce stawia polsk\u0105 zbi\u00f3rk\u0119 za wz\u00f3r do na\u015bladowania i\u00a0zach\u0119ca\u0142 do organizowania podobnej pomocy w\u00a0innych krajach.<\/p>\n<p>Ruszy\u0142o. Dowcipni Czesi przekornie nazwali swoj\u0105 akcj\u0119 &#8222;D\u00e1rek pro Putina&#8221; (prezent dla Putina &#8211;\u00a0red.) i\u00a0w\u00a0zaledwie kilka dni zebrali ponad 3,8 mln dolar\u00f3w, czyli wi\u0119cej ni\u017c w\u00a0Polsce. Zbi\u00f3rki utworzono m.in. we W\u0142oszech: &#8222;SOS &#8211;\u00a0Riscaldiamo Ukraine&#8221; (uzyskano 120 tys. euro). Organizacja &#8222;Niebiesko-\u017b\u00f3\u0142ty Krzy\u017c&#8221; z\u00a0Niemiec w\u00a02026 r. przekaza\u0142a 560 generator\u00f3w pr\u0105du. W\u0119gierski Ko\u015bci\u00f3\u0142 Reformowany z\u00a0tego, co zebra\u0142 w\u015br\u00f3d cz\u0142onk\u00f3w, kupi\u0142 w\u00a0Szwajcarii agregat pr\u0105dotw\u00f3rczy o\u00a0mocy 450 kW i\u00a0przekaza\u0142 go ukrai\u0144skiemu szpitalowi.<\/p>\n<p> <img role=\"presentation\" class=\"absolute left-1\/2 top-1\/2 max-h-[80%] max-w-[100px] -translate-x-1\/2 -translate-y-1\/2\" src=\"https:\/\/v.wpimg.pl\/ZXJfd3AudTkrBBIAbg54LGhcRlAxHQUrPgJGH2MAeGJoSQ1eIBI_K2UHAEVuBTY5KQMMXC0RPyoVERQdMgM9ejc\" loading=\"lazy\" decoding=\"async\"\/> <\/p>\n<p>Minister handlu zagranicznego i\u00a0rozwoju Kr\u00f3lestwa Niderland\u00f3w Aukje de Vries poinformowa\u0142a o\u00a0przekazaniu Ukrainie 23 mln euro na zakup sprz\u0119tu. Kr\u00f3lestwo Tajlandii przekaza\u0142o 165 tys. dolar\u00f3w Ukrai\u0144skiemu Czerwonemu Krzy\u017cowi na zakup agregat\u00f3w, sprz\u0119tu medycznego i\u00a0lek\u00f3w. Chi\u0144scy dyplomaci przeprowadzili zbi\u00f3rk\u0119 w\u015br\u00f3d go\u015bci \u015bwi\u0105tecznego przyj\u0119cia w\u00a0ambasadzie w\u00a0Ukrainie, uzyskuj\u0105c 6\u00a0tys. dolar\u00f3w. <\/p>\n<p>Ostatnio Sybiha zamie\u015bci\u0142 tak\u017ce podzi\u0119kowania dla stowarzyszenia przedsi\u0119biorc\u00f3w Republiki Angoli w\u00a0Afryce &#8211;\u00a0organizacja przekaza\u0142a Ukrainie 75 generator\u00f3w.<\/p>\n<p>Tomasz Molga, dziennikarz Wirtualnej Polski <\/p>\n","protected":false},"excerpt":{"rendered":"W polskim internecie zacz\u0119\u0142y kr\u0105\u017cy\u0107 wpisy sugeruj\u0105ce, \u017ce przekazane Ukrainie generatory pr\u0105du s\u0105 rzekomo odsprzedawane na lokalnych portalach&hellip;\n","protected":false},"author":2,"featured_media":232079,"comment_status":"","ping_status":"","sticky":false,"template":"","format":"standard","meta":{"footnotes":""},"categories":[12],"tags":[32,33,36,37,27,34,35,28,31,25,42,38,40,39,41,29,30,26],"class_list":{"0":"post-232078","1":"post","2":"type-post","3":"status-publish","4":"format-standard","5":"has-post-thumbnail","7":"category-polska","8":"tag-breaking-news","9":"tag-breakingnews","10":"tag-featured-news","11":"tag-featurednews","12":"tag-headlines","13":"tag-latest-news","14":"tag-latestnews","15":"tag-naglowki","16":"tag-najwazniejsze-artykuly","17":"tag-news","18":"tag-pl","19":"tag-poland","20":"tag-polish","21":"tag-polska","22":"tag-polski","23":"tag-top-stories","24":"tag-topstories","25":"tag-wiadomosci"},"share_on_mastodon":{"url":"https:\/\/pubeurope.com\/@pl\/115979500031028555","error":""},"_links":{"self":[{"href":"https:\/\/www.europesays.com\/pl\/wp-json\/wp\/v2\/posts\/232078","targetHints":{"allow":["GET"]}}],"collection":[{"href":"https:\/\/www.europesays.com\/pl\/wp-json\/wp\/v2\/posts"}],"about":[{"href":"https:\/\/www.europesays.com\/pl\/wp-json\/wp\/v2\/types\/post"}],"author":[{"embeddable":true,"href":"https:\/\/www.europesays.com\/pl\/wp-json\/wp\/v2\/users\/2"}],"replies":[{"embeddable":true,"href":"https:\/\/www.europesays.com\/pl\/wp-json\/wp\/v2\/comments?post=232078"}],"version-history":[{"count":0,"href":"https:\/\/www.europesays.com\/pl\/wp-json\/wp\/v2\/posts\/232078\/revisions"}],"wp:featuredmedia":[{"embeddable":true,"href":"https:\/\/www.europesays.com\/pl\/wp-json\/wp\/v2\/media\/232079"}],"wp:attachment":[{"href":"https:\/\/www.europesays.com\/pl\/wp-json\/wp\/v2\/media?parent=232078"}],"wp:term":[{"taxonomy":"category","embeddable":true,"href":"https:\/\/www.europesays.com\/pl\/wp-json\/wp\/v2\/categories?post=232078"},{"taxonomy":"post_tag","embeddable":true,"href":"https:\/\/www.europesays.com\/pl\/wp-json\/wp\/v2\/tags?post=232078"}],"curies":[{"name":"wp","href":"https:\/\/api.w.org\/{rel}","templated":true}]}}