{"id":232112,"date":"2026-01-29T17:27:16","date_gmt":"2026-01-29T17:27:16","guid":{"rendered":"https:\/\/www.europesays.com\/pl\/232112\/"},"modified":"2026-01-29T17:27:16","modified_gmt":"2026-01-29T17:27:16","slug":"joanna-krupa-oburzona-zachowaniem-celebrytow-bezczelni-ludzie","status":"publish","type":"post","link":"https:\/\/www.europesays.com\/pl\/232112\/","title":{"rendered":"Joanna Krupa oburzona zachowaniem celebryt\u00f3w. &#8222;Bezczelni ludzie&#8221;"},"content":{"rendered":"<p class=\"ods-c-paragraph \"><a href=\"https:\/\/plejada.pl\/temat\/joanna-krupa\/wff47e6\" id=\"e0bb5cd3-59ad-47f9-8016-51db388f9784\" rel=\"nofollow noopener\" target=\"_blank\">Joanna Krupa<\/a> bacznie obserwuje sytuacj\u0119 w Polsce zwi\u0105zan\u0105 ze schroniskami. Modelka aktywnie nag\u0142a\u015bnia dramatyczne losy bezdomnych zwierz\u0105t, a w swoich mediach spo\u0142eczno\u015bciowych cz\u0119sto zwraca si\u0119 w tej sprawie do internaut\u00f3w.<\/p>\n<p class=\"ods-c-paragraph \">&#8222;Jestem w szoku. Przez 20 lat walcz\u0119 o zwierz\u0119ta i kocham je ca\u0142ym sercem, a mimo to nie wiedzia\u0142am, \u017ce w Polsce dziej\u0105 si\u0119 a\u017c takie rzeczy. To przera\u017caj\u0105ce, \u017ce istniej\u0105 ludzie zdolni do takiego okrucie\u0144stwa i jeszcze bardziej przera\u017ca, je\u015bli ktokolwiek z polityki przymyka na to oczy. To jest po prostu ohydne&#8221; \u2014 <a href=\"https:\/\/plejada.pl\/newsy\/joanna-krupa-jest-przerazona-tym-co-sie-dzieje-w-polsce-jestem-w-szoku\/053x0hd\" id=\"6b2e32f0-b4f6-4364-aab7-e35d4251d397\" rel=\"nofollow noopener\" target=\"_blank\">napisa\u0142a na Instagramie<\/a>.<\/p>\n<p> Dalszy ci\u0105g artyku\u0142u pod materia\u0142em wideo    <\/p>\n<p> Co konkretnie oburzy\u0142o Joann\u0119 Krup\u0119? <\/p>\n<p> Jakie zachowania celebryt\u00f3w krytykuje Joanna Krupa? <\/p>\n<p> Czy Joanna Krupa jest zaanga\u017cowana w pomoc dla zwierz\u0105t? <\/p>\n<p> Co Joanna Krupa radzi swoim obserwatorom? <\/p>\n<p>  Joanna Krupa oburzona zachowaniem celebryt\u00f3w. &#8222;Bezczelni ludzie&#8221;<\/p>\n<p class=\"ods-c-paragraph \">Teraz ponownie jurorka &#8222;Top Model&#8221; zabra\u0142a g\u0142os, wspominaj\u0105c o zapraszaniu firm do wsparcia poszczeg\u00f3lnych schronisk \u2014 temat ten by\u0142 szczeg\u00f3lnie poruszany w okresie zbli\u017caj\u0105cych si\u0119 mroz\u00f3w i wci\u0105\u017c nie milknie. Joanna Krupa by\u0142a szczeg\u00f3lnie poruszona jedn\u0105 z tych spraw.<\/p>\n<blockquote class=\"ods-o-quote\">\n<p class=\"ods-o-quote__paragraph\">My my\u015blimy, \u017ce celebryci naprawd\u0119 kochaj\u0105 zwierz\u0119ta. (&#8230;) Ja si\u0119 dowiaduj\u0119, \u017ce niekt\u00f3rzy celebryci \u2014 wiadomo, nie wszyscy \u2014 opr\u00f3cz tego, \u017ce firma da za darmo produkt albo du\u017c\u0105 zni\u017ck\u0119, to celebryci jeszcze maj\u0105 jaja, \u017ceby si\u0119 pyta\u0107 o kas\u0119 dla siebie. Taka my\u015bl nawet nie przesz\u0142a mi przez g\u0142ow\u0119<\/p>\n<\/blockquote>\n<p class=\"ods-c-paragraph \">&#8222;Jak co\u015b robisz charytatywnego to ja dam pieni\u0105dze, czy sw\u00f3j czas, a nie jeszcze b\u0119d\u0119 dla siebie bra\u0142a, \u017ce: \u00bbJa pomagam innym, (&#8230;) ale ja to dostaj\u0119 kas\u0119, \u017ceby promowa\u0107 t\u0105 firm\u0119\u00ab. Ja za g\u0142ow\u0119 musia\u0142am si\u0119 z\u0142apa\u0107, bo nie wierz\u0119, \u017ce s\u0105 tacy bezczelni ludzie, celebryci, \u017ce naprawd\u0119 szok&#8221; \u2014 powiedzia\u0142a na nagraniu.<\/p>\n<p class=\"ods-c-paragraph \">Na koniec modelka zaapelowa\u0142a do swoich obserwator\u00f3w.<\/p>\n<blockquote class=\"ods-o-quote\">\n<p class=\"ods-o-quote__paragraph\">Uwa\u017cajcie kochani, jakiego celebryt\u0119 wspieracie, bo nie ka\u017cdy celebryta robi to od serca. To jest bardzo smutne<\/p>\n<\/blockquote>\n<p class=\"ods-c-paragraph \">\u2014 zako\u0144czy\u0142a. &#8222;Ja nie oczekuj\u0119 za to \u017cadnego wynagrodzenia w przeciwie\u0144stwie do wielu celebryt\u00f3w w Polsce. To powinno by\u0107 oczywiste, kiedy chodzi o pomoc zwierz\u0119tom. Wstyd!&#8221; \u2014 napisa\u0142a w opisie nagrania.<\/p>\n<p> <img decoding=\"async\" src=\"https:\/\/www.europesays.com\/pl\/wp-content\/uploads\/2025\/11\/puhk9lBaHR0cHM6Ly9vY2RuLmV1L3B1bHNjbXMvTURBXy9iYjk4ODg5M2NlYjc5NmQxODU3MDE2NTliMzZlOWNmYS5qcGeRlQLNA.jpeg\" height=\"529\" width=\"940\" style=\"min-height:529px;\" alt=\"Joanna Krupa\" loading=\"lazy\" class=\"ods-c-image__img ods-c-image__img--vertical\"\/> <\/p>\n<p>Joanna KrupaAndras Szilagyi \/ MW Media<\/p>\n<p class=\"ods-c-paragraph \">Dzi\u0119kujemy, \u017ce przeczyta\u0142a\u015b\/e\u015b nasz artyku\u0142 do ko\u0144ca. W serwisie Plejada.pl ka\u017cdego dnia piszemy o najwa\u017cniejszych wydarzeniach show-biznesowych. B\u0105d\u017a na bie\u017c\u0105co! <a rel=\"nofollow noopener\" href=\"https:\/\/profile.google.com\/cp\/Cg0vZy8xMWJ6X19wdHBx\" id=\"016cf7b3-6eed-474d-b856-63748bcc4330\" target=\"_blank\">Obserwuj<\/a> Plejad\u0119 w Google. Odwied\u017a nas tak\u017ce na <a rel=\"nofollow noopener\" href=\"https:\/\/www.facebook.com\/plejadapl\" id=\"535c59b3-158c-4c1f-a382-7ffe432cc5e6\" target=\"_blank\">Facebooku<\/a>, <a rel=\"nofollow noopener\" href=\"https:\/\/www.instagram.com\/plejadapl\/\" id=\"35087de2-8117-40f1-afb9-a2035020db28\" target=\"_blank\">Instagramie<\/a>, <a rel=\"nofollow noopener\" href=\"https:\/\/www.youtube.com\/c\/plejada\" id=\"ac5625b7-b18e-44d5-9ecb-03a8ea5098b3\" target=\"_blank\">YouTubie<\/a> oraz <a rel=\"nofollow noopener\" href=\"https:\/\/www.tiktok.com\/@plejada_pl\" id=\"e8a17607-0532-453d-af57-2106e0d51616\" target=\"_blank\">TikToku<\/a>.<\/p>\n<p class=\"ods-c-paragraph \">Chcesz podzieli\u0107 si\u0119 ciekawym newsem lub zaproponowa\u0107 temat? Skontaktuj si\u0119 z nami, pisz\u0105c maila na adres: <a rel=\"nofollow noopener\" href=\"https:\/\/plejada.pl\/newsy\/joanna-krupa-oburzona-zachowaniem-celebrytow-bezczelni-ludzie\/mailto:plejada@redakcjaonet.pl\" id=\"042a3d4f-58d4-49f3-a474-1f7e9c78a901\" target=\"_blank\">plejada@redakcjaon<\/a><a rel=\"nofollow noopener\" href=\"https:\/\/et.pl\/\" id=\"8929b946-92e7-41e1-8153-e0da131806ab\" target=\"_blank\">et.pl<\/a>.<\/p>\n<p><script async src=\"\/\/www.instagram.com\/embed.js\"><\/script><script async src=\"\/\/www.tiktok.com\/embed.js\"><\/script><\/p>\n","protected":false},"excerpt":{"rendered":"Joanna Krupa bacznie obserwuje sytuacj\u0119 w Polsce zwi\u0105zan\u0105 ze schroniskami. Modelka aktywnie nag\u0142a\u015bnia dramatyczne losy bezdomnych zwierz\u0105t, a&hellip;\n","protected":false},"author":2,"featured_media":232113,"comment_status":"","ping_status":"","sticky":false,"template":"","format":"standard","meta":{"footnotes":""},"categories":[22],"tags":[122,42093,316,48,125,46,42,38,40,39,41,123,47],"class_list":{"0":"post-232112","1":"post","2":"type-post","3":"status-publish","4":"format-standard","5":"has-post-thumbnail","7":"category-rozrywka","8":"tag-entertainment","9":"tag-float_tst0","10":"tag-joanna_krupa","11":"tag-nat_styl","12":"tag-newsy","13":"tag-omp","14":"tag-pl","15":"tag-poland","16":"tag-polish","17":"tag-polska","18":"tag-polski","19":"tag-rozrywka","20":"tag-screening_general"},"share_on_mastodon":{"url":"https:\/\/pubeurope.com\/@pl\/115979566733428313","error":""},"_links":{"self":[{"href":"https:\/\/www.europesays.com\/pl\/wp-json\/wp\/v2\/posts\/232112","targetHints":{"allow":["GET"]}}],"collection":[{"href":"https:\/\/www.europesays.com\/pl\/wp-json\/wp\/v2\/posts"}],"about":[{"href":"https:\/\/www.europesays.com\/pl\/wp-json\/wp\/v2\/types\/post"}],"author":[{"embeddable":true,"href":"https:\/\/www.europesays.com\/pl\/wp-json\/wp\/v2\/users\/2"}],"replies":[{"embeddable":true,"href":"https:\/\/www.europesays.com\/pl\/wp-json\/wp\/v2\/comments?post=232112"}],"version-history":[{"count":0,"href":"https:\/\/www.europesays.com\/pl\/wp-json\/wp\/v2\/posts\/232112\/revisions"}],"wp:featuredmedia":[{"embeddable":true,"href":"https:\/\/www.europesays.com\/pl\/wp-json\/wp\/v2\/media\/232113"}],"wp:attachment":[{"href":"https:\/\/www.europesays.com\/pl\/wp-json\/wp\/v2\/media?parent=232112"}],"wp:term":[{"taxonomy":"category","embeddable":true,"href":"https:\/\/www.europesays.com\/pl\/wp-json\/wp\/v2\/categories?post=232112"},{"taxonomy":"post_tag","embeddable":true,"href":"https:\/\/www.europesays.com\/pl\/wp-json\/wp\/v2\/tags?post=232112"}],"curies":[{"name":"wp","href":"https:\/\/api.w.org\/{rel}","templated":true}]}}