{"id":232151,"date":"2026-01-29T18:01:12","date_gmt":"2026-01-29T18:01:12","guid":{"rendered":"https:\/\/www.europesays.com\/pl\/232151\/"},"modified":"2026-01-29T18:01:12","modified_gmt":"2026-01-29T18:01:12","slug":"warszawa-zbrodnia-na-targowku-jest-decyzja-sadu-w-sprawie-49-latka","status":"publish","type":"post","link":"https:\/\/www.europesays.com\/pl\/232151\/","title":{"rendered":"Warszawa. Zbrodnia na Targ\u00f3wku, jest decyzja s\u0105du w sprawie 49-latka"},"content":{"rendered":"<p>&#13;<br \/>\n        \tS\u0105d wyda\u0142 decyzj\u0119 o tymczasowym areszcie dla 49-latka podejrzanego o zab\u00f3jstwo swoich rodzic\u00f3w na warszawskim Targ\u00f3wku. Wcze\u015bniej postawiono mu zarzuty morderstwa dw\u00f3ch os\u00f3b, a tak\u017ce zabicia trzech zwierz\u0105t domowych.&#13;\n        \t<\/p>\n<p>Rzeczniczka Prokuratury Okr\u0119gowej Warszawa-Praga prok. Karolina Staros poinformowa\u0142a PAP, \u017ce czynno\u015bci z podejrzanym zosta\u0142y zako\u0144czone w czwartek po godz. 13:00. 49-latek nie przyzna\u0142 si\u0119 do zarzucanych mu czyn\u00f3w, odm\u00f3wi\u0142 te\u017c sk\u0142adania wyja\u015bnie\u0144.<\/p>\n<p>\u00a0<\/p>\n<p>W \u015brod\u0119 rano policja i kontrterrory\u015bci przeprowadzili akcj\u0119, po kt\u00f3rej uj\u0119li zabarykadowanego w jednym z dom\u00f3w na Targ\u00f3wku w Warszawie 49-letniego m\u0119\u017cczyzn\u0119. Na miejscu s\u0142u\u017cby ujawni\u0142y zw\u0142oki dw\u00f3ch os\u00f3b &#8211; wed\u0142ug s\u0105siad\u00f3w, do kt\u00f3rych dotar\u0142 Polsat News &#8211; rodzic\u00f3w podejrzanego. Oboje zgin\u0119li od cios\u00f3w ostrym narz\u0119dziem. Odnaleziono te\u017c truch\u0142a trzech zwierz\u0105t domowych.<\/p>\n<p>Zbrodnia na Targ\u00f3wku. Areszt tymczasowy dla 49-latka<\/p>\n<p>Jak dowiedzia\u0142 si\u0119 nieoficjalnie Polsat News, m\u0119\u017cczyzna, kt\u00f3ry zabarykadowa\u0142 si\u0119 w budynku, mia\u0142 problemy narkotykowe, a podczas negocjacji ze s\u0142u\u017cbami wykazywa\u0142 spor\u0105 agresj\u0119. By\u0142 te\u017c znany policjantom z wcze\u015bniejszych interwencji. Pr\u00f3ba przekonania 49-latka, by podda\u0142 si\u0119 s\u0142u\u017cbom nie przynios\u0142a efektu.\u00a0<\/p>\n<p>\u00a0<\/p>\n<p>Jedna z s\u0105siadek wskaza\u0142a, \u017ce m\u0119\u017cczyzna mieszka\u0142 z rodzicami po tym, jak zostawi\u0142 \u017con\u0119 i c\u00f3rk\u0119. &#8211; Tata (napastnika &#8211; red.) nie by\u0142 zadowolony z tego powodu &#8211; doda\u0142a. &#8211; Ta c\u00f3rcia przyje\u017cd\u017ca\u0142a tutaj do dziadk\u00f3w &#8211; m\u00f3wi\u0142a znajoma rodziny.\u00a0<\/p>\n<p>\u00a0<\/p>\n<p>ZOBACZ: <a href=\"https:\/\/www.polsatnews.pl\/wiadomosc\/2026-01-28\/podwojne-zabojstwo-w-warszawie-w-budynku-zabarykadowal-sie-mezczyzna\/\" rel=\"nofollow noopener\" target=\"_blank\">Podw\u00f3jne zab\u00f3jstwo w Warszawie. Policja przeprowadzi\u0142a szturm, zatrzyma\u0142a 49-latka<\/a><\/p>\n<p>\u00a0<\/p>\n<p>Z relacji s\u0105siadek wynika, \u017ce ma\u0142\u017ce\u0144stwo by\u0142o lubiane w okolicy. &#8211; \u017byli\u015bmy bardzo zgodnie. Znali\u015bmy si\u0119 bardzo d\u0142ugo, to by\u0142a mi\u0142a\u00a0 s\u0105siedzka atmosfera &#8211; m\u00f3wi\u0142a.\u00a0<\/p>\n<p>\u00a0<\/p>\n<p>Widzia\u0142e\u015b co\u015b wa\u017cnego? Przy\u015blij zdj\u0119cie, film lub napisz, co si\u0119 sta\u0142o. Skorzystaj z naszej <a href=\"https:\/\/www.polsatnews.pl\/platforma-widzow\/\" target=\"_blank\" rel=\"noopener noreferrer nofollow\">Wrzutni<\/a><\/p>\n<p>                <img decoding=\"async\" src=\"https:\/\/www.europesays.com\/pl\/wp-content\/uploads\/2026\/01\/zagg55s5pvxxb8vs2eerhp162wp1agea.jpg\" alt=\"\" itemprop=\"contentUrl\" style=\"position:absolute; width: 100%; max-height: 100%;\"\/><video controls=\"\" controlslist=\"nodownload\" poster=\"https:\/\/www.europesays.com\/pl\/wp-content\/uploads\/2026\/01\/zagg55s5pvxxb8vs2eerhp162wp1agea.jpg\" class=\"videoPlayer player6857034 news__video\" data-id=\"6857034\">Twoja przegl\u0105darka nie wspiera odtwarzacza wideo&#8230;<\/video><\/p>\n<p>                <a class=\"news__read-more-button\" href=\"https:\/\/www.polsatnews.pl\/\" rel=\"nofollow noopener\" target=\"_blank\">Czytaj wi\u0119cej<\/a><\/p>\n<p>\t\t\tChcesz by\u0107 na bie\u017c\u0105co z najnowszymi newsami?<\/p>\n<p class=\"app-ad__preview\">Jeste\u015bmy w aplikacji na Tw\u00f3j telefon. Sprawd\u017a\u00a0nas!<\/p>\n","protected":false},"excerpt":{"rendered":"&#13; S\u0105d wyda\u0142 decyzj\u0119 o tymczasowym areszcie dla 49-latka podejrzanego o zab\u00f3jstwo swoich rodzic\u00f3w na warszawskim Targ\u00f3wku. Wcze\u015bniej&hellip;\n","protected":false},"author":2,"featured_media":232152,"comment_status":"","ping_status":"","sticky":false,"template":"","format":"standard","meta":{"footnotes":""},"categories":[5],"tags":[32,33,36,37,27,34,35,28,31,25,42,38,40,39,41,29,30,26],"class_list":{"0":"post-232151","1":"post","2":"type-post","3":"status-publish","4":"format-standard","5":"has-post-thumbnail","7":"category-naglowki","8":"tag-breaking-news","9":"tag-breakingnews","10":"tag-featured-news","11":"tag-featurednews","12":"tag-headlines","13":"tag-latest-news","14":"tag-latestnews","15":"tag-naglowki","16":"tag-najwazniejsze-artykuly","17":"tag-news","18":"tag-pl","19":"tag-poland","20":"tag-polish","21":"tag-polska","22":"tag-polski","23":"tag-top-stories","24":"tag-topstories","25":"tag-wiadomosci"},"share_on_mastodon":{"url":"https:\/\/pubeurope.com\/@pl\/115979700350967292","error":""},"_links":{"self":[{"href":"https:\/\/www.europesays.com\/pl\/wp-json\/wp\/v2\/posts\/232151","targetHints":{"allow":["GET"]}}],"collection":[{"href":"https:\/\/www.europesays.com\/pl\/wp-json\/wp\/v2\/posts"}],"about":[{"href":"https:\/\/www.europesays.com\/pl\/wp-json\/wp\/v2\/types\/post"}],"author":[{"embeddable":true,"href":"https:\/\/www.europesays.com\/pl\/wp-json\/wp\/v2\/users\/2"}],"replies":[{"embeddable":true,"href":"https:\/\/www.europesays.com\/pl\/wp-json\/wp\/v2\/comments?post=232151"}],"version-history":[{"count":0,"href":"https:\/\/www.europesays.com\/pl\/wp-json\/wp\/v2\/posts\/232151\/revisions"}],"wp:featuredmedia":[{"embeddable":true,"href":"https:\/\/www.europesays.com\/pl\/wp-json\/wp\/v2\/media\/232152"}],"wp:attachment":[{"href":"https:\/\/www.europesays.com\/pl\/wp-json\/wp\/v2\/media?parent=232151"}],"wp:term":[{"taxonomy":"category","embeddable":true,"href":"https:\/\/www.europesays.com\/pl\/wp-json\/wp\/v2\/categories?post=232151"},{"taxonomy":"post_tag","embeddable":true,"href":"https:\/\/www.europesays.com\/pl\/wp-json\/wp\/v2\/tags?post=232151"}],"curies":[{"name":"wp","href":"https:\/\/api.w.org\/{rel}","templated":true}]}}