{"id":232166,"date":"2026-01-29T18:14:13","date_gmt":"2026-01-29T18:14:13","guid":{"rendered":"https:\/\/www.europesays.com\/pl\/232166\/"},"modified":"2026-01-29T18:14:13","modified_gmt":"2026-01-29T18:14:13","slug":"imgw-ostrzega-przed-siarczystym-mrozem-do-25-st-c-zacznie-sie-w-nocy","status":"publish","type":"post","link":"https:\/\/www.europesays.com\/pl\/232166\/","title":{"rendered":"IMGW ostrzega przed siarczystym mrozem do -25 st. C. Zacznie si\u0119 w nocy"},"content":{"rendered":"<p class=\"Paragraph_desktopParagraph__U31Gm\">Stopniowy spadek temperatury odczuwamy ju\u017c dzi\u015b. W po\u0142udnie niemal wsz\u0119dzie, opr\u00f3cz niekt\u00f3rych miejsc na po\u0142udniu kraju, trzyma\u0142 mr\u00f3z. Najwi\u0119kszy by\u0142 na p\u00f3\u0142nocy, gdzie w Elbl\u0105gu (woj. warmi\u0144sko-mazurskie) s\u0142upki rt\u0119ci wskaza\u0142y -10 st. C.<\/p>\n<p class=\"VideoPlayerText_videoPlayerText__iDwyz\">Dalszy ci\u0105g materia\u0142u pod wideo<\/p>\n<ul class=\"OchatFollowUps_wrapper__1ry7X\">\n<li class=\"OchatFollowUps_item__Dhyly OchatFollowUps_itemDesktop__R6aBv\">Jak d\u0142ugo b\u0119d\u0105 wa\u017cne ostrze\u017cenia IMGW?<\/li>\n<li class=\"OchatFollowUps_item__Dhyly OchatFollowUps_itemDesktop__R6aBv\">Gdzie wyst\u0105pi\u0105 najwi\u0119ksze mrozy?<\/li>\n<li class=\"OchatFollowUps_item__Dhyly OchatFollowUps_itemDesktop__R6aBv\">Jakie temperatury prognozowane s\u0105 na nadchodz\u0105ce dni?<\/li>\n<li class=\"OchatFollowUps_item__Dhyly OchatFollowUps_itemDesktop__R6aBv\">Czy alerty IMGW obejm\u0105 ca\u0142y kraj?<\/li>\n<\/ul>\n<p>Temperatura spadnie nawet do -25 st. C. Jest \u017c\u00f3\u0142ty alert IMGW. Zacznie si\u0119 ju\u017c dzi\u015b w nocy <\/p>\n<p class=\"Paragraph_desktopParagraph__U31Gm\">Od dzisiejszej nocy obowi\u0105zywa\u0107 b\u0119d\u0105 ostrze\u017cenia pierwszego stopnia przed silnym mrozem. <a href=\"https:\/\/wiadomosci.onet.pl\/imgw\" id=\"9bb5e800-05de-474f-88f7-9843abdf1101\" rel=\"nofollow noopener\" target=\"_blank\">IMGW<\/a> wyda\u0142 je dla p\u00f3\u0142nocnych powiat\u00f3w woj. podlaskiego i warmi\u0144sko-mazurskiego. Pozostan\u0105 wa\u017cne co najmniej do \u015brodowego (4 lutego) poranka, ale w kolejnych dniach mog\u0105 zosta\u0107 zaktualizowane.<\/p>\n<p><img decoding=\"async\" class=\"Image_image__0tuHp Image_autoHeight__f2n87 \" height=\"356\" width=\"494\" src=\"https:\/\/www.europesays.com\/pl\/wp-content\/uploads\/2026\/01\/5-Ek9kpTURBXy8xZDZkMTU4OWQzOTNhMTcwNGZmOTBjMDYyNzZiMTdkOC5wbmeRlQLNA6wAwsPeAAOhMAGhMQGhM8M.jpeg\" alt=\"Alerty na razie obowi\u0105zuj\u0105 na p\u00f3\u0142nocnym wschodzie Polski\" loading=\"lazy\" \/>IMGW-PIB METEO POLSKA<\/p>\n<p>Alerty na razie obowi\u0105zuj\u0105 na p\u00f3\u0142nocnym wschodzie Polski<\/p>\n<p class=\"Paragraph_desktopParagraph__U31Gm\">&#8222;Prognozuje si\u0119 temperatur\u0119 minimaln\u0105 w nocy pocz\u0105tkowo [dzi\u015b w nocy] ok. -15 st. C, a p\u00f3\u017aniej [od nocy z pi\u0105tku na sobot\u0119] od -18 do -25 st. C. Temperatura maksymalna w dzie\u0144 od -12 do -8 st. C. Wiatr o \u015bredniej pr\u0119dko\u015bci od 15 do 25 km na godz., pocz\u0105tkowo w porywach ok. 40 km na godz.&#8221; \u2014 brzmi tre\u015b\u0107 alertu. Prawdopodobie\u0144stwo wyst\u0105pienia zjawiska zosta\u0142o oszacowane na 80 proc.<\/p>\n<p class=\"Paragraph_desktopParagraph__U31Gm\">Jak wynika z prognozy zagro\u017ce\u0144, pod koniec tygodnia, wraz z post\u0119powaniem fali <a href=\"https:\/\/wiadomosci.onet.pl\/mroz\" id=\"30da022d-510d-42af-b5e1-7ace58cb3a70\" rel=\"nofollow noopener\" target=\"_blank\">mroz\u00f3w<\/a>, alerty b\u0119d\u0105 rozszerzane. Obj\u0105\u0107 maj\u0105 ca\u0142y kraj, opr\u00f3cz woj. lubuskiego, opolskiego, \u015bl\u0105skiego, dolno\u015bl\u0105skiego (bez Przedg\u00f3rza Sudeckiego) oraz zachodnich powiat\u00f3w woj. wielkopolskiego i zachodniopomorskiego.<\/p>\n<p><img decoding=\"async\" class=\"Image_image__0tuHp Image_autoHeight__f2n87 \" height=\"426\" width=\"477\" src=\"https:\/\/www.europesays.com\/pl\/wp-content\/uploads\/2026\/01\/Sctk9kpTURBXy81MjIwYmNiODc5OTVjODRlNDQxNDBjYWFiYzQ5NjZmYy5wbmeRlQLNA6wAwsPeAAOhMAGhMQGhM8M.jpeg\" alt=\"W kolejnych dniach ostrze\u017cenia maj\u0105 obj\u0105\u0107 ju\u017c niemal ca\u0142\u0105 Polsk\u0119\" loading=\"lazy\" \/>IMGW-PIB METEO POLSKA<\/p>\n<p>W kolejnych dniach ostrze\u017cenia maj\u0105 obj\u0105\u0107 ju\u017c niemal ca\u0142\u0105 Polsk\u0119<\/p>\n<p class=\"Paragraph_desktopParagraph__U31Gm\"><a href=\"https:\/\/wiadomosci.onet.pl\/pogoda\/to-bedzie-jedno-z-silniejszych-uderzen-mrozow-tej-zimy-jest-data-apogeum-mapy\/fdgcdcv\" id=\"7d7bfef6-3e8f-4ece-ae28-7aba45f5e475\" rel=\"nofollow noopener\" target=\"_blank\">Nocne, dwucyfrowe mrozy od weekendu mo\u017cliwe s\u0105 niemal wsz\u0119dzie.<\/a> Najmniejsze b\u0119d\u0105 na zachodzie i po\u0142udniowym zachodzie, gdzie temperatura minimalna wyniesie zwykle od -13 do -7 st. C. W centrum prognozujemy ju\u017c spadki do -17 st. C, a na wschodzie oraz p\u00f3\u0142nocnym wschodzie do -25\/-17 st. C. Biegunem zimna b\u0119dzie Podlasie.<\/p>\n<p><img decoding=\"async\" class=\"Image_image__0tuHp Image_autoHeight__f2n87 \" height=\"978\" width=\"940\" src=\"https:\/\/www.europesays.com\/pl\/wp-content\/uploads\/2026\/01\/HCfk9kpTURBXy9mMGQ0ZDEzZjFiNjhkNWMzM2EzOTRkNWY4NGY2MzM1Ny5wbmeRlQLNA6wAwsPeAAOhMAGhMQGhM8M.jpeg\" alt=\"Nadchodz\u0105ca fala mroz\u00f3w najwi\u0119kszy mr\u00f3z ma przynie\u015b\u0107 na p\u00f3\u0142nocnym wschodzie\" loading=\"lazy\" \/>Arkadiusz P\u0142achta \/ Onet<\/p>\n<p>Nadchodz\u0105ca fala mroz\u00f3w najwi\u0119kszy mr\u00f3z ma przynie\u015b\u0107 na p\u00f3\u0142nocnym wschodzie<\/p>\n","protected":false},"excerpt":{"rendered":"Stopniowy spadek temperatury odczuwamy ju\u017c dzi\u015b. W po\u0142udnie niemal wsz\u0119dzie, opr\u00f3cz niekt\u00f3rych miejsc na po\u0142udniu kraju, trzyma\u0142 mr\u00f3z.&hellip;\n","protected":false},"author":2,"featured_media":232167,"comment_status":"","ping_status":"","sticky":false,"template":"","format":"standard","meta":{"footnotes":""},"categories":[12],"tags":[25481,32,33,36,37,27,167,67,34,35,6987,28,31,53,25,52,68,51,55,42,78,38,40,39,41,47,29,30,65,50,26],"class_list":{"0":"post-232166","1":"post","2":"type-post","3":"status-publish","4":"format-standard","5":"has-post-thumbnail","7":"category-polska","8":"tag-alerty_imgw","9":"tag-breaking-news","10":"tag-breakingnews","11":"tag-featured-news","12":"tag-featurednews","13":"tag-headlines","14":"tag-imgw","15":"tag-intextvideo_splayer","16":"tag-latest-news","17":"tag-latestnews","18":"tag-mroz","19":"tag-naglowki","20":"tag-najwazniejsze-artykuly","21":"tag-new_header","22":"tag-news","23":"tag-onet3","24":"tag-onet3d","25":"tag-onet3d_2i","26":"tag-phx","27":"tag-pl","28":"tag-pogoda","29":"tag-poland","30":"tag-polish","31":"tag-polska","32":"tag-polski","33":"tag-screening_general","34":"tag-top-stories","35":"tag-topstories","36":"tag-update_me","37":"tag-v2021","38":"tag-wiadomosci"},"share_on_mastodon":{"url":"https:\/\/pubeurope.com\/@pl\/115979751543201843","error":""},"_links":{"self":[{"href":"https:\/\/www.europesays.com\/pl\/wp-json\/wp\/v2\/posts\/232166","targetHints":{"allow":["GET"]}}],"collection":[{"href":"https:\/\/www.europesays.com\/pl\/wp-json\/wp\/v2\/posts"}],"about":[{"href":"https:\/\/www.europesays.com\/pl\/wp-json\/wp\/v2\/types\/post"}],"author":[{"embeddable":true,"href":"https:\/\/www.europesays.com\/pl\/wp-json\/wp\/v2\/users\/2"}],"replies":[{"embeddable":true,"href":"https:\/\/www.europesays.com\/pl\/wp-json\/wp\/v2\/comments?post=232166"}],"version-history":[{"count":0,"href":"https:\/\/www.europesays.com\/pl\/wp-json\/wp\/v2\/posts\/232166\/revisions"}],"wp:featuredmedia":[{"embeddable":true,"href":"https:\/\/www.europesays.com\/pl\/wp-json\/wp\/v2\/media\/232167"}],"wp:attachment":[{"href":"https:\/\/www.europesays.com\/pl\/wp-json\/wp\/v2\/media?parent=232166"}],"wp:term":[{"taxonomy":"category","embeddable":true,"href":"https:\/\/www.europesays.com\/pl\/wp-json\/wp\/v2\/categories?post=232166"},{"taxonomy":"post_tag","embeddable":true,"href":"https:\/\/www.europesays.com\/pl\/wp-json\/wp\/v2\/tags?post=232166"}],"curies":[{"name":"wp","href":"https:\/\/api.w.org\/{rel}","templated":true}]}}