{"id":232305,"date":"2026-01-29T19:42:09","date_gmt":"2026-01-29T19:42:09","guid":{"rendered":"https:\/\/www.europesays.com\/pl\/232305\/"},"modified":"2026-01-29T19:42:09","modified_gmt":"2026-01-29T19:42:09","slug":"oficjalnie-mateusz-bogusz-wraca-do-mls","status":"publish","type":"post","link":"https:\/\/www.europesays.com\/pl\/232305\/","title":{"rendered":"Oficjalnie. Mateusz Bogusz wraca do MLS"},"content":{"rendered":"\n<p class=\"contentpart contentpart--default contentpart--text\" data-position=\"0\">Potwierdzi\u0142o si\u0119 to, o czym spekulowano od ponad miesi\u0105ca. Mateusz Bogusz odszed\u0142 z Cruz Azul i przeni\u00f3s\u0142 si\u0119 do Houston Dynamo. Polak wraca do USA po zaledwie roku sp\u0119dzonym w Meksyku.<\/p>\n<p class=\"contentpart contentpart--default contentpart--text\" data-position=\"1\">Bogusz nie odnalaz\u0142 si\u0119 w Cruz Azul.\u00a0\u0141\u0105cznie rozegra\u0142 39 mecz\u00f3w, a jego dorobek to trzy gole i siedem asyst. Daleko mu by\u0142o do tego, co pokazywa\u0142 w Los Angeles FC przed transferem.<\/p>\n<p>  <img decoding=\"async\" src=\"https:\/\/v.wpimg.pl\/X3dwLnN2d1IFFTpdYUl6R0ZNbgcnEHQREVV2TGEGbUtRT2MdOlZ2RBQUKABgQjQcDRotCStBd1IAAWMeIlM7VgwYIAorQAdEFFk_GCkQJQ\" alt=\"\" width=\"45\" height=\"58\" loading=\"lazy\"\/>  <\/p>\n<p class=\"contentpart contentpart--default contentpart--text\" data-position=\"2\">Zim\u0105 sporo by\u0142o o jego zachowaniu. Mia\u0142 si\u0119 zbuntowa\u0107, przesta\u0142 ucz\u0119szcza\u0107 na treningi, chc\u0105c wymusi\u0107 transfer.<\/p>\n<p class=\"contentpart contentpart--default contentpart--text\" data-position=\"3\">W czwartek transfer zosta\u0142 oficjalnie sfinalizowany. Klub z Teksasu zap\u0142aci\u0142 za Polaka ok. 6 milion\u00f3w dolar\u00f3w kwoty podstawowej i kolejne 4 miliony w bonusach. Podpisa\u0142 kontrakt do sezonu 2027\/28 z opcjami przed\u0142u\u017cenia do sezonu 2029\/30. Konkretna kwota nie pad\u0142a, natomiast w oficjalnym komunikacie mo\u017cemy przeczyta\u0107, \u017ce jest to &#8222;jedna z najwy\u017cszych kwot transferowych w historii klubu&#8221;.<\/p>\n<p class=\"contentpart contentpart--default contentpart--text\" data-position=\"4\">&#8211; Mateusz to wszechstronny zawodnik, wchodz\u0105cy w szczyt swojej kariery, kt\u00f3ry natychmiast wzmocni nasz atak &#8211; powiedzia\u0142 prezes klubu Pat Onstad. &#8211; Doskonale pasuje do naszego systemu i idealnie wpisuje si\u0119 w profil zawodnik\u00f3w, kt\u00f3rych pozyskujemy &#8211; doda\u0142.<\/p>\n<p class=\"contentpart contentpart--default contentpart--text\" data-position=\"5\">Dru\u017cyna Houston Dynamo\u00a0poprzedni sezon zako\u0144czy\u0142a na 12. miejscu w konferencji zachodniej i nie awansowa\u0142a do play-off w MLS.<\/p>\n<p>  <img decoding=\"async\" src=\"https:\/\/v.wpimg.pl\/X3dwLnN2d1IFFTpdYUl6R0ZNbgcnEHQREVV2TGEGbUtRT2MdOlZ2RBQUKABgQjQcDRotCStBd1IAAWMeIlM7VgwYIAorQAdEFFk_GCkQJQ\" alt=\"\" width=\"45\" height=\"58\" loading=\"lazy\"\/>  <\/p>\n<p class=\"contentpart contentpart--default contentpart--text\" data-position=\"6\"><a href=\"https:\/\/sportowefakty.wp.pl\/pilka-nozna\/1230340\/w-meksyku-zawiedli-sie-na-boguszu-houston-to-krok-w-tyl\" rel=\"nofollow noopener\" target=\"_blank\">&#8211; Moim zdaniem przej\u015bcie do tej dru\u017cyny MLS to dla niego krok wstecz &#8211; m\u00f3wi\u0142 nam niedawno meksyka\u0144ski dziennikarz\u00a0Irving Chavez<\/a>.<\/p>\n<p class=\"contentpart contentpart--default contentpart--text\" data-position=\"7\">ZOBACZ WIDEO: Nie zawaha\u0142 si\u0119. Zobacz kapitalnego gola<\/p>\n","protected":false},"excerpt":{"rendered":"Potwierdzi\u0142o si\u0119 to, o czym spekulowano od ponad miesi\u0105ca. Mateusz Bogusz odszed\u0142 z Cruz Azul i przeni\u00f3s\u0142 si\u0119&hellip;\n","protected":false},"author":2,"featured_media":232306,"comment_status":"","ping_status":"","sticky":false,"template":"","format":"standard","meta":{"footnotes":""},"categories":[24],"tags":[19406,39375,12740,7181,5721,989,269,42,38,40,39,41,127,126,71],"class_list":{"0":"post-232305","1":"post","2":"type-post","3":"status-publish","4":"format-standard","5":"has-post-thumbnail","7":"category-sport","8":"tag-cruz-azul","9":"tag-houston-dynamo","10":"tag-major-league-soccer","11":"tag-mateusz-bogusz","12":"tag-meksyk","13":"tag-pilka-na-swiecie","14":"tag-pilka-nozna","15":"tag-pl","16":"tag-poland","17":"tag-polish","18":"tag-polska","19":"tag-polski","20":"tag-sport","21":"tag-sports","22":"tag-usa"},"share_on_mastodon":{"url":"https:\/\/pubeurope.com\/@pl\/115980097627833508","error":""},"_links":{"self":[{"href":"https:\/\/www.europesays.com\/pl\/wp-json\/wp\/v2\/posts\/232305","targetHints":{"allow":["GET"]}}],"collection":[{"href":"https:\/\/www.europesays.com\/pl\/wp-json\/wp\/v2\/posts"}],"about":[{"href":"https:\/\/www.europesays.com\/pl\/wp-json\/wp\/v2\/types\/post"}],"author":[{"embeddable":true,"href":"https:\/\/www.europesays.com\/pl\/wp-json\/wp\/v2\/users\/2"}],"replies":[{"embeddable":true,"href":"https:\/\/www.europesays.com\/pl\/wp-json\/wp\/v2\/comments?post=232305"}],"version-history":[{"count":0,"href":"https:\/\/www.europesays.com\/pl\/wp-json\/wp\/v2\/posts\/232305\/revisions"}],"wp:featuredmedia":[{"embeddable":true,"href":"https:\/\/www.europesays.com\/pl\/wp-json\/wp\/v2\/media\/232306"}],"wp:attachment":[{"href":"https:\/\/www.europesays.com\/pl\/wp-json\/wp\/v2\/media?parent=232305"}],"wp:term":[{"taxonomy":"category","embeddable":true,"href":"https:\/\/www.europesays.com\/pl\/wp-json\/wp\/v2\/categories?post=232305"},{"taxonomy":"post_tag","embeddable":true,"href":"https:\/\/www.europesays.com\/pl\/wp-json\/wp\/v2\/tags?post=232305"}],"curies":[{"name":"wp","href":"https:\/\/api.w.org\/{rel}","templated":true}]}}