{"id":232321,"date":"2026-01-29T19:52:12","date_gmt":"2026-01-29T19:52:12","guid":{"rendered":"https:\/\/www.europesays.com\/pl\/232321\/"},"modified":"2026-01-29T19:52:12","modified_gmt":"2026-01-29T19:52:12","slug":"gmina-to-odczuje-duzy-pracodawca-zwolni-455-osob-i-zamknie-zaklad","status":"publish","type":"post","link":"https:\/\/www.europesays.com\/pl\/232321\/","title":{"rendered":"&#8222;Gmina to odczuje&#8221;. Du\u017cy pracodawca zwolni 455 os\u00f3b i zamknie zak\u0142ad"},"content":{"rendered":"\n<p class=\"ql-indent-1\">\u2013 Byli\u015bmy zaskoczeni, o\u00a0wszystkim dowiedzieli\u015bmy si\u0119 z\u00a0prasy. Wiemy, \u017ce pracodawca rozmawia ze zwi\u0105zkami zawodowymi, ale sami chcemy si\u0119 spotka\u0107, \u017ceby uzyska\u0107 oficjalne informacje dotycz\u0105ce tego, ile b\u0119dzie zwolnie\u0144 w\u00a0tym roku i\u00a0w\u00a0nast\u0119pnych. Je\u015bli odejdzie co najmniej 50 pracownik\u00f3w w\u00a0trzy miesi\u0105ce, to wchodzimy z\u00a0poradnictwem i\u00a0szkoleniami dla os\u00f3b, kt\u00f3re te wypowiedzenia otrzymaj\u0105 \u2013\u00a0t\u0142umaczy Anna Soroczy\u0144ska, dyrektorka Powiatowego Urz\u0119du Pracy w\u00a0Brzegu.<\/p>\n<p><a href=\"https:\/\/www.money.pl\/gospodarka\/zlikwiduja-zaklad-produkujacy-fotele-samochodowe-prace-ma-stracic-ponad-450-osob-7247616374184128a.html\" rel=\"noopener noreferrer nofollow\" target=\"_blank\">Strefa Biznesu poinformowa\u0142a, \u017ce w\u00a0tym roku Adient Poland zwolni 75 pracownik\u00f3w, a\u00a0w\u00a0kolejnych latach<\/a> \u2013\u00a0250, 80 oraz 50. Jak s\u0142yszymy w\u00a0Urz\u0119dzie Pracy, zwolnienia b\u0119d\u0105 problematyczne dla regionu, ale roz\u0142o\u017cenie ich na lata daje nadziej\u0119.<\/p>\n<p>Je\u017celi 450 os\u00f3b zosta\u0142oby zwolnionych jednorazowo, to by\u0142by to absolutny szok, wr\u0119cz katastrofa na naszym rynku. Natomiast, je\u015bli zwolnienia zostan\u0105 przeprowadzone etapami, to b\u0119dziemy w stanie zaj\u0105\u0107 si\u0119 tymi osobami, pom\u00f3c im. Adient to jeden z najwi\u0119kszych pracodawc\u00f3w, gmina to odczuje<\/p>\n<p>\u2013 podkre\u015bla dyrektor Soroczy\u0144ska.<\/p>\n<p> <img role=\"presentation\" class=\"absolute left-1\/2 top-1\/2 max-h-[80%] max-w-[100px] -translate-x-1\/2 -translate-y-1\/2\" src=\"https:\/\/v.wpimg.pl\/ZXJfd3AudTkrBBIAbg54LGhcRlAxHQUrPgJGH2MAeGJoSQ1eIBI_K2UHAEVuBTY5KQMMXC0RPyoVERQdMgM9ejc\" loading=\"lazy\" decoding=\"async\"\/> <\/p>\n<p>Dodaje, \u017ce &#8222;tak du\u017cych zwolnie\u0144 nie by\u0142o od co najmniej kilkunastu lat i\u00a0zamkni\u0119cia fabryki cukierk\u00f3w Odra oraz sp\u00f3\u0142dzielni mleczarskiej w\u00a0Brzegu&#8221;.<\/p>\n<p>KSeF od lutego. &#8222;Ryzyko awarii realne&#8221;<\/p>\n<p>Cios dla gminy<\/p>\n<p>W oddziale Metal Adient w\u00a0Skarbimierzu powstaj\u0105 metalowe konstrukcje i\u00a0mechanizmy do foteli samochodowych. W\u00a0tej samej miejscowo\u015bci dzia\u0142a te\u017c drugi zak\u0142ad, gdzie produkowane s\u0105 fotele do samochod\u00f3w ci\u0119\u017carowych. Tam mo\u017ce trafi\u0107 cz\u0119\u015b\u0107 pracownik\u00f3w. To nadal jednak b\u0119dzie cios dla gminy, w\u00a0kt\u00f3rej \u017cyje ok. 8\u00a0tys. os\u00f3b.<\/p>\n<p> <img role=\"presentation\" class=\"absolute left-1\/2 top-1\/2 max-h-[80%] max-w-[100px] -translate-x-1\/2 -translate-y-1\/2\" src=\"https:\/\/v.wpimg.pl\/ZXJfd3AudTkrBBIAbg54LGhcRlAxHQUrPgJGH2MAeGJoSQ1eIBI_K2UHAEVuBTY5KQMMXC0RPyoVERQdMgM9ejc\" loading=\"lazy\" decoding=\"async\"\/> <\/p>\n<p class=\"ql-indent-1\">\u2013 W\u00a0zak\u0142adzie Metal zatrudnione s\u0105 593 osoby, a\u00a0pracodawca poinformowa\u0142 nas o\u00a0zamiarze zwolnienia 455 os\u00f3b \u2013\u00a0przyznaje Dariusz Brz\u0119czek, przewodnicz\u0105cy &#8222;Solidarno\u015bci&#8221; w\u00a0regionie \u015al\u0105ska Opolskiego.<\/p>\n<p> <a href=\"https:\/\/www.money.pl\/gospodarka\/z-andrzeja-do-meksyku-i-malezji-serce-bylej-walcowni-mialo-wyjechac-z-polski-7214287252699744a.html\" class=\"teaser-inline\" rel=\"nofollow noopener\" target=\"_blank\">  <img decoding=\"async\" src=\"https:\/\/www.europesays.com\/pl\/wp-content\/uploads\/2026\/01\/NTRiMzhiYTUzCztJRxJsIHBTbxMBS2J2J0t3WEdYfGxiEWIcAQUrJjcZIlQPGzskMx49VBgFYTUiAGIMWUYqPSEZIRsRRis5MAwp.jpeg\" width=\"0\" height=\"0\" loading=\"lazy\" class=\"wp-media-image cropped\" alt=\"Z &quot;Andrzeja&quot; do Meksyku i Malezji. &quot;Serce&quot; by\u0142ej walcowni mia\u0142o wyjecha\u0107 z Polski\"\/><\/p>\n<p>Z &#8222;Andrzeja&#8221; do Meksyku i Malezji. &#8222;Serce&#8221; by\u0142ej walcowni mia\u0142o wyjecha\u0107 z Polski<\/p>\n<p><\/a> <\/p>\n<p>W jego ocenie &#8222;to b\u0119dzie ogromna strata dla Skarbimierza&#8221; i\u00a0ca\u0142ej Opolszczyzny, gdzie w\u00a0ostatnich latach nie brakuje zwolnie\u0144.<\/p>\n<p> <img role=\"presentation\" class=\"absolute left-1\/2 top-1\/2 max-h-[80%] max-w-[100px] -translate-x-1\/2 -translate-y-1\/2\" src=\"https:\/\/v.wpimg.pl\/ZXJfd3AudTkrBBIAbg54LGhcRlAxHQUrPgJGH2MAeGJoSQ1eIBI_K2UHAEVuBTY5KQMMXC0RPyoVERQdMgM9ejc\" loading=\"lazy\" decoding=\"async\"\/> <\/p>\n<p><a href=\"https:\/\/www.money.pl\/gospodarka\/zniknie-z-mapy-walcownia-andrzej-konczy-dzialalnosc-7075641917160320a.html\" rel=\"noopener noreferrer nofollow\" target=\"_blank\">Zamkni\u0119to Walcowni\u0119 Rur Andrzej w Zawadzkiem<\/a>, niemieck\u0105 <a href=\"https:\/\/www.money.pl\/gospodarka\/koniec-zakladu-w-opolu-niemcy-pytaja-moze-przeprowadzka-7054655243319840a.html\" rel=\"noopener noreferrer nofollow\" target=\"_blank\">sp\u00f3\u0142k\u0119 Generator Produkcja<\/a> zajmuj\u0105c\u0105 si\u0119 produkcj\u0105 generator\u00f3w do turbin wiatrowych i <a href=\"https:\/\/www.money.pl\/gospodarka\/browar-namyslow-konczy-700-letnia-historie-burmistrz-komentuje-7217140697975392a.html\" rel=\"noopener noreferrer nofollow\" target=\"_blank\">Browar Namys\u0142\u00f3w<\/a>. Zamyka si\u0119 te\u017c Adient. Do tego dochodz\u0105 zwolnienia w Poczcie Polskiej i PKP Cargo<\/p>\n<p>\u2013 wylicza Brz\u0119czek.<\/p>\n<p>Bezrobocie w\u00a0Opolskiem si\u0119ga 6,2 proc., ale w\u00a0opinii Brz\u0119czka te oficjalne dane to &#8222;czarowanie rzeczywisto\u015bci&#8221;. \u2013\u00a0S\u0105 regiony, gdzie bezrobocie jest wi\u0119ksze. W\u00a0G\u0142ubczycach to 11 proc., w\u00a0powiecie namys\u0142owskim prawie 10 proc., a\u00a0w\u00a0Brzegu ok. 9\u00a0proc. To nie jest \u0142atwa sytuacja dla lokalnego spo\u0142ecze\u0144stwa \u2013\u00a0podkre\u015bla.<\/p>\n<p>Zast\u0119pca w\u00f3jta gminy Skarbimierz Bogus\u0142aw G\u0105siorowski wierzy, \u017ce uda si\u0119 zminimalizowa\u0107 straty.  <\/p>\n<p> <img role=\"presentation\" class=\"absolute left-1\/2 top-1\/2 max-h-[80%] max-w-[100px] -translate-x-1\/2 -translate-y-1\/2\" src=\"https:\/\/v.wpimg.pl\/ZXJfd3AudTkrBBIAbg54LGhcRlAxHQUrPgJGH2MAeGJoSQ1eIBI_K2UHAEVuBTY5KQMMXC0RPyoVERQdMgM9ejc\" loading=\"lazy\" decoding=\"async\"\/> <\/p>\n<p>Po\u0142udniowokorea\u0144ski inwestor przymierza si\u0119 do wej\u015bcia na teren gminy. Wci\u0105\u017c mamy tereny inwestycyjne, mo\u017ce cz\u0119\u015b\u0107 zwolnionych os\u00f3b zostanie zagospodarowana. Takie jest moje marzenie. Niestety bran\u017ca motoryzacyjna obrywa z powodu wyprowadzenia produkcji do Chin<\/p>\n<p>\u2013 ocenia G\u0105siorowski w rozmowie z money.pl.<\/p>\n<p>Wspomniany korea\u0144ski inwestor mia\u0142by zaj\u0105\u0107 si\u0119 w\u00a0gminie Skarbimierz produkcj\u0105 element\u00f3w do samochod\u00f3w elektrycznych. G\u0105siorowski nie chce jednak ujawni\u0107, o\u00a0jak\u0105 konkretnie firm\u0119 i\u00a0produkcj\u0119 chodzi. <\/p>\n<p><a href=\"https:\/\/www.money.pl\/gospodarka\/koreanski-gigant-pod-wroclawiem-uruchomi-produkcje-magazynow-energii-7222746337590208a.html\" rel=\"noopener noreferrer nofollow\" target=\"_blank\">Przypomnijmy, \u017ce w\u00a0Biskupicach Podg\u00f3rnych pod Wroc\u0142awiem mie\u015bci si\u0119 fabryka LG Energy Solution, gdzie wytwarza si\u0119 rocznie nawet milion baterii do aut elektrycznych.<\/a> Obecnie trwaj\u0105 tam prace nad uruchomieniem linii produkcyjnej system\u00f3w dla magazyn\u00f3w energii. Pojawienie si\u0119 korea\u0144skiej inwestycji w\u00a0po\u0142udniowo-zachodniej Polsce nie by\u0142oby wi\u0119c niczym nowym.<\/p>\n<p> <img role=\"presentation\" class=\"absolute left-1\/2 top-1\/2 max-h-[80%] max-w-[100px] -translate-x-1\/2 -translate-y-1\/2\" src=\"https:\/\/v.wpimg.pl\/ZXJfd3AudTkrBBIAbg54LGhcRlAxHQUrPgJGH2MAeGJoSQ1eIBI_K2UHAEVuBTY5KQMMXC0RPyoVERQdMgM9ejc\" loading=\"lazy\" decoding=\"async\"\/> <a href=\"https:\/\/www.money.pl\/gospodarka\/zwolnienia-grupowe-w-polsce-rok-2025-byl-rekordowy-7247834629335232a.html\" class=\"teaser-inline\" rel=\"nofollow noopener\" target=\"_blank\">  <img decoding=\"async\" src=\"https:\/\/www.europesays.com\/pl\/wp-content\/uploads\/2026\/01\/YjhhY2MzdgsJCi8BYgF7HkpSe1skWHVIHUpjEGJLa1JYEHZUJBY8GA0YNhwqCCwaCR8pHD0WdgsYAXZEfFU9AxsYNVM0VTwHCg09.jpeg\" width=\"0\" height=\"0\" loading=\"lazy\" class=\"wp-media-image cropped\" alt=\"Zwolnienia grupowe w Polsce. Rok 2025 by\u0142 rekordowy\"\/><\/p>\n<p>Zwolnienia grupowe w Polsce. Rok 2025 by\u0142 rekordowy<\/p>\n<p><\/a> <\/p>\n<p>Dariusz Brz\u0119czek przypomina, \u017ce problemy sektora motoryzacyjnego rozpocz\u0119\u0142y si\u0119 od zwolnie\u0144 w\u00a0Bielsku-Bia\u0142ej, <a href=\"https:\/\/www.money.pl\/gospodarka\/koniec-fabryki-silnikow-w-bielsku-bialej-sprzet-w-brazylii-pieniadze-w-turynie-7204708322880256a.html\" rel=\"noopener noreferrer nofollow\" target=\"_blank\">gdzie upad\u0142a sp\u00f3\u0142ka FCA Powertrain produkuj\u0105ca silniki. <\/a>Proces zamykania fabryki rozpocz\u0105\u0142 si\u0119 w\u00a02023 r., a\u00a0produkcja silnik\u00f3w zako\u0144czy\u0142a si\u0119 w\u00a0po\u0142owie 2024 r. <a href=\"https:\/\/www.money.pl\/gospodarka\/zwolnienia-grupowe-w-polskim-zakladzie-najwieksze-od-10-lat-6868937872820864a.html\" rel=\"noopener noreferrer nofollow\" target=\"_blank\">W tym czasie zwolniono ponad 470 pracownik\u00f3w, a\u00a0maj\u0105tek sp\u00f3\u0142ki zosta\u0142 up\u0142ynniony<\/a>. Cz\u0119\u015b\u0107 maszyn trafi\u0142a do fabryki w\u00a0Brazylii.<\/p>\n<p>Natomiast w\u00a0po\u0142owie stycznia pisali\u015bmy o\u00a0problemach w\u00a0fabryce Stellantis w\u00a0Tychach, gdzie zamiast trzech zmian, b\u0119d\u0105 dwie. <a href=\"https:\/\/www.money.pl\/gospodarka\/beda-tylko-dwie-zmiany-w-fabryce-w-tychach-stellantis-potwierdza-zwolnienia-grupowe-7243039507745088a.html\" rel=\"noopener noreferrer nofollow\" target=\"_blank\">Zwi\u0105zki zawodowe ostrzegaj\u0105, \u017ce prac\u0119 mo\u017ce straci\u0107 740 os\u00f3b.<\/a><\/p>\n<p> <img role=\"presentation\" class=\"absolute left-1\/2 top-1\/2 max-h-[80%] max-w-[100px] -translate-x-1\/2 -translate-y-1\/2\" src=\"https:\/\/v.wpimg.pl\/ZXJfd3AudTkrBBIAbg54LGhcRlAxHQUrPgJGH2MAeGJoSQ1eIBI_K2UHAEVuBTY5KQMMXC0RPyoVERQdMgM9ejc\" loading=\"lazy\" decoding=\"async\"\/> <\/p>\n<p>Zak\u0142ad w\u00a0Tychach zatrudnia obecnie nieco ponad 2,3 tys. os\u00f3b. W\u00a0fabryce produkowane s\u0105 trzy modele samochod\u00f3w \u2013\u00a0Alfa Romeo Junior, Fiat 600 oraz Jeep Avenger.  <\/p>\n<p class=\"ql-indent-1\"> \u2013\u00a0W\u00a0bran\u017c\u0119 motoryzacyjn\u0105 uderzy\u0142 kryzys energetyczny i\u00a0wi\u0119ksze koszty spowodowane Zielonym \u0141adem \u2013\u00a0uwa\u017ca Brz\u0119czek. \u2013\u00a0G\u0142o\u015bno jest o\u00a0zwolnieniach grupowych, ale nie brakuje &#8222;cichych zwolnie\u0144&#8221;, gdzie pracownik\u00f3w ubywa poprzez odej\u015bcia emerytalne lub za porozumieniem stron \u2013\u00a0dodaje.<\/p>\n<p> <a href=\"https:\/\/www.money.pl\/gospodarka\/firma-zwolni-80-proc-pracownikow-rynek-pracy-w-glebokim-kryzysie-7206142328834848a.html\" class=\"teaser-inline\" rel=\"nofollow noopener\" target=\"_blank\">  <img decoding=\"async\" src=\"https:\/\/www.europesays.com\/pl\/wp-content\/uploads\/2026\/01\/MWQ2MTViYjYwUDtneRJvI3MIbz0_S2F1JBB3dnlYf29hSmIyPwUoJTRCInoxGzgnMEU9eiYFYjYhW2IiZ0YpPiJCITUvRig6M1cp.jpeg\" width=\"0\" height=\"0\" loading=\"lazy\" class=\"wp-media-image cropped\" alt=\"Zwolni\u0105 80 proc. pracownik\u00f3w. &quot;Rynek pracy w g\u0142\u0119bokim kryzysie&quot;\"\/><\/p>\n<p>Zwolni\u0105 80 proc. pracownik\u00f3w. &#8222;Rynek pracy w g\u0142\u0119bokim kryzysie&#8221;<\/p>\n<p><\/a><\/p>\n<p>&#8222;Wyszkolony pracownik to skarb&#8221;<\/p>\n<p>Rozczarowania sytuacj\u0105 w\u00a0Skarbimierzu nie ukrywa J\u00f3zef Jastrz\u0119bski z\u00a0zak\u0142adowej &#8222;S&#8221; w\u00a0Adiencie.  <\/p>\n<blockquote class=\"ql-indent-1\"><p>To zaskoczenie, bo jako oddzia\u0142 Metal byli\u015bmy nagradzani za jako\u015b\u0107, a\u00a0tu otrzymali\u015bmy pismo od pracodawcy o\u00a0zamiarze przeprowadzenia zwolnie\u0144 grupowych. Je\u015bli nie uda si\u0119 zachowa\u0107 miejsc pracy, to zrobimy wszystko, \u017ceby ochroni\u0107 pracownik\u00f3w \u2013\u00a0zapowiada.<\/p><\/blockquote>\n<p>2 lutego zwi\u0105zkowcy spotkaj\u0105 z\u00a0przedstawicielami Adientu, \u017ceby om\u00f3wi\u0107 proces przeprowadzania zwolnie\u0144 grupowych, w\u00a0tym odpraw oraz ewentualnych przenosin cz\u0119\u015bci za\u0142ogi do innych zak\u0142ad\u00f3w. Jastrz\u0119bski zaznacza jednak, \u017ce dop\u00f3ki takie zapowiedzi &#8222;nie znajd\u0105 si\u0119 na pi\u015bmie&#8221;, dop\u00f3ty nie mo\u017cna spa\u0107 spokojnie.<\/p>\n<p>\u2013 Dobry, szkolony przez lata pracownik to skarb. Dzi\u0119ki niemu osi\u0105ga\u0142o si\u0119 najwy\u017csze standardy europejskie i\u00a0\u015bwiatowe. Nie chcemy, \u017ceby dosz\u0142o do katastrofy dla pracownika, jako cz\u0142owieka. Nie zapominajmy, \u017ce pracownik to przede wszystkim cz\u0142owiek \u2013\u00a0ko\u0144czy Jastrz\u0119bski.<\/p>\n<p>Piotr Bera, dziennikarz money.pl<\/p>\n","protected":false},"excerpt":{"rendered":"\u2013 Byli\u015bmy zaskoczeni, o\u00a0wszystkim dowiedzieli\u015bmy si\u0119 z\u00a0prasy. Wiemy, \u017ce pracodawca rozmawia ze zwi\u0105zkami zawodowymi, ale sami chcemy si\u0119&hellip;\n","protected":false},"author":2,"featured_media":232322,"comment_status":"","ping_status":"","sticky":false,"template":"","format":"standard","meta":{"footnotes":""},"categories":[16],"tags":[113,112,42,38,40,39,41],"class_list":{"0":"post-232321","1":"post","2":"type-post","3":"status-publish","4":"format-standard","5":"has-post-thumbnail","7":"category-biznes","8":"tag-biznes","9":"tag-business","10":"tag-pl","11":"tag-poland","12":"tag-polish","13":"tag-polska","14":"tag-polski"},"share_on_mastodon":{"url":"https:\/\/pubeurope.com\/@pl\/115980136992219740","error":""},"_links":{"self":[{"href":"https:\/\/www.europesays.com\/pl\/wp-json\/wp\/v2\/posts\/232321","targetHints":{"allow":["GET"]}}],"collection":[{"href":"https:\/\/www.europesays.com\/pl\/wp-json\/wp\/v2\/posts"}],"about":[{"href":"https:\/\/www.europesays.com\/pl\/wp-json\/wp\/v2\/types\/post"}],"author":[{"embeddable":true,"href":"https:\/\/www.europesays.com\/pl\/wp-json\/wp\/v2\/users\/2"}],"replies":[{"embeddable":true,"href":"https:\/\/www.europesays.com\/pl\/wp-json\/wp\/v2\/comments?post=232321"}],"version-history":[{"count":0,"href":"https:\/\/www.europesays.com\/pl\/wp-json\/wp\/v2\/posts\/232321\/revisions"}],"wp:featuredmedia":[{"embeddable":true,"href":"https:\/\/www.europesays.com\/pl\/wp-json\/wp\/v2\/media\/232322"}],"wp:attachment":[{"href":"https:\/\/www.europesays.com\/pl\/wp-json\/wp\/v2\/media?parent=232321"}],"wp:term":[{"taxonomy":"category","embeddable":true,"href":"https:\/\/www.europesays.com\/pl\/wp-json\/wp\/v2\/categories?post=232321"},{"taxonomy":"post_tag","embeddable":true,"href":"https:\/\/www.europesays.com\/pl\/wp-json\/wp\/v2\/tags?post=232321"}],"curies":[{"name":"wp","href":"https:\/\/api.w.org\/{rel}","templated":true}]}}