{"id":232325,"date":"2026-01-29T19:54:49","date_gmt":"2026-01-29T19:54:49","guid":{"rendered":"https:\/\/www.europesays.com\/pl\/232325\/"},"modified":"2026-01-29T19:54:49","modified_gmt":"2026-01-29T19:54:49","slug":"prezydent-pominiety-podczas-uroczystosci-w-auschwitz-kolarski-to-rzecz-niegodna","status":"publish","type":"post","link":"https:\/\/www.europesays.com\/pl\/232325\/","title":{"rendered":"Prezydent pomini\u0119ty podczas uroczysto\u015bci w Auschwitz? Kolarski: to rzecz niegodna"},"content":{"rendered":"<p>Magdalena Rigamonti: Panie ministrze, Piotr Cywi\u0144ski, dyrektor Muzeum Auschwitz, i ca\u0142a Rada O\u015bwi\u0119cimska ograniczyli dost\u0119p polityk\u00f3w do g\u0142\u00f3wnych uroczysto\u015bci rocznicy wyzwolenia obozu Auschwitz-Birkenau?<\/p>\n<p>Min. Wojciech Kolarski, Kancelaria Prezydenta: Uroczysto\u015bci mia\u0142y sw\u00f3j sta\u0142y scenariusz. Zawsze by\u0142o wyst\u0105pienie przedstawiciela w\u0142adz, zawsze w pierwszej kolejno\u015bci, co jest zrozumia\u0142e i oczywiste, poniewa\u017c \u015bwiadczy o najwy\u017cszym wyrazie szacunku.<\/p>\n<p>W zesz\u0142ym roku prezydent Andrzej Duda, z kt\u00f3rym pan pracowa\u0142 jako minister w Kancelarii Prezydenta, nie przemawia\u0142 podczas g\u0142\u00f3wnych uroczysto\u015bci. <\/p>\n<p>Wcze\u015bniej jednak zabierali g\u0142os ocaleni, potem w\u0142adze Rzeczypospolitej i przedstawiciele w\u0142adz Izraela. Przed 2015 r. tak\u017ce przedstawiciel Federacji Rosyjskiej.<\/p>\n<p class=\"Paragraph_desktopParagraph__U31Gm\">Na jednej z okr\u0105g\u0142ych rocznic by\u0142 W\u0142adimir Putin.<\/p>\n<p class=\"Paragraph_desktopParagraph__U31Gm\">Po aneksji Krymu, ju\u017c nie by\u0142 zapraszany. Natomiast w 2016 r. na uroczysto\u015bciach w Auschwitz prezydent Duda zabra\u0142 g\u0142os. W kolejnych latach, kiedy reprezentowa\u0142em prezydenta i by\u0142em najwy\u017cszym przedstawicielem w\u0142adz Rzeczypospolitej, ja zabiera\u0142em g\u0142os. Dwa lata temu, kiedy najwy\u017cszym przedstawicielem w\u0142adz by\u0142a pani marsza\u0142ek Kidawa-B\u0142o\u0144ska, to ona zabra\u0142a g\u0142os. Natomiast w 80. rocznic\u0119 wyzwolenia obozu, z racji tego, \u017ce by\u0142o tak wiele delegacji pa\u0144stwowych z ca\u0142ego \u015bwiata, zabierali g\u0142os tylko ocaleni. Tak postanowiono na podstawie uchwa\u0142y Mi\u0119dzynarodowej Rady O\u015bwi\u0119cimskiej. Wiedzieli\u015bmy w Kancelarii Prezydenta, \u017ce g\u0142os b\u0119dzie oddany ocalonym.<\/p>\n<p class=\"Paragraph_desktopParagraph__U31Gm\">I tak by\u0142o te\u017c w tym roku. <\/p>\n<p class=\"Paragraph_desktopParagraph__U31Gm\">Dlatego zadbali\u015bmy o to, \u017ceby prezydent na terenie obozu z\u0142o\u017cy\u0142 ho\u0142d, sk\u0142adaj\u0105c kwiaty razem z m\u0142odzie\u017c\u0105 pod \u015acian\u0105 \u015amierci, a potem zabra\u0142 g\u0142os.<\/p>\n<p class=\"Paragraph_desktopParagraph__U31Gm\">M\u00f3wi pan o prezydencie Dudzie?<\/p>\n<p class=\"Paragraph_desktopParagraph__U31Gm\">M\u00f3wi\u0119 o prezydencie Nawrockim. W zesz\u0142ym roku prezydent Duda te\u017c tak zrobi\u0142. Nie m\u00f3g\u0142 zabra\u0107 g\u0142osu w czasie uroczysto\u015bci, w zwi\u0105zku z tym zadbali\u015bmy o to, \u017ceby wypowiedzia\u0142 si\u0119 dla medi\u00f3w ju\u017c po g\u0142\u00f3wnych uroczysto\u015bciach. Nie to jest jednak problemem, tylko to, co si\u0119 wydarzy\u0142o 27 stycznia w czasie uroczysto\u015bci rocznicowych w Muzeum Pami\u0119ci Auschwitz. Brak publicznego powitania prezydenta podczas uroczysto\u015bci to sytuacja niewyt\u0142umaczalna, zaskakuj\u0105ca i zadziwiaj\u0105ca.<\/p>\n<p><img decoding=\"async\" class=\"Image_image__0tuHp Image_autoHeight__f2n87 \" height=\"587\" width=\"880\" src=\"https:\/\/www.europesays.com\/pl\/wp-content\/uploads\/2026\/01\/UhBk9kuTURBXy81NTI5MzBjZS05MDBmLTQ1YWMtOGE2YS1mZTBlZWI1NDE4YzkuanBlZ5KVAs0DrADCw5UCAM0CS8LD3gADoTABo.jpeg\" alt=\"Karol Nawrocki podczas obchod\u00f3w 81. rocznicy wyzwolenia obozu w Auschwitz  \" loading=\"lazy\" \/>PAP\/Jarek Praszkiewicz<\/p>\n<p>Karol Nawrocki podczas obchod\u00f3w 81. rocznicy wyzwolenia obozu w Auschwitz  <\/p>\n<p class=\"Paragraph_desktopParagraph__U31Gm\">Kto, pana zdaniem, powinien to zrobi\u0107? Dyrektor Piotr Cywi\u0144ski, czy te\u017c prowadz\u0105cy ca\u0142\u0105 uroczysto\u015b\u0107 Marek Zaj\u0105c?<\/p>\n<p class=\"Paragraph_desktopParagraph__U31Gm\">To nie jest do mnie pytanie. Fakt jest taki, \u017ce po raz pierwszy Prezydent Rzeczpospolitej nie zosta\u0142 przywitany na uroczysto\u015bciach rocznicowych w Muzeum Auschwitz.<\/p>\n<p class=\"Paragraph_desktopParagraph__U31Gm\">Panie ministrze, ale jak rozumiem, jest jaki\u015b scenariusz spotkania, do kt\u00f3rego Kancelaria Prezydenta ma dost\u0119p przed wydarzeniem, obowi\u0105zuje jaki\u015b protok\u00f3\u0142, ustala si\u0119 wcze\u015bniej, co b\u0119dzie powiedziane na temat g\u0142owy pa\u0144stwa. <\/p>\n<p class=\"Paragraph_desktopParagraph__U31Gm\">Nie, nigdy tak nie jest. To nie jest przyj\u0119te, to nie jest kwestia protoko\u0142u. To jest kwestia pewnych elementarnych zasad, kt\u00f3re polegaj\u0105 na okazywaniu szacunku g\u0142owie pa\u0144stwa. Przez ca\u0142y czas mojej pracy w Kancelarii Prezydenta, a to ju\u017c dobrych par\u0119 lat, nie spotka\u0142em si\u0119 z tak\u0105 sytuacj\u0105, \u017ceby Prezydent Rzeczypospolitej, bior\u0105c udzia\u0142 w jakiej\u015b uroczysto\u015bci nie zosta\u0142 powitany przez organizatora. Przyj\u0119te jest, \u017ce prezydent swoim udzia\u0142em nadaje wydarzeniu najwy\u017cszy wymiar pa\u0144stwowej uroczysto\u015bci.<\/p>\n<p class=\"Paragraph_desktopParagraph__U31Gm\">I tu, o ironio, prezydent nie zosta\u0142 przywitany przez prowadz\u0105cego uroczysto\u015bci w Muzeum Auschwitz, natomiast wprost do prezydenta zwr\u00f3ci\u0142 si\u0119 przedstawiciel darczy\u0144c\u00f3w, kt\u00f3ry zabiera\u0142 g\u0142os. Ju\u017c na pocz\u0105tku powiedzia\u0142: Panie prezydencie\u2026 Ciekawe, \u017ce dla osoby z zewn\u0105trz jest naturalne, \u017ce je\u015bli wydarzenie honoruje swoim udzia\u0142em g\u0142owa pa\u0144stwa, to trzeba si\u0119 w pierwszej kolejno\u015bci zwr\u00f3ci\u0107 w\u0142a\u015bnie do niej.<\/p>\n<p class=\"Paragraph_desktopParagraph__U31Gm\">I pan, i pan prezydent Nawrocki uwa\u017cacie, \u017ce nie zosta\u0142 on przywitany intencjonalnie, \u017ce to przywitanie nie zosta\u0142o wypowiedziane specjalnie?<\/p>\n<p class=\"Paragraph_desktopParagraph__U31Gm\">Nie, ja tego tak nie traktuj\u0119. Ja zauwa\u017cam fakt i ten fakt jest bulwersuj\u0105cy. Pani zadaje mi takie pytanie, ja na nie odpowiadam.<\/p>\n<p>&#8222;Rzecz niegodna to brak powitania prezydenta&#8221; <\/p>\n<p class=\"Paragraph_desktopParagraph__U31Gm\">Jak pan prezydent przyj\u0105\u0142 t\u0119 sytuacj\u0119? Wkurzy\u0142 si\u0119?<\/p>\n<p class=\"Paragraph_desktopParagraph__U31Gm\">Prezydent przyjecha\u0142 tam dlatego, \u017ceby odda\u0107 ho\u0142d wszystkim ofiarom Auschwitz. I taki by\u0142 cel tej wizyty.<\/p>\n<p class=\"Paragraph_desktopParagraph__U31Gm\">Pan dosta\u0142 zielone \u015bwiat\u0142o od prezydenta, \u017ceby porusza\u0107 t\u0119 spraw\u0119, m\u00f3wi\u0107 publicznie, \u017ce prezydent nie zosta\u0142 oficjalnie przywitany w Auschwitz?<\/p>\n<p class=\"Paragraph_desktopParagraph__U31Gm\"> To pa\u0144stwo dzwonicie w tej sprawie do mnie.<\/p>\n<p class=\"Paragraph_desktopParagraph__U31Gm\">Nie, to pan powiedzia\u0142 to pierwszy w Radiu Wnet. <\/p>\n<p class=\"Paragraph_desktopParagraph__U31Gm\">Zosta\u0142em zaproszony do Radia Wnet. Natomiast wcze\u015bniej by\u0142em o to pytany przez dyplomat\u00f3w przedstawicieli Korpusu, kt\u00f3rzy byli na miejscu, w Muzeum Auschwitz, dlaczego prezydent nie zosta\u0142 powitany.<\/p>\n<p class=\"Paragraph_desktopParagraph__U31Gm\">Jak pan to politycznie interpretuje?<\/p>\n<p class=\"Paragraph_desktopParagraph__U31Gm\">Nie interpretuje tego politycznie, tylko m\u00f3wi\u0119 o tym.<\/p>\n<p class=\"Paragraph_desktopParagraph__U31Gm\">Przecie\u017c to jest polityka. <\/p>\n<p class=\"Paragraph_desktopParagraph__U31Gm\">Powt\u00f3rz\u0119. Pan prezydent tam pojecha\u0142 po to, \u017ceby odda\u0107 ho\u0142d milionom ofiar. I nie, to nie jest miejsce do uprawiania polityki.<\/p>\n<p class=\"Paragraph_desktopParagraph__U31Gm\">Mo\u017ce trzeba by\u0142o tej sprawy powitania w og\u00f3le nie podnosi\u0107.<\/p>\n<p class=\"Paragraph_desktopParagraph__U31Gm\">W takim razie prosz\u0119 zapyta\u0107, dlaczego przedstawiciele medi\u00f3w w tej sprawie dzwoni\u0105. Dlaczego pani do mnie dzwoni?<\/p>\n<p class=\"Paragraph_desktopParagraph__U31Gm\">Bo to pan zacz\u0105\u0142 m\u00f3wi\u0107 o tym publicznie. Kancelaria Prezydenta, prezydent Karol Nawrocki oczekuje przeprosin od dyrektora Muzeum Auschwitz?<\/p>\n<p class=\"Paragraph_desktopParagraph__U31Gm\">To by\u0142a godna uroczysto\u015b\u0107, natomiast rzecz niegodna to brak powitania prezydenta, kt\u00f3ra nie powinna mie\u0107 miejsca na \u017cadnym wydarzeniu. Co wi\u0119cej, prezydent obj\u0105\u0142 honorowym patronatem t\u0119 uroczysto\u015b\u0107.<\/p>\n<p>Oni nie mog\u0105 pogodzi\u0107 si\u0119 w werdyktem Polak\u00f3w <\/p>\n<p class=\"Paragraph_desktopParagraph__U31Gm\">Na stronie Muzeum Auschwitz ta informacja jest opublikowania wielkimi literami. Panie ministrze, dlaczego przedstawiciele Koalicji Obywatelskiej i Lewicy nie chcieli si\u0119 spotka\u0107 z prezydentem?<\/p>\n<p class=\"Paragraph_desktopParagraph__U31Gm\">Prezydent Nawrocki otwiera drzwi do pa\u0142acu, zaprasza do rozmowy o najwa\u017cniejszych sprawach dla Polski i z tego zaproszenia mo\u017cna skorzysta\u0107, b\u0105d\u017a nie.<\/p>\n<p class=\"Paragraph_desktopParagraph__U31Gm\">To jest afront dla prezydenta?<\/p>\n<p class=\"Paragraph_desktopParagraph__U31Gm\">To jest afront dla wyborc\u00f3w KO i Lewicy, kt\u00f3rzy jednak oczekuj\u0105 wsp\u00f3\u0142pracy polityk\u00f3w w najwa\u017cniejszych sprawach. Traktuj\u0119 odmow\u0119 przyj\u0119cia zaproszenia przez polityk\u00f3w Koalicji Obywatelskiej i Lewicy jako kolejny dow\u00f3d na to, \u017ce nie mog\u0105 pogodzi\u0107 si\u0119 z werdyktem Polak\u00f3w dokonanym 1 czerwca. Prezydentem Rzeczpospolitej jest Karol Nawrocki, wybrany przez 10,5 miliona Polak\u00f3w.<\/p>\n<p class=\"Paragraph_desktopParagraph__U31Gm\">Rodziny \u017co\u0142nierzy poleg\u0142ych w Afganistanie, z kt\u00f3rymi rozmawia\u0142am oczekuj\u0105, \u017ce po s\u0142owach Donalda Trumpa, dyskredytuj\u0105cych nasz udzia\u0142 w Afganistanie, oczekuj\u0105, \u017ce prezydent b\u0119dzie broni\u0142 dobrego imienia polskich \u017co\u0142nierzy. <\/p>\n<p class=\"Paragraph_desktopParagraph__U31Gm\">Prezydent Nawrocki zawsze stoi po stronie polskich \u017co\u0142nierzy. Nie musi tego udowadnia\u0107, bo zawsze sta\u0142 za polskim mundurem. Nawet kiedy politycy, kt\u00f3rzy dzisiaj tak bardzo domagaj\u0105 si\u0119 jakiego\u015b prezydenckiego stanowiska w sprawie s\u0142\u00f3w prezydenta Trumpa, atakowali polskich \u017co\u0142nierzy, polskich funkcjonariuszy.<\/p>\n<p class=\"Paragraph_desktopParagraph__U31Gm\">W kwestii Afganistanu, szacunku dla tych, kt\u00f3rzy zgin\u0119li lub stracili zdrowie, politycy raczej wypowiadaj\u0105 si\u0119 jednoznacznie pozytywnie. <\/p>\n<p class=\"Paragraph_desktopParagraph__U31Gm\">M\u00f3wi\u0119 o tym momencie, kiedy polscy funkcjonariusze bronili wschodniej granicy przed atakiem hybrydowym, kiedy pada\u0142y haniebne sformu\u0142owania o \u017co\u0142nierzach w rodzaju &#8222;wataha&#8230;&#8221;. Wtedy ci, kt\u00f3rzy tak bardzo si\u0119 domagaj\u0105 od prezydenta kolejnego stanowiska w sprawie s\u0142\u00f3w prezydenta Trumpa\u2026<\/p>\n<p class=\"Paragraph_desktopParagraph__U31Gm\">Panie ministrze, nie pyta\u0142am pana o polityk\u00f3w, m\u00f3wi\u0142am o rodzinach poleg\u0142ych \u017co\u0142nierzy. <\/p>\n<p class=\"Paragraph_desktopParagraph__U31Gm\">Prezydent powiedzia\u0142, \u017ce ci \u017co\u0142nierze to s\u0105 nasi bohaterowie. 21 grudnia, w Dzie\u0144 Pami\u0119ci o Poleg\u0142ych i Zmar\u0142ych w Misjach i Operacjach Wojskowych poza Granicami Pa\u0144stwa, skierowa\u0142 takie s\u0142owa do rodzin 43 \u017co\u0142nierzy, kt\u00f3rzy stracili \u017cycie w Afganistanie.<\/p>\n<p class=\"Paragraph_desktopParagraph__U31Gm\">Prezydent Trump zdeprecjonowa\u0142 ich kilka dni temu. Teraz, w drugiej po\u0142owie stycznia. Kiedy Brytyjczycy si\u0119 oburzyli na jego s\u0142owami, to przeprosi\u0142. G\u0142owa pa\u0144stwa polskiego si\u0119 nie oburzy\u0142a, wi\u0119c polskich \u017co\u0142nierzy nie przeprosi\u0142. <\/p>\n<p class=\"Paragraph_desktopParagraph__U31Gm\">Prezydent Nawrocki jest konsekwentny, ca\u0142y czas ma takie samo stanowisko w sprawie polskich \u017co\u0142nierzy. Polscy \u017co\u0142nierze zawsze mog\u0105 na niego liczy\u0107.<\/p>\n<p class=\"Paragraph_desktopParagraph__U31Gm\">Pan ma wieloletnie do\u015bwiadczenie pracy w Kancelarii Prezydenta. Mo\u017ce pan przekona pana prezydenta Nawrockiego, \u017ceby spowodowa\u0142, \u017ceby Donald Trump przeprosi\u0142 te\u017c polskich \u017co\u0142nierzy i ich rodziny?<\/p>\n<p class=\"Paragraph_desktopParagraph__U31Gm\">W czasie ostatniego spotkania prezydent Trump m\u00f3wi\u0142 do prezydenta Nawrockiego o polskich \u017co\u0142nierzach w najwi\u0119kszych superlatywach. M\u00f3wi\u0142, \u017ce s\u0105 znakomici\u2026<\/p>\n<p class=\"Paragraph_desktopParagraph__U31Gm\">Wed\u0142ug niego w Afganistanie &#8222;trzymali si\u0119 troch\u0119 z ty\u0142u, troch\u0119 z dala od linii frontu&#8221;. Chyba pana jako Polaka te\u017c to musia\u0142o zabole\u0107?<\/p>\n<p class=\"Paragraph_desktopParagraph__U31Gm\">Zawsze za polskim mundurem. C\u00f3\u017c wi\u0119cej powiedzie\u0107? Murem za polskim mundurem? Zawsze i wsz\u0119dzie.<\/p>\n","protected":false},"excerpt":{"rendered":"Magdalena Rigamonti: Panie ministrze, Piotr Cywi\u0144ski, dyrektor Muzeum Auschwitz, i ca\u0142a Rada O\u015bwi\u0119cimska ograniczyli dost\u0119p polityk\u00f3w do g\u0142\u00f3wnych&hellip;\n","protected":false},"author":2,"featured_media":232326,"comment_status":"","ping_status":"","sticky":false,"template":"","format":"standard","meta":{"footnotes":""},"categories":[12],"tags":[2204,56,24943,32,33,36,37,66,27,67,240,34,35,28,31,53,25,52,68,51,55,42,38,40,39,41,47,29,30,50,26,29733],"class_list":{"0":"post-232325","1":"post","2":"type-post","3":"status-publish","4":"format-standard","5":"has-post-thumbnail","7":"category-polska","8":"tag-andrzej_duda_polski_prezydent","9":"tag-article_premium","10":"tag-auschwitz_oboz_koncentracyjny_auschwitz_birkenau_muzeum_auschwitz","11":"tag-breaking-news","12":"tag-breakingnews","13":"tag-featured-news","14":"tag-featurednews","15":"tag-give_me_perspective","16":"tag-headlines","17":"tag-intextvideo_splayer","18":"tag-karol_nawrocki_prezydent","19":"tag-latest-news","20":"tag-latestnews","21":"tag-naglowki","22":"tag-najwazniejsze-artykuly","23":"tag-new_header","24":"tag-news","25":"tag-onet3","26":"tag-onet3d","27":"tag-onet3d_2i","28":"tag-phx","29":"tag-pl","30":"tag-poland","31":"tag-polish","32":"tag-polska","33":"tag-polski","34":"tag-screening_general","35":"tag-top-stories","36":"tag-topstories","37":"tag-v2021","38":"tag-wiadomosci","39":"tag-wojciech_kolarski"},"share_on_mastodon":{"url":"","error":"Validation failed: Text character limit of 500 exceeded"},"_links":{"self":[{"href":"https:\/\/www.europesays.com\/pl\/wp-json\/wp\/v2\/posts\/232325","targetHints":{"allow":["GET"]}}],"collection":[{"href":"https:\/\/www.europesays.com\/pl\/wp-json\/wp\/v2\/posts"}],"about":[{"href":"https:\/\/www.europesays.com\/pl\/wp-json\/wp\/v2\/types\/post"}],"author":[{"embeddable":true,"href":"https:\/\/www.europesays.com\/pl\/wp-json\/wp\/v2\/users\/2"}],"replies":[{"embeddable":true,"href":"https:\/\/www.europesays.com\/pl\/wp-json\/wp\/v2\/comments?post=232325"}],"version-history":[{"count":0,"href":"https:\/\/www.europesays.com\/pl\/wp-json\/wp\/v2\/posts\/232325\/revisions"}],"wp:featuredmedia":[{"embeddable":true,"href":"https:\/\/www.europesays.com\/pl\/wp-json\/wp\/v2\/media\/232326"}],"wp:attachment":[{"href":"https:\/\/www.europesays.com\/pl\/wp-json\/wp\/v2\/media?parent=232325"}],"wp:term":[{"taxonomy":"category","embeddable":true,"href":"https:\/\/www.europesays.com\/pl\/wp-json\/wp\/v2\/categories?post=232325"},{"taxonomy":"post_tag","embeddable":true,"href":"https:\/\/www.europesays.com\/pl\/wp-json\/wp\/v2\/tags?post=232325"}],"curies":[{"name":"wp","href":"https:\/\/api.w.org\/{rel}","templated":true}]}}