{"id":232416,"date":"2026-01-29T21:03:10","date_gmt":"2026-01-29T21:03:10","guid":{"rendered":"https:\/\/www.europesays.com\/pl\/232416\/"},"modified":"2026-01-29T21:03:10","modified_gmt":"2026-01-29T21:03:10","slug":"anna-wyszkoni-mowi-o-walce-z-rakiem-bylam-w-trybie-zadaniowym","status":"publish","type":"post","link":"https:\/\/www.europesays.com\/pl\/232416\/","title":{"rendered":"Anna Wyszkoni m\u00f3wi o walce z rakiem. &#8222;By\u0142am w trybie zadaniowym&#8221;"},"content":{"rendered":"<p class=\"Paragraph_desktopParagraph__U31Gm\"><a href=\"https:\/\/plejada.pl\/temat\/anna-wyszkoni\/jlne1vk\" id=\"a91d01f9-06c7-4580-8d7f-f78cd1f6a7dc\" rel=\"nofollow noopener\" target=\"_blank\">Anna Wyszkoni<\/a> od lat cieszy si\u0119 popularno\u015bci\u0105 zar\u00f3wno jako solistka, jak i wykonawczyni najwi\u0119kszych przeboj\u00f3w grupy &#8222;\u0141zy&#8221;. Ostatnio artystka zdecydowa\u0142a si\u0119 na krok prawny wobec Adama Konkola, za\u0142o\u017cyciela zespo\u0142u, kt\u00f3ry od miesi\u0119cy publicznie j\u0105 krytykuje.<\/p>\n<ul class=\"OchatFollowUps_wrapper__1ry7X\">\n<li class=\"OchatFollowUps_item__Dhyly OchatFollowUps_itemDesktop__R6aBv\">Jakie problemy psychiczne mia\u0142a Anna Wyszkoni po leczeniu?<\/li>\n<li class=\"OchatFollowUps_item__Dhyly OchatFollowUps_itemDesktop__R6aBv\">Z jakim rodzajem raka zmaga\u0142a si\u0119 Anna Wyszkoni?<\/li>\n<li class=\"OchatFollowUps_item__Dhyly OchatFollowUps_itemDesktop__R6aBv\">Kiedy Anna Wyszkoni ujawni\u0142a, \u017ce choruje na raka?<\/li>\n<li class=\"OchatFollowUps_item__Dhyly OchatFollowUps_itemDesktop__R6aBv\">Jakie skutki uboczne mia\u0142a Anna Wyszkoni podczas leczenia?<\/li>\n<\/ul>\n<p>Anna Wyszkoni o walce z rakiem. M\u00f3wi o &#8222;problemach natury psychicznej&#8221; <\/p>\n<p class=\"Paragraph_desktopParagraph__U31Gm\">Anna Wyszkoni udzieli\u0142a wywiadu serwisowi \u015awiat Gwiazd, w kt\u00f3rym wr\u00f3ci\u0142a pami\u0119ci\u0105 do jednego z najtrudniejszych etap\u00f3w swojego \u017cycia. W 2016 r., podczas festiwalu w Sopocie, Wyszkoni ujawni\u0142a, \u017ce zmaga si\u0119 z chorob\u0105 nowotworow\u0105. Jak si\u0119 okaza\u0142o, artystka walczy\u0142a z rakiem tarczycy, jednak ju\u017c po nieco ponad roku poinformowa\u0142a, \u017ce uda\u0142o jej si\u0119 pokona\u0107 chorob\u0119.<\/p>\n<p class=\"Paragraph_desktopParagraph__U31Gm\">Piosenkarka przyzna\u0142a, \u017ce przechodzi\u0142a przez leczenie, funkcjonuj\u0105c w tzw. trybie zadaniowym. Podkre\u015bli\u0142a, \u017ce cho\u0107 w pewnym sensie \u017cycie wtedy zwolni\u0142o, to jednocze\u015bnie musia\u0142a zmobilizowa\u0107 si\u0119 do walki o zdrowie.<\/p>\n<p class=\"Paragraph_desktopParagraph__U31Gm\">&#8222;Sam\u0105 chorob\u0119 przesz\u0142am w trybie zadaniowym. To by\u0142o lat temu jedena\u015bcie? Widzisz, nawet nie pami\u0119tam ju\u017c. Czy \u017cycie si\u0119 wtedy zatrzymuje? Troch\u0119 tak, ale z drugiej strony przyspiesza, no bo wchodzisz w ten tryb zadaniowy. Chcesz po prostu walczy\u0107 o siebie, o to, \u017ceby by\u0142o dobrze&#8221; \u2014 powiedzia\u0142a.<\/p>\n<p class=\"Paragraph_desktopParagraph__U31Gm\">Wyszkoni wspomnia\u0142a, \u017ce cho\u0107 rak tarczycy, na kt\u00f3ry chorowa\u0142a, jest w zdecydowanej wi\u0119kszo\u015bci przypadk\u00f3w uleczalny, to powa\u017cnym obci\u0105\u017ceniem by\u0142y dla niej skutki uboczne leczenia, takie jak operacja czy niedow\u0142ad lewej struny g\u0142osowej.<\/p>\n<p class=\"Paragraph_desktopParagraph__U31Gm\">&#8222;Moja choroba onkologiczna by\u0142a o tyle inna, \u017ce ja nie mia\u0142am bezpo\u015brednio zagro\u017cenia \u017cycia \u2014 ja mia\u0142am raka tarczycy, kt\u00f3ry jest w 99 proc. uleczalny i wszystko mo\u017ce si\u0119 dobrze zako\u0144czy\u0107. Ale z tym by\u0142y zwi\u0105zane inne obci\u0105\u017cenia: operacja, naruszenie nerwu strun g\u0142osowych, jaki\u015b niedow\u0142ad lewej struny g\u0142osowej&#8230; Ale ja by\u0142am w takim trybie zadaniowym, \u017ce to si\u0119 dzia\u0142o wszystko automatycznie&#8221; \u2014 t\u0142umaczy\u0142a.<\/p>\n<p class=\"Paragraph_desktopParagraph__U31Gm\">Artystka zauwa\u017cy\u0142a, \u017ce najtrudniejsze momenty pojawi\u0142y si\u0119 po zako\u0144czeniu leczenia, kiedy zmuszona by\u0142a do pi\u0119ciodniowej izolacji po terapii jodem radioaktywnym. W\u00f3wczas, jak wyzna\u0142a, pojawi\u0142y si\u0119 u niej pierwsze problemy natury psychicznej.<\/p>\n<blockquote>\n<p class=\"Paragraph_desktopParagraph__U31Gm\">Gorzej by\u0142o w tym momencie, kiedy ju\u017c przesz\u0142am przez wszystko i mia\u0142am pi\u0119\u0107 dni w izolacji po terapii jodem radioaktywnym. I wtedy mia\u0142am czas, \u017ceby usi\u0105\u015b\u0107, my\u015ble\u0107 w samotno\u015bci. I to by\u0142 ten moment, kiedy zacz\u0119\u0142y pojawia\u0107 si\u0119 takie problemy natury psychicznej<\/p>\n<\/blockquote>\n<p class=\"Paragraph_desktopParagraph__U31Gm\">\u2014 zdradzi\u0142a.<\/p>\n<p class=\"Paragraph_desktopParagraph__U31Gm\">Anna Wyszkoni wyjawi\u0142a tak\u017ce, \u017ce w trakcie leczenia korzysta\u0142a z pomocy psychiatry, a osiem lat p\u00f3\u017aniej zdecydowa\u0142a si\u0119 na terapi\u0119.<\/p>\n<p class=\"Paragraph_desktopParagraph__U31Gm\">&#8222;Korzysta\u0142am wtedy z pomocy psychiatry, a na terapi\u0119 u psychologa trafi\u0142am osiem lat p\u00f3\u017aniej. I to nie by\u0142a tylko choroba. Ja jestem totaln\u0105 fank\u0105 terapii, to jest takie pi\u0119kne przepracowanie r\u00f3\u017cnych traum, \u017ce my cz\u0119sto nie zdajemy sobie sprawy z tego, co mog\u0142o nas obci\u0105\u017cy\u0107 w taki spos\u00f3b, \u017ce my dzia\u0142amy dzi\u015b tak, a nie inaczej&#8221; \u2014 m\u00f3wi\u0142a.<\/p>\n<p><img decoding=\"async\" class=\"Image_image__0tuHp Image_autoHeight__f2n87 \" height=\"587\" width=\"391\" src=\"https:\/\/www.europesays.com\/pl\/wp-content\/uploads\/2026\/01\/LMYk9kpTURBXy85NjRlMDI2ZDVlMGYwMzczZWVhYWNmNWRlMzE1NmI1YS5qcGeSlQLNA6wAwsOVAgDNAkvCw94AA6EwAaExAaEzw.jpeg\" alt=\"Anna Wyszkoni\" loading=\"lazy\" \/>Andras Szilagyi \/ MW Media<\/p>\n<p>Anna Wyszkoni<\/p>\n<p class=\"Paragraph_desktopParagraph__U31Gm\">Dzi\u0119kujemy, \u017ce przeczyta\u0142a\u015b\/e\u015b nasz artyku\u0142 do ko\u0144ca. W serwisie Plejada.pl ka\u017cdego dnia piszemy o najwa\u017cniejszych wydarzeniach show-biznesowych. B\u0105d\u017a na bie\u017c\u0105co! <a rel=\"nofollow noopener\" href=\"https:\/\/profile.google.com\/cp\/Cg0vZy8xMWJ6X19wdHBx\" id=\"c8b5b8b6-ce3f-4740-9258-874775d5204f\" target=\"_blank\">Obserwuj<\/a> Plejad\u0119 w Wiadomo\u015bciach Google. Odwied\u017a nas tak\u017ce na <a rel=\"nofollow noopener\" href=\"https:\/\/www.facebook.com\/plejadapl\" id=\"ea3fa05f-e3f2-4cc0-9429-28b4895c7e47\" target=\"_blank\">Facebooku<\/a>, <a rel=\"nofollow noopener\" href=\"https:\/\/www.instagram.com\/plejadapl\/\" id=\"98ea8fb6-6db4-415e-86e5-dabbd02bdc09\" target=\"_blank\">Instagramie<\/a>, <a rel=\"nofollow noopener\" href=\"https:\/\/www.youtube.com\/c\/plejada\" id=\"7f746e02-6aa8-428b-9ef2-a0162e0613db\" target=\"_blank\">YouTube<\/a> oraz <a rel=\"nofollow noopener\" href=\"https:\/\/www.tiktok.com\/@plejada_pl\" id=\"cf2debf2-e1ee-4fbd-b9e2-1e5c752d4a8d\" target=\"_blank\">TikToku<\/a>.<\/p>\n<p class=\"Paragraph_desktopParagraph__U31Gm\">Chcesz podzieli\u0107 si\u0119 ciekawym newsem lub zaproponowa\u0107 temat? Skontaktuj si\u0119 z nami, pisz\u0105c e-maila na adres: <a href=\"https:\/\/www.onet.pl\/styl-zycia\/plejada\/anna-wyszkoni-mowi-o-walce-z-rakiem-bylam-w-trybie-zadaniowym\/mailto:plejada@redakcjaonet.pl\" id=\"68a391e3-ac8d-488c-8a0e-0a4bb3b0f2a7\" rel=\"nofollow noopener\" target=\"_blank\">plejada@redakcjaonet.pl<\/a>.<\/p>\n<p><script async src=\"\/\/www.instagram.com\/embed.js\"><\/script><script async src=\"\/\/www.tiktok.com\/embed.js\"><\/script><\/p>\n","protected":false},"excerpt":{"rendered":"Anna Wyszkoni od lat cieszy si\u0119 popularno\u015bci\u0105 zar\u00f3wno jako solistka, jak i wykonawczyni najwi\u0119kszych przeboj\u00f3w grupy &#8222;\u0141zy&#8221;. Ostatnio&hellip;\n","protected":false},"author":2,"featured_media":232417,"comment_status":"","ping_status":"","sticky":false,"template":"","format":"standard","meta":{"footnotes":""},"categories":[22],"tags":[25515,18228,122,67,261,53,9506,52,68,51,55,42,38,40,39,41,2096,123,47,65,50],"class_list":{"0":"post-232416","1":"post","2":"type-post","3":"status-publish","4":"format-standard","5":"has-post-thumbnail","7":"category-rozrywka","8":"tag-ania_wyszkoni","9":"tag-anna_wyszkoni","10":"tag-entertainment","11":"tag-intextvideo_splayer","12":"tag-kultura","13":"tag-new_header","14":"tag-nowotwor_rak_onkologia_onkolog","15":"tag-onet3","16":"tag-onet3d","17":"tag-onet3d_2i","18":"tag-phx","19":"tag-pl","20":"tag-poland","21":"tag-polish","22":"tag-polska","23":"tag-polski","24":"tag-rak","25":"tag-rozrywka","26":"tag-screening_general","27":"tag-update_me","28":"tag-v2021"},"share_on_mastodon":{"url":"https:\/\/pubeurope.com\/@pl\/115980415972012856","error":""},"_links":{"self":[{"href":"https:\/\/www.europesays.com\/pl\/wp-json\/wp\/v2\/posts\/232416","targetHints":{"allow":["GET"]}}],"collection":[{"href":"https:\/\/www.europesays.com\/pl\/wp-json\/wp\/v2\/posts"}],"about":[{"href":"https:\/\/www.europesays.com\/pl\/wp-json\/wp\/v2\/types\/post"}],"author":[{"embeddable":true,"href":"https:\/\/www.europesays.com\/pl\/wp-json\/wp\/v2\/users\/2"}],"replies":[{"embeddable":true,"href":"https:\/\/www.europesays.com\/pl\/wp-json\/wp\/v2\/comments?post=232416"}],"version-history":[{"count":0,"href":"https:\/\/www.europesays.com\/pl\/wp-json\/wp\/v2\/posts\/232416\/revisions"}],"wp:featuredmedia":[{"embeddable":true,"href":"https:\/\/www.europesays.com\/pl\/wp-json\/wp\/v2\/media\/232417"}],"wp:attachment":[{"href":"https:\/\/www.europesays.com\/pl\/wp-json\/wp\/v2\/media?parent=232416"}],"wp:term":[{"taxonomy":"category","embeddable":true,"href":"https:\/\/www.europesays.com\/pl\/wp-json\/wp\/v2\/categories?post=232416"},{"taxonomy":"post_tag","embeddable":true,"href":"https:\/\/www.europesays.com\/pl\/wp-json\/wp\/v2\/tags?post=232416"}],"curies":[{"name":"wp","href":"https:\/\/api.w.org\/{rel}","templated":true}]}}