{"id":232462,"date":"2026-01-29T21:29:11","date_gmt":"2026-01-29T21:29:11","guid":{"rendered":"https:\/\/www.europesays.com\/pl\/232462\/"},"modified":"2026-01-29T21:29:11","modified_gmt":"2026-01-29T21:29:11","slug":"wrze-w-realu-madryt-florentino-perez-ma-dosc-dwoch-gwiazd-interweniowal-w-szatni","status":"publish","type":"post","link":"https:\/\/www.europesays.com\/pl\/232462\/","title":{"rendered":"Wrze w Realu Madryt. Florentino Perez ma do\u015b\u0107 dw\u00f3ch gwiazd. Interweniowa\u0142 w szatni"},"content":{"rendered":"<p class=\"ods-c-paragraph \">Sytuacja w Madrycie jest krytyczna. Real mia\u0142 wszystko w swoich r\u0119kach, prowadzi\u0142 z Benfic\u0105 1:0 i by\u0142 na dobrej drodze do bezpo\u015bredniego awansu do 1\/8 fina\u0142u Ligi Mistrz\u00f3w. Sko\u0144czy\u0142o si\u0119 jednak katastrof\u0105, pora\u017ck\u0105 2:4 i konieczno\u015bci\u0105 gry w bara\u017cach.<\/p>\n<p> Dalszy ci\u0105g artyku\u0142u pod materia\u0142em wideo    <\/p>\n<p> Co zrobi\u0142 Florentino Perez po kryzysie w Realu Madryt? <\/p>\n<p> Jakie s\u0142owa pad\u0142y w szatni Realu Madryt? <\/p>\n<p> Kto by\u0142 krytykowany przez Pereza? <\/p>\n<p> Dlaczego Federico Valverde i Eduardo Camavinga byli wymienieni przez Pereza? <\/p>\n<p class=\"ods-c-paragraph \">To spotkanie by\u0142o kropl\u0105, kt\u00f3ra przela\u0142a czar\u0119 goryczy. W klubie panuje chaos. Po zwolnieniu Xabiego Alonso zast\u0119puj\u0105cy go Alvaro Arbeloa nie radzi sobie najlepiej z prowadzeniem tak wielkiej dru\u017cyny i trudno okre\u015bli\u0107, czy zachowa posad\u0119 na kolejny sezon.<\/p>\n<p>   Florentino Perez wkracza do akcji<\/p>\n<p class=\"ods-c-paragraph \">Wed\u0142ug doniesie\u0144 radia Cadena SER, prezes ma do\u015b\u0107 wpadek i wzi\u0105\u0142 na celownik pi\u0119ciu zawodnik\u00f3w. Najmocniej oberwa\u0142o si\u0119 liderom.<\/p>\n<p class=\"ods-c-paragraph \">Jude Bellingham us\u0142ysza\u0142, \u017ce &#8222;musi zmieni\u0107 swoje zachowanie&#8221;. Perez ma do niego ogromne pretensje o to, \u017ce Anglik znika w trudnych momentach. Prezes za\u017c\u0105da\u0142 od niego, by wreszcie zacz\u0105\u0142 zachowywa\u0107 si\u0119 jak prawdziwy lider i wzi\u0105\u0142 odpowiedzialno\u015b\u0107 za zesp\u00f3\u0142 na boisku.<\/p>\n<p class=\"ods-c-paragraph \">Federico Valverde i Eduardo Camavinga zostali wymienieni przez Pereza z innego powodu. Obaj pi\u0142karze otwarcie narzekali na to, \u017ce musz\u0105 gra\u0107 na bokach obrony, zamiast na swoich ulubionych pozycjach w pomocy. Prezydent klubu zakomunikowa\u0142 im wprost, \u017ce osobiste preferencje nie maj\u0105 znaczenia. Liczy si\u0119 tylko dobro dru\u017cyny i maj\u0105 gra\u0107 tam, gdzie s\u0105 potrzebni. Jak czytamy, rozmowy wychowawcze przeprowadzono r\u00f3wnie\u017c z Ard\u0105 Gulerem i Franco Mastantuono.<\/p>\n<p class=\"ods-c-paragraph \">Przypomnijmy, \u017ce Real z punktem straty zajmuje drugie miejsce w tabeli LaLigi. Od sezonu 2023\/2024 nie wygra\u0142 \u017cadnego istotnego trofeum.<\/p>\n","protected":false},"excerpt":{"rendered":"Sytuacja w Madrycie jest krytyczna. Real mia\u0142 wszystko w swoich r\u0119kach, prowadzi\u0142 z Benfic\u0105 1:0 i by\u0142 na&hellip;\n","protected":false},"author":2,"featured_media":232463,"comment_status":"","ping_status":"","sticky":false,"template":"","format":"standard","meta":{"footnotes":""},"categories":[5],"tags":[32,33,36,37,18341,27,2051,34,35,299,28,31,48,25,46,948,42,38,40,39,41,42204,2961,47,29,30,26,130],"class_list":{"0":"post-232462","1":"post","2":"type-post","3":"status-publish","4":"format-standard","5":"has-post-thumbnail","7":"category-naglowki","8":"tag-breaking-news","9":"tag-breakingnews","10":"tag-featured-news","11":"tag-featurednews","12":"tag-florentino_perez","13":"tag-headlines","14":"tag-laliga","15":"tag-latest-news","16":"tag-latestnews","17":"tag-liga_mistrzow","18":"tag-naglowki","19":"tag-najwazniejsze-artykuly","20":"tag-nat_styl","21":"tag-news","22":"tag-omp","23":"tag-pilka_nozna","24":"tag-pl","25":"tag-poland","26":"tag-polish","27":"tag-polska","28":"tag-polski","29":"tag-ps_omp_tst00","30":"tag-real_madryt","31":"tag-screening_general","32":"tag-top-stories","33":"tag-topstories","34":"tag-wiadomosci","35":"tag-wiadomosci_sportowe"},"share_on_mastodon":{"url":"https:\/\/pubeurope.com\/@pl\/115980518276264337","error":""},"_links":{"self":[{"href":"https:\/\/www.europesays.com\/pl\/wp-json\/wp\/v2\/posts\/232462","targetHints":{"allow":["GET"]}}],"collection":[{"href":"https:\/\/www.europesays.com\/pl\/wp-json\/wp\/v2\/posts"}],"about":[{"href":"https:\/\/www.europesays.com\/pl\/wp-json\/wp\/v2\/types\/post"}],"author":[{"embeddable":true,"href":"https:\/\/www.europesays.com\/pl\/wp-json\/wp\/v2\/users\/2"}],"replies":[{"embeddable":true,"href":"https:\/\/www.europesays.com\/pl\/wp-json\/wp\/v2\/comments?post=232462"}],"version-history":[{"count":0,"href":"https:\/\/www.europesays.com\/pl\/wp-json\/wp\/v2\/posts\/232462\/revisions"}],"wp:featuredmedia":[{"embeddable":true,"href":"https:\/\/www.europesays.com\/pl\/wp-json\/wp\/v2\/media\/232463"}],"wp:attachment":[{"href":"https:\/\/www.europesays.com\/pl\/wp-json\/wp\/v2\/media?parent=232462"}],"wp:term":[{"taxonomy":"category","embeddable":true,"href":"https:\/\/www.europesays.com\/pl\/wp-json\/wp\/v2\/categories?post=232462"},{"taxonomy":"post_tag","embeddable":true,"href":"https:\/\/www.europesays.com\/pl\/wp-json\/wp\/v2\/tags?post=232462"}],"curies":[{"name":"wp","href":"https:\/\/api.w.org\/{rel}","templated":true}]}}