{"id":232493,"date":"2026-01-29T21:45:16","date_gmt":"2026-01-29T21:45:16","guid":{"rendered":"https:\/\/www.europesays.com\/pl\/232493\/"},"modified":"2026-01-29T21:45:16","modified_gmt":"2026-01-29T21:45:16","slug":"burza-u-beckhamow-to-dlatego-byla-dziewczyna-brooklyna-milczy","status":"publish","type":"post","link":"https:\/\/www.europesays.com\/pl\/232493\/","title":{"rendered":"Burza u Beckham\u00f3w. To dlatego by\u0142a dziewczyna Brooklyna milczy"},"content":{"rendered":"<p class=\"Paragraph_desktopParagraph__U31Gm\">Je\u015bli wierzy\u0107 mediom \u2014 by\u0142a dziewczyna <a href=\"https:\/\/plejada.pl\/temat\/brooklyn-beckham-syn-davida\/4yn09ew\" id=\"9662791c-7071-4f06-9cf9-37f04c89ed2a\" rel=\"nofollow noopener\" target=\"_blank\">Brooklyna Beckhama<\/a> mia\u0142a zrezygnowa\u0107 z plan\u00f3w udzielenia szczerego, g\u0142o\u015bnego wywiadu na temat czasu sp\u0119dzonego u jego boku.<\/p>\n<p class=\"Paragraph_desktopParagraph__U31Gm\">Polecamy: <a href=\"https:\/\/plejada.pl\/newsy\/victoria-beckham-wspierana-przez-margot-robbie-w-tle-konflikt-z-brooklynem\/svvbk1e\" id=\"008cd066-c839-4ff5-90a1-94d5b9760a76\" rel=\"nofollow noopener\" target=\"_blank\">Victoria Beckham wspierana przez Margot Robbie. W tle konflikt z Brooklynem<\/a><\/p>\n<p class=\"Paragraph_desktopParagraph__U31Gm\">27-letnia Hana Cross zrezygnowa\u0142a z ujawniania szczeg\u00f3\u0142\u00f3w dotycz\u0105cych zwi\u0105zku z Brooklynem Beckhamem i \u017cycia w rodzinie Beckham\u00f3w, po tym, jak w sieci otrzyma\u0142a lawin\u0119 agresywnych wiadomo\u015bci od internaut\u00f3w. Modelka mia\u0142a podobno dwie propozycje, by opowiedzie\u0107 o swoim rocznym do\u015bwiadczeniu w &#8222;\u015bwiecie Beckhama&#8221; podczas trwania ich romansu.<\/p>\n<p class=\"Paragraph_desktopParagraph__U31Gm\">Co warto doda\u0107, podczas swojego zwi\u0105zku z Brooklynem, kt\u00f3ry zako\u0144czy\u0142 si\u0119 w 2019 r., uczestniczy\u0142a w rodzinnych wydarzeniach i by\u0142a przyjmowana z serdeczno\u015bci\u0105 przez Gordona Ramsaya i jego rodzin\u0119, kt\u00f3rzy s\u0105 blisko zwi\u0105zani z Beckhamami. Modelka zasiada\u0142a r\u00f3wnie\u017c w pierwszym rz\u0119dzie na pokazach mody Victorii Beckham, nosz\u0105c projekty Lady Beckham.<\/p>\n<ul class=\"OchatFollowUps_wrapper__1ry7X\">\n<li class=\"OchatFollowUps_item__Dhyly OchatFollowUps_itemDesktop__R6aBv\">Dlaczego Hana Cross milczy na temat swoich relacji z Brooklynem?<\/li>\n<li class=\"OchatFollowUps_item__Dhyly OchatFollowUps_itemDesktop__R6aBv\">Jakie wiadomo\u015bci otrzyma\u0142a Hana od internaut\u00f3w?<\/li>\n<li class=\"OchatFollowUps_item__Dhyly OchatFollowUps_itemDesktop__R6aBv\">Co zadecydowa\u0142o o rezygnacji Hany z wywiadu?<\/li>\n<li class=\"OchatFollowUps_item__Dhyly OchatFollowUps_itemDesktop__R6aBv\">Jak Brooklyn Beckham odnosi\u0142 si\u0119 do napi\u0119\u0107 w swojej rodzinie?<\/li>\n<\/ul>\n<p>By\u0142a dziewczyna Brooklyna Peltz-Beckhama wybra\u0142a milczenie <\/p>\n<p class=\"Paragraph_desktopParagraph__U31Gm\">Bliska znajoma modelki powiedzia\u0142a:<\/p>\n<p class=\"Paragraph_desktopParagraph__U31Gm\">&#8222;Hana chcia\u0142a opowiedzie\u0107 swoj\u0105 histori\u0119, ale otrzyma\u0142a mocne wiadomo\u015bci od strony Brooklyna, ostrzegaj\u0105ce j\u0105 przed byciem niedyskretn\u0105, wi\u0119c przemy\u015bla\u0142a spraw\u0119 i zrezygnowa\u0142a&#8221;.<\/p>\n<p class=\"Paragraph_desktopParagraph__U31Gm\">W rozmowie z &#8222;Daily Mail&#8221; informator doda\u0142: &#8222;Brooklyn by\u0142 czarn\u0105 owc\u0105 rodziny i to mia\u0142a by\u0107 jej historia. Ju\u017c wtedy istnia\u0142y problemy mi\u0119dzy nim a rodzin\u0105&#8221;.<\/p>\n<p class=\"Paragraph_desktopParagraph__U31Gm\">Sprawd\u017a: <a href=\"https:\/\/plejada.pl\/newsy\/david-i-victoria-beckham-na-paryskim-tygodniu-mody-w-tle-konflikt-z-brooklynem\/6lq1220\" id=\"86198e27-6baa-4ff6-b3db-efa09d5d943e\" rel=\"nofollow noopener\" target=\"_blank\">David i Victoria Beckham w Pary\u017cu. Pierwsze publiczne wyj\u015bcie od o\u015bwiadczenia Brooklyna<\/a><\/p>\n<p class=\"Paragraph_desktopParagraph__U31Gm\">Ale Brooklyn, kt\u00f3ry marzy o karierze szefa kuchni, w zesz\u0142ym tygodniu zasugerowa\u0142, \u017ce napi\u0119cia w rodzinie wynikaj\u0105 z osobistej niech\u0119ci mi\u0119dzy Davidem i Victori\u0105 Beckham a \u017con\u0105 Brooklyna, Nicol\u0105 Peltz. P\u00f3\u017aniej zarzuci\u0142 swojej matce, projektantce mody, \u017ce &#8222;ta\u0144czy\u0142a niestosownie&#8221; na jego \u015blubie z Nicol\u0105 w 2022 r.<\/p>\n<p class=\"Paragraph_desktopParagraph__U31Gm\">Dzi\u0119kujemy, \u017ce przeczyta\u0142a\u015b\/e\u015b nasz artyku\u0142 do ko\u0144ca. W serwisie Plejada.pl ka\u017cdego dnia piszemy o najwa\u017cniejszych wydarzeniach show-biznesowych. B\u0105d\u017a na bie\u017c\u0105co! <a rel=\"nofollow noopener\" href=\"https:\/\/news.google.com\/publications\/CAAiEF0PeAlb7W1llpV_mwV2rL4qFAgKIhBdD3gJW-1tZZaVf5sFdqy-?hl=pl&amp;gl=PL&amp;ceid=PL%3Apl\" id=\"56ca7e4a-77e5-48d1-a824-48309250ec10\" target=\"_blank\">Obserwuj<\/a> Plejad\u0119 w Wiadomo\u015bciach Google. Odwied\u017a nas tak\u017ce na <a rel=\"nofollow noopener\" href=\"https:\/\/www.facebook.com\/plejadapl\" id=\"88a36221-9199-4712-b561-0255e9024ea1\" target=\"_blank\">Facebooku<\/a>, <a rel=\"nofollow noopener\" href=\"https:\/\/www.instagram.com\/plejadapl\/\" id=\"7c806632-eb09-4c74-ab5f-a74713a283ae\" target=\"_blank\">Instagramie<\/a>, <a rel=\"nofollow noopener\" href=\"https:\/\/www.youtube.com\/c\/plejada\" id=\"36938a06-690e-4b58-bad4-06750a2070e4\" target=\"_blank\">YouTubie<\/a> oraz <a rel=\"nofollow noopener\" href=\"https:\/\/www.tiktok.com\/@plejada_pl\" id=\"239775a3-3d41-4381-a85f-b02e591be268\" target=\"_blank\">TikToku<\/a>.<\/p>\n<p class=\"Paragraph_desktopParagraph__U31Gm\">Chcesz podzieli\u0107 si\u0119 ciekawym newsem lub zaproponowa\u0107 temat? Skontaktuj si\u0119 z nami, pisz\u0105c maila na adres: plejada@redakcjaonet.pl.<\/p>\n<p><script async src=\"\/\/www.instagram.com\/embed.js\"><\/script><script async src=\"\/\/www.tiktok.com\/embed.js\"><\/script><\/p>\n","protected":false},"excerpt":{"rendered":"Je\u015bli wierzy\u0107 mediom \u2014 by\u0142a dziewczyna Brooklyna Beckhama mia\u0142a zrezygnowa\u0107 z plan\u00f3w udzielenia szczerego, g\u0142o\u015bnego wywiadu na temat&hellip;\n","protected":false},"author":2,"featured_media":232494,"comment_status":"","ping_status":"","sticky":false,"template":"","format":"standard","meta":{"footnotes":""},"categories":[22],"tags":[9401,37896,122,42233,67,53,52,68,51,55,42,38,40,39,41,123,47,196,65,50,9326],"class_list":{"0":"post-232493","1":"post","2":"type-post","3":"status-publish","4":"format-standard","5":"has-post-thumbnail","7":"category-rozrywka","8":"tag-brooklyn_beckham_syn_davida","9":"tag-david_beckham_pilkarz","10":"tag-entertainment","11":"tag-hana_cross","12":"tag-intextvideo_splayer","13":"tag-new_header","14":"tag-onet3","15":"tag-onet3d","16":"tag-onet3d_2i","17":"tag-phx","18":"tag-pl","19":"tag-poland","20":"tag-polish","21":"tag-polska","22":"tag-polski","23":"tag-rozrywka","24":"tag-screening_general","25":"tag-styl_zycia","26":"tag-update_me","27":"tag-v2021","28":"tag-victoria_beckham"},"share_on_mastodon":{"url":"https:\/\/pubeurope.com\/@pl\/115980581114609996","error":""},"_links":{"self":[{"href":"https:\/\/www.europesays.com\/pl\/wp-json\/wp\/v2\/posts\/232493","targetHints":{"allow":["GET"]}}],"collection":[{"href":"https:\/\/www.europesays.com\/pl\/wp-json\/wp\/v2\/posts"}],"about":[{"href":"https:\/\/www.europesays.com\/pl\/wp-json\/wp\/v2\/types\/post"}],"author":[{"embeddable":true,"href":"https:\/\/www.europesays.com\/pl\/wp-json\/wp\/v2\/users\/2"}],"replies":[{"embeddable":true,"href":"https:\/\/www.europesays.com\/pl\/wp-json\/wp\/v2\/comments?post=232493"}],"version-history":[{"count":0,"href":"https:\/\/www.europesays.com\/pl\/wp-json\/wp\/v2\/posts\/232493\/revisions"}],"wp:featuredmedia":[{"embeddable":true,"href":"https:\/\/www.europesays.com\/pl\/wp-json\/wp\/v2\/media\/232494"}],"wp:attachment":[{"href":"https:\/\/www.europesays.com\/pl\/wp-json\/wp\/v2\/media?parent=232493"}],"wp:term":[{"taxonomy":"category","embeddable":true,"href":"https:\/\/www.europesays.com\/pl\/wp-json\/wp\/v2\/categories?post=232493"},{"taxonomy":"post_tag","embeddable":true,"href":"https:\/\/www.europesays.com\/pl\/wp-json\/wp\/v2\/tags?post=232493"}],"curies":[{"name":"wp","href":"https:\/\/api.w.org\/{rel}","templated":true}]}}