{"id":232518,"date":"2026-01-29T22:05:12","date_gmt":"2026-01-29T22:05:12","guid":{"rendered":"https:\/\/www.europesays.com\/pl\/232518\/"},"modified":"2026-01-29T22:05:12","modified_gmt":"2026-01-29T22:05:12","slug":"norbert-huber-w-japonii-licza-sie-ze-zdaniem-siatkarzy-nie-to-co-w-pluslidze-wywiad","status":"publish","type":"post","link":"https:\/\/www.europesays.com\/pl\/232518\/","title":{"rendered":"Norbert Huber: W Japonii licz\u0105 si\u0119 ze zdaniem siatkarzy. Nie to, co w PlusLidze [WYWIAD]"},"content":{"rendered":"<p>KATARZYNA PAW: Jak si\u0119 panu \u017cyje w Japonii? Tamtejsza rzeczywisto\u015b\u0107 daleko odbiega od przedwyjazdowych wyobra\u017ce\u0144? <\/p>\n<p>NORBERT HUBER: \u017byje mi si\u0119 bardzo dobrze. Niczego mi tutaj nie brakuje z wyj\u0105tkiem rodziny i bliskich, z kt\u00f3rymi mimo r\u00f3\u017cnicy czasu staram si\u0119 utrzymywa\u0107 kontakt przez internet.<\/p>\n<p>Przed przyjazdem do Japonii nie mia\u0142em zbyt wielkich oczekiwa\u0144, bo nie wiedzia\u0142em, co mnie spotka w tym kraju. Rozmawia\u0142em z Bartkiem Kurkiem, kt\u00f3ry wcze\u015bniej mieszka\u0142 w Japonii [w latach 2020\u201324 gra\u0142 w Wolf Dogs, teraz wyst\u0119puje w Tokio Great Bears], dzi\u0119ki czemu mia\u0142em lekki zarys tego, jak wygl\u0105da rzeczywisto\u015b\u0107 w Kraju Kwitn\u0105cej Wi\u015bni. Og\u00f3lnie jednak jestem zadowolony z tego, co tutaj zasta\u0142em oraz jak spokojne i swobodne \u017cycie mog\u0119 wie\u015b\u0107, graj\u0105c jednocze\u015bnie w siatk\u00f3wk\u0119.<\/p>\n<p>Po pierwszych meczach przeciwko dru\u017cynie z Tokio rozmawia\u0142em z Bartkiem o jego do\u015bwiadczeniach i sugestiach dotycz\u0105cych \u017cycia w Japonii. Od tego momentu przesta\u0142em je\u017adzi\u0107 samochodem, a zacz\u0105\u0142em korzysta\u0107 z poci\u0105g\u00f3w, doje\u017cd\u017caj\u0105c na stacj\u0119 taks\u00f3wk\u0105. Poci\u0105giem jad\u0119 na trening i zawsze jestem na czas, bo transport miejski jest tutaj na naprawd\u0119 wysokim poziomie. Dooko\u0142a mojego miejsca zamieszkania znajduje si\u0119 wiele lokali, w kt\u00f3rych mog\u0119 si\u0119 sto\u0142owa\u0107. R\u00f3\u017cnorodno\u015b\u0107 jest du\u017ca, a jedzenie wysokiej jako\u015bci, dlatego nie mog\u0119 na nic narzeka\u0107. Jestem zadowolony i ciesz\u0119 si\u0119 z tego, jak wygl\u0105da moje \u017cycie w Japonii.<\/p>\n<p>Tak. My\u015bl\u0119, \u017ce odnalaz\u0142em spok\u00f3j i samego siebie. Lubi\u0119 tutejsze \u017cycie, lubi\u0119 o nim opowiada\u0107. Jest fajne.<\/p>\n<p class=\"Paragraph_desktopParagraph__U31Gm\">Czasami stresuj\u0119 si\u0119, gdy mam odwiedzi\u0107 nowe miejsce. Na przyk\u0142ad ostatnio by\u0142em w klinice dentystycznej i ba\u0142em si\u0119 troch\u0119, jak ta wizyta b\u0119dzie wygl\u0105da\u0142a. By\u0142o jednak super, zosta\u0142em tym do\u015bwiadczeniem pozytywnie zaskoczony. Czasami te\u017c przejmuj\u0119 si\u0119, czy uda mi si\u0119 porozumie\u0107 z lud\u017ami, bo nie wszyscy m\u00f3wi\u0105 po angielsku. U\u017cywam wtedy t\u0142umacza w telefonie. Poza tym nie miewam ju\u017c takich moment\u00f3w, w kt\u00f3rych co\u015b mnie zaskakuje.<\/p>\n<p class=\"Paragraph_desktopParagraph__U31Gm\">Chce si\u0119 pan nauczy\u0107 j\u0119zyka japo\u0144skiego?<\/p>\n<p class=\"Paragraph_desktopParagraph__U31Gm\">Podchodz\u0119 z du\u017cym szacunkiem do nowego miejsca i j\u0119zyka. Wydaje mi si\u0119, \u017ce japo\u0144ski jest trudny do nauczenia i na ten moment mo\u017ce by\u0107 dla mnie poza zasi\u0119giem. W przysz\u0142o\u015bci jednak nie wykluczam, \u017ce si\u0119 go naucz\u0119.<\/p>\n<p class=\"Paragraph_desktopParagraph__U31Gm\">Czuje si\u0119 pan gwiazd\u0105?<\/p>\n<p class=\"Paragraph_desktopParagraph__U31Gm\">Chyba tylko w okolicach hali, w kt\u00f3rej gramy, zdarza si\u0119, \u017ce ludzie mnie rozpoznaj\u0105. Poza tym raczej jestem anonimowy. Nie m\u00f3wi\u0119 oczywi\u015bcie o sytuacjach, gdy spotykam ludzi, kt\u00f3rzy znaj\u0105 nasz kraj i reprezentacj\u0119. Cz\u0119\u015b\u0107 sytuacji, kt\u00f3re maj\u0105 miejsce w Polsce, tutaj w og\u00f3le si\u0119 nie zdarza. Po meczach rzadko rozdajemy autografy i robimy sobie zdj\u0119cia z kibicami, ale jest to wynikiem zasad wprowadzonych przez klub i ca\u0142\u0105 lig\u0119. Nie jest wi\u0119c tak jak w Polsce, \u017ce kibice stoj\u0105 wok\u00f3\u0142 boiska. W Japonii jest to raczej forma przywileju, a nie obowi\u0105zku.<\/p>\n<p class=\"Paragraph_desktopParagraph__U31Gm\">Czy na Japo\u0144czykach robi wra\u017cenie pana wzrost?<\/p>\n<p class=\"Paragraph_desktopParagraph__U31Gm\">Rzeczywi\u015bcie ludzie zwracaj\u0105 uwag\u0119, \u017ce jestem wysoki [206 cm] i pytaj\u0105, czy gram w siatk\u00f3wk\u0119 albo koszyk\u00f3wk\u0119. Na tym jednak nasza interakcja si\u0119 ko\u0144czy.<\/p>\n<p class=\"Paragraph_desktopParagraph__U31Gm\">Czy ze wzgl\u0119du na t\u0119 anonimowo\u015b\u0107 postanowi\u0142 pan wybra\u0107 Wolf Dogs na sw\u00f3j pierwszy zagraniczny klub?<\/p>\n<p class=\"Paragraph_desktopParagraph__U31Gm\">Nie. Wybra\u0142em ten klub, bo chcia\u0142em do\u015bwiadczy\u0107 innego \u017cycia, zwiedzi\u0107 nieco \u015bwiata, poczu\u0107, \u017ce \u017cyj\u0119, a nie tylko gram w siatk\u00f3wk\u0119. Chcia\u0142em zobaczy\u0107, czy w innym kraju bardziej docenia si\u0119 ludzi, kt\u00f3rzy ka\u017cdego dnia w pracy po\u015bwi\u0119caj\u0105 swoje zdrowie. W ci\u0105gu ostatnich trzech miesi\u0119cy uzyska\u0142em odpowiedzi na wiele nurtuj\u0105cych mnie pyta\u0144. Jestem zadowolony z tego wyboru.<\/p>\n<p><img decoding=\"async\" class=\"Image_image__0tuHp Image_autoHeight__f2n87 \" height=\"587\" width=\"880\" src=\"https:\/\/www.europesays.com\/pl\/wp-content\/uploads\/2026\/01\/Kazk9kpTURBXy83YzQxN2U3ODk4NzVkYjUwYmYwNjIzNzQxZDkzOTNjNC5qcGeSlQLNA6wAwsOVAgDNAkvCw94AA6EwAaExAaEzw.jpeg\" alt=\"Norbert Huber (trzeci od lewej) imponuje Japo\u0144czykom gr\u0105 w bloku\" loading=\"lazy\" \/>AFLO\/Newspix \/ newspix.pl <\/p>\n<p>Norbert Huber (trzeci od lewej) imponuje Japo\u0144czykom gr\u0105 w bloku<\/p>\n<p class=\"Paragraph_desktopParagraph__U31Gm\">Jak rozumiem, odpowiedzi na te pytania by\u0142y pozytywne?<\/p>\n<p class=\"Paragraph_desktopParagraph__U31Gm\">Tak. Jestem wdzi\u0119czny za to, co spotyka mnie tutaj ka\u017cdego dnia, w jakim klubie i z jakimi lud\u017ami pracuj\u0119. Mimo \u017ce nie zawsze grali\u015bmy tak, jak by\u015bmy mogli, to wci\u0105\u017c jeste\u015bmy \u015bwiadomi swoich mo\u017cliwo\u015bci i nadal ci\u0119\u017cko pracujemy, aby dobrze reprezentowa\u0107 naszego sponsora oraz kibic\u00f3w, kt\u00f3rzy wspieraj\u0105 nas na ka\u017cdym meczu.<\/p>\n<p class=\"Paragraph_desktopParagraph__U31Gm\">Co odr\u00f3\u017cnia Wolf Dogs od klub\u00f3w, w kt\u00f3rych dotychczas pan wyst\u0119powa\u0142?<\/p>\n<p class=\"Paragraph_desktopParagraph__U31Gm\">Przede wszystkim samo podej\u015bcie do siatk\u00f3wki, kt\u00f3re w Polsce i Japonii jest r\u00f3\u017cne. Poza tym stosunek cz\u0142onk\u00f3w klubu do zawodnik\u00f3w odznacza si\u0119 bardzo du\u017cym szacunkiem. Sama organizacja klubu stoi na wysokim poziomie. Nie mam te\u017c tylu obowi\u0105zk\u00f3w co w Polsce, a ka\u017cda inna aktywno\u015b\u0107 jest traktowana jako dodatkowa. Je\u015bli czego\u015b nie chc\u0119 robi\u0107, to nie jest to wymagane, a w Polsce by\u0142o to na przyk\u0142ad narzucone z g\u00f3ry.<\/p>\n<p class=\"Paragraph_desktopParagraph__U31Gm\">Ludzie, kt\u00f3rzy pracuj\u0105 w Wolf Dogs, licz\u0105 si\u0119 ze zdaniem siatkarzy, co nie zdarza\u0142o si\u0119 w klubach PlusLigi. Tam cz\u0119sto s\u0142ysza\u0142o si\u0119, \u017ce musimy co\u015b zrobi\u0107, bo sponsor za to p\u0142aci. Odczuwam zadowolenie z tego, co spotyka mnie w tym klubie, i jestem pod du\u017cym wra\u017ceniem podej\u015bcia do ludzi. Mam tu na my\u015bli nie tylko sam klub Wolf Dogs, tak\u017ce na ulicach czu\u0107 szacunek i uprzejmo\u015b\u0107 ze strony drugiego cz\u0142owieka.<\/p>\n<p class=\"Paragraph_desktopParagraph__U31Gm\">W grudniu pa\u0144ska ekipa si\u0119gn\u0119\u0142a po Puchar Cesarza, wygrywaj\u0105c wszystkie cztery mecze po 3:0. <\/p>\n<p class=\"Paragraph_desktopParagraph__U31Gm\">W tym turnieju nie wyst\u0105pi\u0142y wszystkie dru\u017cyny SVLeague, bo w tym samym czasie Osaka Bluteon gra\u0142a w klubowych mistrzostwach \u015bwiata [w Belem si\u0119gn\u0119\u0142a po srebro, przegrywaj\u0105c fina\u0142 z Perugi\u0105]. Poza tym w \u0107wier\u0107finale Pucharu Cesarza Suntory Sunbirds niespodziewanie przegra\u0142o z Voreas Hokkaido, z kt\u00f3rym walczyli\u015bmy p\u00f3\u017aniej w finale.<\/p>\n<p><img decoding=\"async\" class=\"Image_image__0tuHp Image_autoHeight__f2n87 \" height=\"587\" width=\"391\" src=\"https:\/\/www.europesays.com\/pl\/wp-content\/uploads\/2026\/01\/D5dk9kpTURBXy9lZTNmMmYxN2IwYTU5OGM2ZWRjMGU4YTg0MjQ0NmJiZS5qcGeSlQLNA6wAwsOVAgDNAkvCw94AA6EwAaExAaEzw.jpeg\" alt=\"Norbert Huber\" loading=\"lazy\" \/>AFLO\/Newspix \/ newspix.pl <\/p>\n<p>Norbert Huber<\/p>\n<p class=\"Paragraph_desktopParagraph__U31Gm\">Zdobycie tego trofeum by\u0142o dla mnie do\u015b\u0107 niespodziewane, bo nie s\u0105dzi\u0142em, \u017ce jeste\u015bmy w stanie po nie si\u0119gn\u0105\u0107. Fajnie by\u0142o do\u015bwiadczy\u0107 nowego formatu rywalizacji o puchar, w kt\u00f3rym grali\u015bmy w jednej hali wraz z dru\u017cynami \u017ce\u0144skimi oraz wyst\u0119puj\u0105cymi w ni\u017cszych ligach zespo\u0142ami uczelnianymi. Ciekawe by\u0142o te\u017c \u015bwi\u0119towanie po zdobyciu tytu\u0142u, bo odbywa\u0142o si\u0119 w gronie wszystkich pracownik\u00f3w klubu. Dzi\u0119ki temu mo\u017cna by\u0142o pozna\u0107 wi\u0119cej os\u00f3b, kt\u00f3re s\u0105 zaanga\u017cowane w jego tworzenie. Z drugiej strony od momentu zwyci\u0119stwa w Pucharze Cesarza nasza forma nieco si\u0119 obni\u017cy\u0142a, co prze\u0142o\u017cy\u0142o si\u0119 na kolejne pora\u017cki w lidze.<\/p>\n<p class=\"Paragraph_desktopParagraph__U31Gm\">M\u00f3wi\u0142 pan, \u017ce nie nak\u0142ada si\u0119 na was presji zwi\u0105zanej z konieczno\u015bci\u0105 zdobycia mistrzostwa Japonii. A jak pan ocenia wasze szanse na tle pozosta\u0142ych zespo\u0142\u00f3w?<\/p>\n<p class=\"Paragraph_desktopParagraph__U31Gm\">Przed sezonem mieli\u015bmy spotkanie, na kt\u00f3rym trener w obecno\u015bci prezesa sponsoruj\u0105cej nas firmy powiedzia\u0142, \u017ce nie mo\u017cemy zagwarantowa\u0107 wyniku, ale mo\u017cemy zapewni\u0107 walk\u0119 w ka\u017cdym meczu i godn\u0105 reprezentacj\u0119 zar\u00f3wno sponsora, jak i klubu. To dla mnie co\u015b nowego i wyj\u0105tkowego, bo do tej pory ka\u017cdy z moich dotychczasowych pracodawc\u00f3w powtarza\u0142, \u017ce liczy si\u0119 tylko tytu\u0142 mistrzowski, a ka\u017cdy inny wynik mo\u017ce by\u0107 rozpatrywany w kategorii pora\u017cki. Jeste\u015bmy obecnie na p\u00f3\u0142metku rywalizacji w fazie zasadniczej SVLeague, bo do rozegrania zosta\u0142o nam jeszcze 20 kolejek. Zajmujemy czwarte miejsce, przegrali\u015bmy sze\u015b\u0107 spotka\u0144 z rz\u0119du. Licz\u0119, \u017ce zaczniemy wygrywa\u0107.<\/p>\n<p class=\"Paragraph_desktopParagraph__U31Gm\">Odpowiadaj\u0105 panu mecze w weekend dzie\u0144 po dniu i szybka gra, kt\u00f3r\u0105 preferuje si\u0119 w Japonii?<\/p>\n<p class=\"Paragraph_desktopParagraph__U31Gm\">Tak, bardzo mi to odpowiada. Po tych meczach zawsze dostajemy minimum p\u00f3\u0142tora dnia wolnego, a poza tym nie gra si\u0119 co dwa\u2013trzy dni, jak to bywa w Polsce. Tutaj spotkania odbywaj\u0105 si\u0119 co tydzie\u0144 punktualnie o sta\u0142ych porach. Historie o tym, \u017ce w PlusLidze gra si\u0119 co kilka dni, nie ma czasu na odpoczynek, podr\u00f3\u017ce s\u0105 dalekie i wielogodzinne, wraca si\u0119 do domu zaraz po meczu, zarywaj\u0105c noc, bo kto\u015b nie mo\u017ce dobrze rozplanowa\u0107 kalendarza rozgrywek, by\u0142y dla moich koleg\u00f3w z obecnej ekipy nie do wyobra\u017cenia.<\/p>\n<p class=\"Paragraph_desktopParagraph__U31Gm\">Gra w weekendy jest bardzo wygodna, cho\u0107 w niedziel\u0119 jest trudniej, bo mo\u017cesz by\u0107 niedostatecznie zregenerowany. Plusem jest to, \u017ce w takiej samej lub by\u0107 mo\u017ce nawet gorszej sytuacji znajduje si\u0119 tak\u017ce dru\u017cyna przeciwna. Pod tym wzgl\u0119dem jest wi\u0119c sprawiedliwie. To format, kt\u00f3ry dla mnie jest wygodny i bardzo dobrze si\u0119 w nim czuj\u0119, bo mam czas na to, aby gra\u0107, odpocz\u0105\u0107 czy popracowa\u0107 nad pewnymi elementami. Kwestia podr\u00f3\u017cy po Japonii te\u017c jest na plus, bo s\u0105 one dobrze zaplanowane i zorganizowane. Na wyjazdach ka\u017cdy z cz\u0142onk\u00f3w dru\u017cyny ma w\u0142asny pok\u00f3j. To niby detal, ale r\u00f3\u017cnica jest znacz\u0105ca.<\/p>\n<p class=\"Paragraph_desktopParagraph__U31Gm\">Brzmi jak siatkarski raj na ziemi.<\/p>\n<p class=\"Paragraph_desktopParagraph__U31Gm\">Rekomenduj\u0119 ka\u017cdemu, kto b\u0119dzie chcia\u0142 i mia\u0142 mo\u017cliwo\u015b\u0107, aby podpisa\u0107 kontrakt w lidze japo\u0144skiej, zmierzy\u0107 si\u0119 z jej poziomem, pozna\u0107 now\u0105 kultur\u0119 i do\u015bwiadczy\u0107 tego du\u017cego szacunku i uprzejmo\u015bci ze strony mieszkaj\u0105cych tam ludzi.<\/p>\n<p class=\"Paragraph_desktopParagraph__U31Gm\">W trakcie sezonu m\u00f3wi\u0142o si\u0119, \u017ce mo\u017ce pan zosta\u0107 przestawiony na pozycj\u0119 atakuj\u0105cego. Ile mecz\u00f3w rozegra\u0142 pan w tej roli?<\/p>\n<p class=\"Paragraph_desktopParagraph__U31Gm\">W jednym wszed\u0142em na podw\u00f3jn\u0105 zmian\u0119, ale by\u0142 to tylko epizod, kt\u00f3ry ju\u017c si\u0119 wi\u0119cej nie wydarzy\u0142. Czasami na treningu, je\u015bli zajdzie taka potrzeba, jestem w stanie gra\u0107 na r\u00f3\u017cnych pozycjach, aby zaj\u0119cia mog\u0142y si\u0119 odby\u0107. Czasami pe\u0142ni\u0119 wi\u0119c rol\u0119 zawodnika uniwersalnego, ale w meczach zawsze gram jako \u015brodkowy.<\/p>\n<p class=\"Paragraph_desktopParagraph__U31Gm\">W sezonie 2023\/24 PlusLigi ustanowi\u0142 pan rekord pod wzgl\u0119dem liczby punktowych blok\u00f3w. W tym jest pan liderem klasyfikacji najlepszych blokuj\u0105cych SVLeague. Widzi pan jakie\u015b r\u00f3\u017cnice w blokowaniu rywali w Polsce i Japonii?<\/p>\n<p class=\"Paragraph_desktopParagraph__U31Gm\">Nie. W Japonii gra jest czasami troch\u0119 szybsza, ale za to niedok\u0142adna. Poza tym nie widz\u0119 \u017cadnych r\u00f3\u017cnic. Musz\u0119 te\u017c przyzna\u0107, \u017ce kiedy my\u015bl\u0119 o sezonie 2023\/24, to a\u017c trudno mi sobie wyobrazi\u0107, \u017ce uda\u0142o mi si\u0119 w\u00f3wczas taki rekord wy\u015brubowa\u0107. W moim obecnym klubie skupiam si\u0119 na tym, aby dobrze gra\u0107 i pracowa\u0107 na to, by informacja zwrotna od trenera, jego asystent\u00f3w czy samego prezesa by\u0142a pozytywna. Je\u015bli b\u0119d\u0119 wa\u017cnym elementem dru\u017cyny i zbior\u0119 dobre opinie, to b\u0119d\u0119 z tego zadowolony. Ostatnio dostaj\u0119 du\u017co wiadomo\u015bci od fan\u00f3w, \u017ce dostrzegaj\u0105 moj\u0105 dobr\u0105 gr\u0119 w bloku. W listach, kt\u00f3re otrzymuj\u0119 po meczach wraz z prezentami, tak\u017ce pojawiaj\u0105 si\u0119 mi\u0142e fragmenty dotycz\u0105ce tego elementu. Ciesz\u0119 si\u0119, \u017ce kto\u015b to dostrzega, bo to pokazuje mi, \u017ce warto dobrze gra\u0107 w siatk\u00f3wk\u0119.<\/p>\n<p class=\"Paragraph_desktopParagraph__U31Gm\">Czyli wypalenie zawodowe, o kt\u00f3rym m\u00f3wi\u0142 pan w lecie, opu\u015bci\u0142o pana na dobre?<\/p>\n<p class=\"Paragraph_desktopParagraph__U31Gm\">My\u015bl\u0119, \u017ce tak. Bardzo du\u017ce znaczenie mia\u0142o to, \u017ce zmieni\u0142em \u015brodowisko i klimat pracy, odnajduj\u0119 si\u0119 w nowym towarzystwie, a poza tym zostawi\u0142em w Polsce wiele rzeczy, kt\u00f3re zabiera\u0142y mi rado\u015b\u0107 z tego, co robi\u0119.<\/p>\n<p class=\"Paragraph_desktopParagraph__U31Gm\">Miniony rok by\u0142 dla pana wyj\u0105tkowo trudny pod wzgl\u0119dem zdrowotnym. Najpierw dozna\u0142 pan urazu oka, potem przeszed\u0142 zabieg na przegrod\u0119 nosow\u0105, mia\u0142 problem ze \u015bci\u0119gnem podkolanowym, a w Japonii pauzowa\u0142 przez kilka dni w zwi\u0105zku z gro\u017anie wygl\u0105daj\u0105cym upadkiem w trakcie jednego z mecz\u00f3w. Uda\u0142o si\u0119 ju\u017c wyrzuci\u0107 te wszystkie k\u0142opoty z g\u0142owy?<\/p>\n<p class=\"Paragraph_desktopParagraph__U31Gm\">Tak. Moje ostatnie problemy w SVLeague, w tym skr\u0119cona kostka, by\u0142y zdarzeniami losowymi. Pozosta\u0142e kwestie zdrowotne z minionego roku traktowa\u0142em i nadal traktuj\u0119 na zasadzie, \u017ce kto\u015b ma mnie w swojej opiece i da\u0142 mi sygna\u0142, \u017ce powinienem te\u017c czasami skupi\u0107 si\u0119 na odpoczynku. Mimo wszystkich przeciwno\u015bci losu ciesz\u0119 si\u0119, \u017ce Opatrzno\u015b\u0107 nade mn\u0105 czuwa\u0142a i osoby decyzyjne nie mia\u0142y w tej kwestii nic do powiedzenia.<\/p>\n<p class=\"Paragraph_desktopParagraph__U31Gm\">Kontrakt z Wolf Dogs podpisa\u0142 pan na dwa sezony. Po zako\u0144czeniu tej wsp\u00f3\u0142pracy zdecyduje si\u0119 pan kontynuowa\u0107 karier\u0119 za granic\u0105 czy raczej wr\u00f3ci do Polski?<\/p>\n<p class=\"Paragraph_desktopParagraph__U31Gm\">Moja decyzja b\u0119dzie zale\u017ca\u0142a od tego, czy kluby PlusLigi b\u0119d\u0105 mn\u0105 zainteresowane oraz od tego, gdzie i z kim mia\u0142bym w takim scenariuszu wyst\u0119powa\u0107. M\u00f3j obecny kontrakt obowi\u0105zuje do maja 2027 r., ale b\u0119d\u0119 otwarty tylko na konkretne rozmowy. Je\u017celi do takowych dojdzie, z pewno\u015bci\u0105 poinformuj\u0119 o tym w swoich mediach spo\u0142eczno\u015bciowych.<\/p>\n<p class=\"Paragraph_desktopParagraph__U31Gm\">Na pa\u0144sk\u0105 decyzj\u0119 b\u0119dzie mia\u0142o te\u017c wp\u0142yw to, co napisa\u0142 pan w grudniu na portalu X na temat zaleg\u0142o\u015bci finansowych w polskich klubach?<\/p>\n<p class=\"Paragraph_desktopParagraph__U31Gm\">Nie chodzi ju\u017c o zaleg\u0142o\u015bci. \u017byczy\u0142bym sobie, aby by\u0142o wi\u0119cej transparentno\u015bci we wsp\u00f3lnych dzia\u0142aniach na rzecz profesjonalnej siatk\u00f3wki w naszym kraju. Chodzi mi o tworzenie wyj\u0105tkowego produktu na skal\u0119 \u015bwiatow\u0105 i maksymalne wykorzystywanie potencja\u0142u polskiej ligi.<\/p>\n<p class=\"Paragraph_desktopParagraph__U31Gm\">Je\u015bli nie pojawi\u0142aby si\u0119 \u017cadna satysfakcjonuj\u0105ca oferta z PlusLigi, to jakie zagraniczne kierunki bierze pan pod uwag\u0119?<\/p>\n<p class=\"Paragraph_desktopParagraph__U31Gm\">Zosta\u0142bym raczej w lidze japo\u0144skiej. Mo\u017ce Wolf Dogs b\u0119dzie na tyle zadowolone z mojej pracy, \u017ce zaproponuje mi przed\u0142u\u017cenie kontraktu. Na pewno b\u0119d\u0119 na to pracowa\u0142.<\/p>\n<p class=\"Paragraph_desktopParagraph__U31Gm\">Udaje si\u0119 panu w jakim\u015b stopniu \u015bledzi\u0107 to, co dzieje si\u0119 w PlusLidze?<\/p>\n<p class=\"Paragraph_desktopParagraph__U31Gm\">Tak, \u015bledz\u0119. Staram si\u0119 ogl\u0105da\u0107 mecze, kiedy tylko mog\u0119. Mam swoje przemy\u015blenia, kt\u00f3re s\u0105 zbie\u017cne z obserwacjami wielu fan\u00f3w i sympatyk\u00f3w. Wierz\u0119, \u017ce w 2026 r. nast\u0105pi\u0105 zmiany, kt\u00f3re b\u0119d\u0105 szanowa\u0107 ka\u017cdego, kto jest zaanga\u017cowany w tworzenie siatk\u00f3wki w naszym kraju.<\/p>\n<p class=\"Paragraph_desktopParagraph__U31Gm\">Co ma pan dok\u0142adnie na my\u015bli?<\/p>\n<p class=\"Paragraph_desktopParagraph__U31Gm\">To, aby siatk\u00f3wka w Polsce by\u0142a bardziej profesjonalna nie tylko z nazwy. Nie chodzi mi wy\u0142\u0105cznie o finanse i bud\u017cety, ale tak\u017ce o dbanie o zawodnik\u00f3w, dostateczny czas na regeneracj\u0119 i odpoczynek oraz dobre warunki do pracy. Nie mo\u017cna przy tym zapomnie\u0107 o kibicach, kt\u00f3rzy chcieliby otrzymywa\u0107 przejrzyste komunikaty, bo lepsza komunikacja r\u00f3wnie\u017c im si\u0119 nale\u017cy. Wszyscy byliby szcz\u0119\u015bliwsi, trawa by\u0142aby bardziej zielona, a kawa lepiej smakowa\u0142a.<\/p>\n<p class=\"Paragraph_desktopParagraph__U31Gm\">Trawa nie jest bardziej zielona w Jastrz\u0119bskim W\u0119glu, gdzie pan ostatnio gra\u0142. Ten sezon jest dla Pomara\u0144czowych wyj\u0105tkowo trudny, bo po raz pierwszy nie s\u0105 tak mocn\u0105 dru\u017cyn\u0105, a sytuacji nie u\u0142atwiaj\u0105 problemy sponsora tytularnego.<\/p>\n<p class=\"Paragraph_desktopParagraph__U31Gm\">Jest to dla nich trudny sezon, bo dru\u017cyna, kt\u00f3ra w ostatnich latach gra\u0142a o najwy\u017csze cele, musia\u0142a obni\u017cy\u0107 swoje ambicje. Taka codzienno\u015b\u0107 jest na pewno trudna i rzutuje na wiele rzeczy, jak gra czy podej\u015bcie zespo\u0142u. Wierz\u0119 jednak, \u017ce dla tamtejszego \u015brodowiska kt\u00f3rego\u015b dnia zn\u00f3w za\u015bwieci s\u0142o\u0144ce.<\/p>\n<p class=\"Paragraph_desktopParagraph__U31Gm\">Rozmawia\u0142 pan ju\u017c z selekcjonerem Nikol\u0105 Grbiciem na temat nowego sezonu reprezentacyjnego?<\/p>\n<p class=\"Paragraph_desktopParagraph__U31Gm\">Nie rozmawia\u0142em z nim jeszcze, ale nawet nie zaprz\u0105tam sobie g\u0142owy tym, czy zadzwoni. Spokojnie \u017cyj\u0119 w Japonii dzie\u0144 po dniu i opr\u00f3cz planowania codzienno\u015bci my\u015bl\u0119 te\u017c o tym, \u017ce po sezonie musz\u0119 odpocz\u0105\u0107 od siatk\u00f3wki, tak jak to by\u0142o w minionym roku [Huber nie wyst\u0105pi\u0142 w Lidze Narod\u00f3w, do\u0142\u0105czaj\u0105c do kadry na mistrzostwa \u015bwiata]. Chcia\u0142bym zadba\u0107 o swoje zdrowie i sp\u0119dzi\u0107 troch\u0119 czasu z rodzin\u0105 i bliskimi.<\/p>\n<p class=\"Paragraph_desktopParagraph__U31Gm\">Czyli rozwa\u017ca pan przerw\u0119 od reprezentacji?<\/p>\n<p class=\"Paragraph_desktopParagraph__U31Gm\">Je\u015bli nie znajd\u0119 nici porozumienia z trenerem i b\u0119d\u0119 musia\u0142 wybiera\u0107 swoje zdrowie albo gr\u0119 w reprezentacji, to wybior\u0119 to pierwsze.<\/p>\n<p class=\"Paragraph_desktopParagraph__U31Gm\">Nowy sezon reprezentacyjny zn\u00f3w b\u0119dzie bardzo wa\u017cny, bo b\u0119dziecie w nim broni\u0107 z\u0142ota Ligi Narod\u00f3w i mistrzostwa Europy. Obrona drugiego z tytu\u0142\u00f3w mo\u017ce wam zapewni\u0107 bilet na igrzyska olimpijskie w Los Angeles. Po tym, jak Europa dominowa\u0142a na mundialu na Filipinach, mo\u017ce by\u0107 to o wiele trudniejsze zadanie ni\u017c trzy lata temu?<\/p>\n<p class=\"Paragraph_desktopParagraph__U31Gm\">Tak jak ju\u017c powiedzia\u0142em, temat reprezentacji na dzisiaj jest dla mnie bardzo odleg\u0142y. Widzia\u0142em tylko, jak\u0105 wylosowali\u015bmy grup\u0119 na mistrzostwach Europy. Mog\u0119 jednak powiedzie\u0107, \u017ce b\u0119dzie na nich gra\u0142o wiele dru\u017cyn, kt\u00f3re b\u0119d\u0105 chcia\u0142y osi\u0105gn\u0105\u0107 sukces. Takiego tytu\u0142u nie zdobywa si\u0119 \u0142atwo, co by\u0142o wida\u0107 w 2023 r., gdy si\u0119gn\u0119li\u015bmy po niego po 14 latach przerwy. Jeszcze trudniej b\u0119dzie go obroni\u0107, zw\u0142aszcza \u017ce idzie za nim awans na igrzyska.<\/p>\n<p class=\"Paragraph_desktopParagraph__U31Gm\">Wraca pan jeszcze do wydarze\u0144 z ko\u0144c\u00f3wki mistrzostw \u015bwiata?<\/p>\n<p class=\"Paragraph_desktopParagraph__U31Gm\">Wydaje mi si\u0119, \u017ce ten turniej jest ju\u017c za mn\u0105. Ciesz\u0119 si\u0119 z br\u0105zowego kr\u0105\u017cka i dzi\u0119kuj\u0119 za niego Opatrzno\u015bci Bo\u017cej i moim kolegom. Nie rozdzieram szat, \u017ce mog\u0142o by\u0107 lepiej. Doceniam to, \u017ce mog\u0142em by\u0107 cz\u0119\u015bci\u0105 tamtego zespo\u0142u. Wiem, \u017ce da\u0142em z siebie wszystko i przygotowa\u0142em si\u0119 do turnieju najlepiej, jak potrafi\u0142em.<\/p>\n","protected":false},"excerpt":{"rendered":"KATARZYNA PAW: Jak si\u0119 panu \u017cyje w Japonii? Tamtejsza rzeczywisto\u015b\u0107 daleko odbiega od przedwyjazdowych wyobra\u017ce\u0144? NORBERT HUBER: \u017byje&hellip;\n","protected":false},"author":2,"featured_media":232519,"comment_status":"","ping_status":"","sticky":false,"template":"","format":"standard","meta":{"footnotes":""},"categories":[24],"tags":[56,67,706,53,6970,52,68,51,55,42,6242,38,40,39,41,47,131,127,126,4562,50,130],"class_list":{"0":"post-232518","1":"post","2":"type-post","3":"status-publish","4":"format-standard","5":"has-post-thumbnail","7":"category-sport","8":"tag-article_premium","9":"tag-intextvideo_splayer","10":"tag-japonia","11":"tag-new_header","12":"tag-norbert_huber","13":"tag-onet3","14":"tag-onet3d","15":"tag-onet3d_2i","16":"tag-phx","17":"tag-pl","18":"tag-plusliga","19":"tag-poland","20":"tag-polish","21":"tag-polska","22":"tag-polski","23":"tag-screening_general","24":"tag-siatkowka","25":"tag-sport","26":"tag-sports","27":"tag-tka","28":"tag-v2021","29":"tag-wiadomosci_sportowe"},"share_on_mastodon":{"url":"https:\/\/pubeurope.com\/@pl\/115980659812296480","error":""},"_links":{"self":[{"href":"https:\/\/www.europesays.com\/pl\/wp-json\/wp\/v2\/posts\/232518","targetHints":{"allow":["GET"]}}],"collection":[{"href":"https:\/\/www.europesays.com\/pl\/wp-json\/wp\/v2\/posts"}],"about":[{"href":"https:\/\/www.europesays.com\/pl\/wp-json\/wp\/v2\/types\/post"}],"author":[{"embeddable":true,"href":"https:\/\/www.europesays.com\/pl\/wp-json\/wp\/v2\/users\/2"}],"replies":[{"embeddable":true,"href":"https:\/\/www.europesays.com\/pl\/wp-json\/wp\/v2\/comments?post=232518"}],"version-history":[{"count":0,"href":"https:\/\/www.europesays.com\/pl\/wp-json\/wp\/v2\/posts\/232518\/revisions"}],"wp:featuredmedia":[{"embeddable":true,"href":"https:\/\/www.europesays.com\/pl\/wp-json\/wp\/v2\/media\/232519"}],"wp:attachment":[{"href":"https:\/\/www.europesays.com\/pl\/wp-json\/wp\/v2\/media?parent=232518"}],"wp:term":[{"taxonomy":"category","embeddable":true,"href":"https:\/\/www.europesays.com\/pl\/wp-json\/wp\/v2\/categories?post=232518"},{"taxonomy":"post_tag","embeddable":true,"href":"https:\/\/www.europesays.com\/pl\/wp-json\/wp\/v2\/tags?post=232518"}],"curies":[{"name":"wp","href":"https:\/\/api.w.org\/{rel}","templated":true}]}}