{"id":232638,"date":"2026-01-30T00:03:10","date_gmt":"2026-01-30T00:03:10","guid":{"rendered":"https:\/\/www.europesays.com\/pl\/232638\/"},"modified":"2026-01-30T00:03:10","modified_gmt":"2026-01-30T00:03:10","slug":"piatek-z-treningami-i-konkursem-mikstow-listy-startowe","status":"publish","type":"post","link":"https:\/\/www.europesays.com\/pl\/232638\/","title":{"rendered":"Pi\u0105tek z treningami i konkursem mikst\u00f3w (listy startowe)"},"content":{"rendered":"<p>Czas na ostatni przystanek Pucharu \u015awiata przed Zimowymi Igrzyskami Olimpijskimi w Mediolanie-Cortinie. W pi\u0105tek na Muehlenkopfschanze (HS147) w Willingen rozegrane zostan\u0105 treningi kobiet i m\u0119\u017cczyzn oraz konkurs dru\u017cyn mieszanych. Na belce startowej zasi\u0105dzie pi\u0119ciu reprezentant\u00f3w Polski.<\/p>\n<p>                            <a class=\"fancybox\" href=\"https:\/\/www.skijumping.pl\/content\/images\/news\/powieksz\/tad4074_2024-02-03_10-52-13.jpg\" data-fancybox=\"gallery38098\" data-caption=\"Skocznia w Willingen, fot. Tadeusz Mieczy\u0144ski\" rel=\"nofollow noopener\" target=\"_blank\"><img decoding=\"async\" class=\"img-responsive lazyload\" src=\"https:\/\/www.europesays.com\/pl\/wp-content\/uploads\/2026\/01\/280x190_q80_tad4074_2024-02-03_10-52-13.jpg\" alt=\"Skocznia w Willingen\" title=\"Skocznia w Willingen\"\/><\/a>Skocznia w Willingen<a class=\"fancybox\" href=\"https:\/\/www.skijumping.pl\/content\/images\/news\/powieksz\/prevc_2026-01-18_06-03-59.jpg\" data-fancybox=\"gallery38098\" data-caption=\"Domen Prevc, fot. Tadeusz Mieczy\u0144ski\" rel=\"nofollow noopener\" target=\"_blank\"><img decoding=\"async\" class=\"img-responsive lazyload\" src=\"https:\/\/www.europesays.com\/pl\/wp-content\/uploads\/2026\/01\/280x190_q80_prevc_2026-01-18_06-03-59.jpg\" alt=\"Domen Prevc\" title=\"Domen Prevc\"\/><\/a>Domen Prevc<\/p>\n<p>fot. Tadeusz Mieczy\u0144ski<\/p>\n<p><a class=\"fancybox\" href=\"https:\/\/www.skijumping.pl\/content\/images\/news\/powieksz\/prevc_2026-01-24_14-08-01.jpg\" data-fancybox=\"gallery38098\" data-caption=\"Nika Prevc, fot. Materia\u0142y organizator\u00f3w\" rel=\"nofollow noopener\" target=\"_blank\"><img decoding=\"async\" class=\"img-responsive lazyload\" src=\"https:\/\/www.europesays.com\/pl\/wp-content\/uploads\/2026\/01\/280x190_q80_prevc_2026-01-24_14-08-01.jpg\" alt=\"Nika Prevc\" title=\"Nika Prevc\"\/><\/a>Nika Prevc<\/p>\n<p>fot. Materia\u0142y organizator\u00f3w<\/p>\n<p>Skoczkowie powracaj\u0105 do Pucharu \u015awiata po blisko dwutygodniowej przerwie. Przed tygodniem rywalizowali bowiem na mistrzostwach \u015bwiata w lotach narciarskich w Oberstdorfie. Indywidualnie po z\u0142oty medal si\u0119gn\u0105\u0142 Domen Prevc, kt\u00f3ry wyprzedzi\u0142 o 59,5 punktu srebrnego medalist\u0119, Mariusa Lindvika. Br\u0105z wywalczy\u0142 Ren Nikaido. Dru\u017cynowo triumfowali Japo\u0144czycy przed Austriakami i Norwegami.<\/p>\n<p>Panie w ubieg\u0142y weekend zako\u0144czy\u0142y podr\u00f3\u017c po Azji. Oba konkursy na Okurayamie w Sapporo pad\u0142y \u0142upem Niki Prevc, za\u015b dwukrotnie drugie miejsce zaj\u0119\u0142a Abigail Strate. Trzecie lokaty przypad\u0142y Norwe\u017ckom &#8211; w sobot\u0119 t\u0119 pozycj\u0119 zaj\u0119\u0142a Anna Odine Stroem, a w niedziel\u0119 Heidi Dyhre Traaserud.<\/p>\n<p>Liderem klasyfikacji Pucharu \u015awiata m\u0119\u017cczyzn jest Domen Prevc (1414 pkt.), kt\u00f3ry na 12 konkurs\u00f3w indywidualnych do ko\u0144ca sezonu wyprzedza o 467 punkt\u00f3w Ryoyu Kobayashiego (947 pkt.) oraz o 653 pkt. Rena Nikaido (653 pkt.). Dwunaste miejsce zajmuje Kacper Tomasiak (342 pkt.).<\/p>\n<p>W rywalizacji pa\u0144 na czele walki o Kryszta\u0142ow\u0105 Kul\u0119 znajduje si\u0119 Nika Prevc (1796 pkt.) przed Nozomi Maruyam\u0105 (1310 pkt.) i Lis\u0105 Eder (1117 pkt.). Na dwudziestej czwarty pozycji sklasyfikowana jest Anna Twardosz (178 pkt.). Do ko\u0144ca sezonu kobiet pozosta\u0142o 11 konkurs\u00f3w indywidualnych.<\/p>\n<p>Teraz pucharowa karuzela zawita\u0142a na najwi\u0119ksz\u0105 du\u017c\u0105 skoczni\u0119 w kalendarzu Pucharu \u015awiata. W pi\u0105tek na skoczni w Willingen maj\u0105 zosta\u0107 rozegrane treningi kobiet i m\u0119\u017cczyzn, a nast\u0119pnie drugi w tym sezonie konkurs dru\u017cyn mieszanych. Dla skoczk\u00f3w zawody w Hesji s\u0105 ostatnim starciem przed XXV Zimowymi Igrzyskami Olimpijskimi w Mediolanie i Cortinie d&#8217;Ampezzo.<\/p>\n<p>Pi\u0105tek w Willingen rozpocznie si\u0119 od sesji treningowej kobiet. Na starcie ujrzymy 34 zawodniczki z dziewi\u0119ciu reprezentacji narodowych. W tym gronie zabraknie Polek.<\/p>\n<p>Po po\u0142udniu na Muehlenkopfschanze zawitaj\u0105 z kolei panowie. Na li\u015bcie startowej figuruj\u0105 nazwiska 56 zawodnik\u00f3w z pi\u0119tnastu pa\u0144stw. Na belce startowej zasi\u0105dzie pi\u0119ciu reprezentant\u00f3w Polski &#8211; Aleksander Zniszczo\u0142 (nr 4), Klemens Joniak (nr 13), Dawid Kubacki (nr 28), Maciej Kot (nr 31) i Piotr \u017by\u0142a (nr 35).<\/p>\n<p>Na starcie niemieckich zawod\u00f3w zabraknie polskich olimpijczyk\u00f3w &#8211; Poli Be\u0142towskiej, Anny Twardosz, Kamila Stocha, Kacpra Tomasiaka i Paw\u0142a W\u0105ska. Nasza reprezentacja nie wyst\u0105pi r\u00f3wnie\u017c w konkursie dru\u017cyn mieszanych, w kt\u00f3rym spodziewany jest udzia\u0142 9 zespo\u0142\u00f3w &#8211; W\u0142och, Francji, Stan\u00f3w Zjednoczonych, Finlandii, Norwegii, Niemiec, Austrii, S\u0142owenii i Japonii.<\/p>\n<p>W trakcie pi\u0105tkowych serii wiatr na skoczni w Willingen ma osi\u0105ga\u0107 \u015bredni\u0105 pr\u0119dko\u015b\u0107 5-6 m\/s, za\u015b temperatura powietrza ma wynosi\u0107 -1\u00b0C. Opady nie s\u0105 przewidywane.<\/p>\n<p>Oficjalnym rekordzist\u0105 Muehlenkopfschanze (HS147) jest Johann Andre Forfang. Norweg w 2024 roku poszybowa\u0142 na odleg\u0142o\u015b\u0107 155,5 metra. Warto wspomnie\u0107, i\u017c w 2023 roku Timi Zajc nie usta\u0142 lotu na odleg\u0142o\u015b\u0107 161,5 metra.<\/p>\n<p>Oficjalny kobiecy rekord skoczni wynosi z kolei 151 metr\u00f3w i nale\u017cy od 2022 roku do S\u0142owenki Niki Vodan. W\u00f3wczas na treningu jeszcze dalej poszybowa\u0142a Yuki Ito, l\u0105duj\u0105c na 154 metrze. W przeprowadzonym w 2023 roku mik\u015bcie Japonka skoczy\u0142a jeszcze p\u00f3\u0142 metra dalej, ale podpar\u0142a plecami swoj\u0105 pr\u00f3b\u0119.<\/p>\n<p>O 11:00 rozpocznie si\u0119 sesja treningowa kobiet, natomiast o 13:15 &#8211; m\u0119\u017cczyzn. Pocz\u0105tek konkursu dru\u017cyn mieszanych zaplanowano na 16:10.<\/p>\n<p>Transmisj\u0119 z zawod\u00f3w przeprowadz\u0105 Eurosport 1 (15:45) i HBO Max (16:00).<\/p>\n<p><a href=\"https:\/\/www.skijumping.pl\/live-berkutschi\/ps\" target=\"_blank\" rel=\"nofollow noopener\">Wyniki m\u0119\u017cczyzn na \u017cywo b\u0119dziecie mogli \u015bledzi\u0107 za po\u015brednictwem relacji LIVE Berkutschi &gt;&gt;&gt;<\/a><\/p>\n<p>lub <a href=\"http:\/\/live.skijumping.pl\" target=\"_blank\" rel=\"nofollow noopener\">relacji LIVE FIS &gt;&gt;&gt;<\/a><\/p>\n<p>Z kolei <a href=\"https:\/\/www.skijumping.pl\/live-berkutschi\/lps\" target=\"_blank\" rel=\"nofollow noopener\">wyniki kobiet b\u0119dziecie mogli \u015bledzi\u0107 za po\u015brednictwem relacji LIVE Berkutschi &gt;&gt;&gt;<\/a><\/p>\n<p>lub <a href=\"http:\/\/live.skijumping.pl\/lps\" target=\"_blank\" rel=\"nofollow noopener\">relacji LIVE FIS &gt;&gt;&gt;<\/a><\/p>\n<p>&#13;<br \/>\n\t&#13;<\/p>\n<tr>&#13;<\/p>\n<td class=\"tytul\" colspan=\"3\">Program zawod\u00f3w:<\/td>\n<p>&#13;<br \/>\n\t\t<\/tr>\n<p>&#13;<\/p>\n<tr>&#13;<br \/>\n\t\t\tGodzina&#13;<br \/>\n\t\t\tWydarzenie&#13;<br \/>\n\t\t\tTransmisja&#13;<br \/>\n\t\t<\/tr>\n<p>&#13;<\/p>\n<tr class=\"ciemne\">&#13;<\/p>\n<td colspan=\"3\">Pi\u0105tek, 30.01.2026<\/td>\n<p>&#13;<br \/>\n\t\t<\/tr>\n<p>&#13;<\/p>\n<tr class=\"jasne\">&#13;<\/p>\n<td>11:00<\/td>\n<p>&#13;<\/p>\n<td>Oficjalny trening kobiet<\/td>\n<p>&#13;<\/p>\n<td>\u00a0<\/td>\n<p>&#13;<br \/>\n\t\t<\/tr>\n<p>&#13;<\/p>\n<tr class=\"ciemne\">&#13;<\/p>\n<td>13:15<\/td>\n<p>&#13;<\/p>\n<td>Oficjalny trening m\u0119\u017cczyzn<\/td>\n<p>&#13;<\/p>\n<td>\u00a0<\/td>\n<p>&#13;<br \/>\n\t\t<\/tr>\n<p>&#13;<\/p>\n<tr class=\"jasne\">&#13;<\/p>\n<td>16:10<\/td>\n<p>&#13;<\/p>\n<td>Konkurs dru\u017cyn mieszanych<\/td>\n<p>&#13;<\/p>\n<td>Eurosport 1, HBO Max<\/td>\n<p>&#13;<br \/>\n\t\t<\/tr>\n<p>&#13;<\/p>\n<tr class=\"ciemne\">&#13;<\/p>\n<td colspan=\"3\">Sobota, 31.01.2026<\/td>\n<p>&#13;<br \/>\n\t\t<\/tr>\n<p>&#13;<\/p>\n<tr class=\"jasne\">&#13;<\/p>\n<td>11:45<\/td>\n<p>&#13;<\/p>\n<td>Kwalifikacje m\u0119\u017cczyzn<\/td>\n<p>&#13;<\/p>\n<td>Eurosport 2, HBO Max<\/td>\n<p>&#13;<br \/>\n\t\t<\/tr>\n<p>&#13;<\/p>\n<tr class=\"ciemne\">&#13;<\/p>\n<td>13:15<\/td>\n<p>&#13;<\/p>\n<td>Konkurs indywidualny kobiet<\/td>\n<p>&#13;<\/p>\n<td>HBO Max<\/td>\n<p>&#13;<br \/>\n\t\t<\/tr>\n<p>&#13;<\/p>\n<tr class=\"jasne\">&#13;<\/p>\n<td>16:00<\/td>\n<p>&#13;<\/p>\n<td>Konkurs indywidualny m\u0119\u017cczyzn<\/td>\n<p>&#13;<\/p>\n<td>TVN, Eurosport 1, HBO Max<\/td>\n<p>&#13;<br \/>\n\t\t<\/tr>\n<p>&#13;<\/p>\n<tr class=\"ciemne\">&#13;<\/p>\n<td colspan=\"3\">Niedziela, 01.02.2026<\/td>\n<p>&#13;<br \/>\n\t\t<\/tr>\n<p>&#13;<\/p>\n<tr class=\"jasne\">&#13;<\/p>\n<td>11:45<\/td>\n<p>&#13;<\/p>\n<td>Kwalifikacje m\u0119\u017cczyzn<\/td>\n<p>&#13;<\/p>\n<td>Eurosport 2, HBO Max<\/td>\n<p>&#13;<br \/>\n\t\t<\/tr>\n<p>&#13;<\/p>\n<tr class=\"ciemne\">&#13;<\/p>\n<td>13:15<\/td>\n<p>&#13;<\/p>\n<td>Konkurs indywidualny kobiet<\/td>\n<p>&#13;<\/p>\n<td>HBO Max<\/td>\n<p>&#13;<br \/>\n\t\t<\/tr>\n<p>&#13;<\/p>\n<tr class=\"jasne\">&#13;<\/p>\n<td>16:00<\/td>\n<p>&#13;<\/p>\n<td>Konkurs indywidualny m\u0119\u017cczyzn<\/td>\n<p>&#13;<\/p>\n<td>TVN, Eurosport 1, HBO Max<\/td>\n<p>&#13;<br \/>\n\t\t<\/tr>\n<p>&#13;<br \/>\n\t&#13;<\/p>\n","protected":false},"excerpt":{"rendered":"Czas na ostatni przystanek Pucharu \u015awiata przed Zimowymi Igrzyskami Olimpijskimi w Mediolanie-Cortinie. W pi\u0105tek na Muehlenkopfschanze (HS147) w&hellip;\n","protected":false},"author":2,"featured_media":232639,"comment_status":"","ping_status":"","sticky":false,"template":"","format":"standard","meta":{"footnotes":""},"categories":[5],"tags":[1574,1546,1557,1558,32,33,1561,1573,36,37,1571,1563,27,291,1553,1564,1549,1551,1543,1550,34,35,1562,1547,1565,28,31,1540,1568,25,1544,42,38,40,39,41,1554,1359,1567,1560,1559,1566,1556,1569,1539,1538,1555,1552,1541,29,30,1548,26,1542,1570,1572,645,1545],"class_list":{"0":"post-232638","1":"post","2":"type-post","3":"status-publish","4":"format-standard","5":"has-post-thumbnail","7":"category-naglowki","8":"tag-4skocznie","9":"tag-adam","10":"tag-adam-malysz","11":"tag-adammalysz","12":"tag-breaking-news","13":"tag-breakingnews","14":"tag-coc","15":"tag-czteryskocznie","16":"tag-featured-news","17":"tag-featurednews","18":"tag-fis","19":"tag-fis-cup","20":"tag-headlines","21":"tag-historia","22":"tag-horngacher","23":"tag-io","24":"tag-kobayashi","25":"tag-kraft","26":"tag-kuba","27":"tag-kubacki","28":"tag-latest-news","29":"tag-latestnews","30":"tag-lotos-cup","31":"tag-malysz","32":"tag-ms","33":"tag-naglowki","34":"tag-najwazniejsze-artykuly","35":"tag-narciarskie","36":"tag-narty","37":"tag-news","38":"tag-piotrek","39":"tag-pl","40":"tag-poland","41":"tag-polish","42":"tag-polska","43":"tag-polski","44":"tag-polskie","45":"tag-ranking","46":"tag-ski-jumping","47":"tag-skijump","48":"tag-skijumping","49":"tag-skoczkowie","50":"tag-skocznia","51":"tag-skocznie","52":"tag-skoki","53":"tag-skoki-narciarskie","54":"tag-skokinarciarskie","55":"tag-stefan","56":"tag-stoch","57":"tag-top-stories","58":"tag-topstories","59":"tag-wellinger","60":"tag-wiadomosci","61":"tag-wolny","62":"tag-zakopane","63":"tag-zawody","64":"tag-zdjecia","65":"tag-zyla"},"share_on_mastodon":{"url":"","error":"Validation failed: Text character limit of 500 exceeded"},"_links":{"self":[{"href":"https:\/\/www.europesays.com\/pl\/wp-json\/wp\/v2\/posts\/232638","targetHints":{"allow":["GET"]}}],"collection":[{"href":"https:\/\/www.europesays.com\/pl\/wp-json\/wp\/v2\/posts"}],"about":[{"href":"https:\/\/www.europesays.com\/pl\/wp-json\/wp\/v2\/types\/post"}],"author":[{"embeddable":true,"href":"https:\/\/www.europesays.com\/pl\/wp-json\/wp\/v2\/users\/2"}],"replies":[{"embeddable":true,"href":"https:\/\/www.europesays.com\/pl\/wp-json\/wp\/v2\/comments?post=232638"}],"version-history":[{"count":0,"href":"https:\/\/www.europesays.com\/pl\/wp-json\/wp\/v2\/posts\/232638\/revisions"}],"wp:featuredmedia":[{"embeddable":true,"href":"https:\/\/www.europesays.com\/pl\/wp-json\/wp\/v2\/media\/232639"}],"wp:attachment":[{"href":"https:\/\/www.europesays.com\/pl\/wp-json\/wp\/v2\/media?parent=232638"}],"wp:term":[{"taxonomy":"category","embeddable":true,"href":"https:\/\/www.europesays.com\/pl\/wp-json\/wp\/v2\/categories?post=232638"},{"taxonomy":"post_tag","embeddable":true,"href":"https:\/\/www.europesays.com\/pl\/wp-json\/wp\/v2\/tags?post=232638"}],"curies":[{"name":"wp","href":"https:\/\/api.w.org\/{rel}","templated":true}]}}