{"id":232692,"date":"2026-01-30T01:28:07","date_gmt":"2026-01-30T01:28:07","guid":{"rendered":"https:\/\/www.europesays.com\/pl\/232692\/"},"modified":"2026-01-30T01:28:07","modified_gmt":"2026-01-30T01:28:07","slug":"gol-jana-ziolkowskiego-dal-romie-awans-do-1-8-finalu-wideo","status":"publish","type":"post","link":"https:\/\/www.europesays.com\/pl\/232692\/","title":{"rendered":"Gol Jana Zi\u00f3\u0142kowskiego da\u0142 Romie awans do 1\/8 fina\u0142u! [WIDEO]"},"content":{"rendered":"<p>Graj\u0105ca od\u00a015. minuty w\u00a0dziesi\u0105tk\u0119 AS\u00a0Roma zremisowa\u0142a z\u00a0Panathinaikosem 1:1, a\u00a0sw\u00f3j wielki wiecz\u00f3r mia\u0142 Jan Zi\u00f3\u0142kowski! Polak rozegra\u0142 ca\u0142e spotkanie, a\u00a0w\u00a0jego ko\u0144c\u00f3wce to\u00a0on\u00a0strzeli\u0142 gola na\u00a0wag\u0119 remisu, kt\u00f3ry\u00a0zapewni\u0142 miejsce w\u00a0czo\u0142owej \u00f3semce Ligi Europy.<\/p>\n<p>Wyniki pozosta\u0142ych spotka\u0144 uk\u0142ada\u0142y si\u0119 w\u00a0taki spos\u00f3b, \u017ce\u00a0AS\u00a0Roma do\u00a0znalezienia si\u0119 w\u00a0czo\u0142owej \u00f3semce potrzebowa\u0142a remisu z\u00a0Grekami. Na\u00a0pocz\u0105tku spotkania \u017cycie swojej dru\u017cynie mocno utrudni\u0142 Gianluca Mancini, kt\u00f3ry\u00a0da\u0142 si\u0119 min\u0105\u0107 napastnikowi Panathinaikosu i\u00a0sfaulowa\u0142 go, kiedy ten wychodzi\u0142 sam na\u00a0sam z\u00a0bramkarzem. S\u0119dzia pokaza\u0142 mu\u00a0czerwon\u0105 kartk\u0119 i\u00a0przez\u00a0reszt\u0119 spotkania Giallorossi grali w\u00a0os\u0142abieniu.<\/p>\n<p>Arcywa\u017cny gol Jana Zi\u00f3\u0142kowskiego!<\/p>\n<p>Dru\u017cyna z\u00a0Grecji nie\u00a0by\u0142a jednak w\u00a0stanie wykorzysta\u0107 przewagi liczebnej. W\u00a058. minucie wysz\u0142a co\u00a0prawda na\u00a0prowadzenie po\u00a0golu Vicente Tabordy, ale\u00a0nie\u00a0utrzyma\u0142a go\u00a0do\u00a0ko\u0144ca. A\u00a0to\u00a0wszystko dzi\u0119ki Janowi Zi\u00f3\u0142kowskiemu! W\u00a080. minucie Polak znalaz\u0142 si\u0119 w\u00a0polu karnym rywala. Do\u015brodkowanie z\u00a0prawej strony przed\u0142u\u017cy\u0142 jeden z\u00a0obro\u0144c\u00f3w Panathinaikosu, a\u00a0pi\u0142ka dotar\u0142a wprost do\u00a0Zi\u00f3\u0142kowskiego, kt\u00f3ry\u00a0z\u00a0bliskiej odleg\u0142o\u015bci pokona\u0142 Albana Lafonta.<\/p>\n<blockquote class=\"twitter-tweet\" data-media-max-width=\"560\">\n<p dir=\"ltr\" lang=\"pl\">JAN ZI\u00d3\u0141KOWSKI STRZELA, A\u2026 PAULO DYBALA BIJE MU\u00a0BRAWO \ud83d\ude0e\ud83d\udca5<a href=\"https:\/\/twitter.com\/hashtag\/UEL?src=hash&amp;ref_src=twsrc%5Etfw\" target=\"_blank\" rel=\"noopener noreferrer nofollow\">#UEL<\/a> <a href=\"https:\/\/t.co\/0MT4H2fs6y\" target=\"_blank\" rel=\"noopener noreferrer nofollow\">pic.twitter.com\/0MT4H2fs6y<\/a><\/p>\n<p>\u2014\u00a0Polsat Sport (@polsatsport) <a href=\"https:\/\/twitter.com\/polsatsport\/status\/2016992694627623022?ref_src=twsrc%5Etfw\" target=\"_blank\" rel=\"noopener noreferrer nofollow\">January 29, 2026<\/a><\/p>\n<\/blockquote>\n<p>Dzi\u0119ki bramce 20-letniego obro\u0144cy Roma wskoczy\u0142a na\u00a0\u00f3sme miejsce w\u00a0tabeli, czyli ostatnie daj\u0105ce bezpo\u015bredni awans do\u00a01\/8 fina\u0142u. Z\u00a0tak\u0105 sam\u0105 liczb\u0105 punkt\u00f3w zmagania w\u00a0fazie ligowej zako\u0144czy\u0142 tak\u017ce Genk, ale\u00a0Belgowie mieli gorszy bilans bramek.<\/p>\n<p>CZYTAJ WI\u0118CEJ NA\u00a0WESZ\u0141O:<\/p>\n<p>Fot.\u00a0Newspix.pl<\/p>\n<p>                    <script async src=\"https:\/\/platform.twitter.com\/widgets.js\" charset=\"utf-8\"><\/script><\/p>\n","protected":false},"excerpt":{"rendered":"Graj\u0105ca od\u00a015. minuty w\u00a0dziesi\u0105tk\u0119 AS\u00a0Roma zremisowa\u0142a z\u00a0Panathinaikosem 1:1, a\u00a0sw\u00f3j wielki wiecz\u00f3r mia\u0142 Jan Zi\u00f3\u0142kowski! Polak rozegra\u0142 ca\u0142e spotkanie,&hellip;\n","protected":false},"author":2,"featured_media":232693,"comment_status":"","ping_status":"","sticky":false,"template":"","format":"standard","meta":{"footnotes":""},"categories":[24],"tags":[8540,12778,2102,42,38,40,39,41,127,126],"class_list":{"0":"post-232692","1":"post","2":"type-post","3":"status-publish","4":"format-standard","5":"has-post-thumbnail","7":"category-sport","8":"tag-as-roma","9":"tag-jan-ziolkowski","10":"tag-panathinaikos","11":"tag-pl","12":"tag-poland","13":"tag-polish","14":"tag-polska","15":"tag-polski","16":"tag-sport","17":"tag-sports"},"share_on_mastodon":{"url":"https:\/\/pubeurope.com\/@pl\/115981457961387120","error":""},"_links":{"self":[{"href":"https:\/\/www.europesays.com\/pl\/wp-json\/wp\/v2\/posts\/232692","targetHints":{"allow":["GET"]}}],"collection":[{"href":"https:\/\/www.europesays.com\/pl\/wp-json\/wp\/v2\/posts"}],"about":[{"href":"https:\/\/www.europesays.com\/pl\/wp-json\/wp\/v2\/types\/post"}],"author":[{"embeddable":true,"href":"https:\/\/www.europesays.com\/pl\/wp-json\/wp\/v2\/users\/2"}],"replies":[{"embeddable":true,"href":"https:\/\/www.europesays.com\/pl\/wp-json\/wp\/v2\/comments?post=232692"}],"version-history":[{"count":0,"href":"https:\/\/www.europesays.com\/pl\/wp-json\/wp\/v2\/posts\/232692\/revisions"}],"wp:featuredmedia":[{"embeddable":true,"href":"https:\/\/www.europesays.com\/pl\/wp-json\/wp\/v2\/media\/232693"}],"wp:attachment":[{"href":"https:\/\/www.europesays.com\/pl\/wp-json\/wp\/v2\/media?parent=232692"}],"wp:term":[{"taxonomy":"category","embeddable":true,"href":"https:\/\/www.europesays.com\/pl\/wp-json\/wp\/v2\/categories?post=232692"},{"taxonomy":"post_tag","embeddable":true,"href":"https:\/\/www.europesays.com\/pl\/wp-json\/wp\/v2\/tags?post=232692"}],"curies":[{"name":"wp","href":"https:\/\/api.w.org\/{rel}","templated":true}]}}