{"id":232986,"date":"2026-01-30T07:25:04","date_gmt":"2026-01-30T07:25:04","guid":{"rendered":"https:\/\/www.europesays.com\/pl\/232986\/"},"modified":"2026-01-30T07:25:04","modified_gmt":"2026-01-30T07:25:04","slug":"ma-polskie-pochodzenie-znow-wygrala-australian-open","status":"publish","type":"post","link":"https:\/\/www.europesays.com\/pl\/232986\/","title":{"rendered":"Ma polskie pochodzenie. Zn\u00f3w wygra\u0142a Australian Open"},"content":{"rendered":"\n<p class=\"contentpart contentpart--default contentpart--text\" data-position=\"0\">W 2025 roku <a href=\"https:\/\/sportowefakty.wp.pl\/tenis\/olivia-gadecki\" rel=\"nofollow noopener\" target=\"_blank\">Olivia Gadecki<\/a>\u00a0i <a href=\"https:\/\/sportowefakty.wp.pl\/tenis\/john-peers\" rel=\"nofollow noopener\" target=\"_blank\">John Peers<\/a>\u00a0okazali si\u0119 najlepsi w wielkoszlemowym Australian Open. Australijka, kt\u00f3ra ma polskie korzenie i jej rodaka stworzyli par\u0119 tak\u017ce w tym sezonie.<\/p>\n<p class=\"contentpart contentpart--default contentpart--text\" data-position=\"1\">Gadecki i Peers ponownie osi\u0105gn\u0119li fina\u0142 miksta, w kt\u00f3rym ich rywalami byli <a href=\"https:\/\/sportowefakty.wp.pl\/tenis\/kristina-mladenovic\" rel=\"nofollow noopener\" target=\"_blank\">Kristina Mladenovi\u0107<\/a>\u00a0i <a href=\"https:\/\/sportowefakty.wp.pl\/tenis\/manuel-guinard\" rel=\"nofollow noopener\" target=\"_blank\">Manuel Guinard<\/a>. Francuski duet w pierwszym wsp\u00f3lnym wyst\u0119pie m\u00f3g\u0142 osi\u0105gn\u0105\u0107 wielki sukces, ale po raz drugi z rz\u0119du najlepsi okazali si\u0119 Australijczycy po super tie-breaku 4:6, 6:3, 10-8.<\/p>\n<p>  <img decoding=\"async\" src=\"https:\/\/v.wpimg.pl\/X3dwLnN2d1IFFTpdYUl6R0ZNbgcnEHQREVV2TGEGbUtRT2MdOlZ2RBQUKABgQjQcDRotCStBd1IAAWMeIlM7VgwYIAorQAdEFFk_GCkQJQ\" alt=\"\" width=\"45\" height=\"58\" loading=\"lazy\"\/>  <\/p>\n<p class=\"contentpart contentpart--default contentpart--text\" data-position=\"2\">W premierowej ods\u0142onie dzia\u0142o si\u0119 sporo. Ostatecznie Mladenovi\u0107 i Guinard prowadzili 5:2 z przewag\u0105 dw\u00f3ch prze\u0142ama\u0144. Gadecki i Peers obronili pi\u0142ki setowe w \u00f3smym gemie i odrobili cz\u0119\u015b\u0107 strat, ale ostatecznie i tak przegrali 4:6.<\/p>\n<p class=\"contentpart contentpart--default contentpart--text\" data-position=\"3\">W II secie szybko uzyskali przewag\u0119 (4:1), dzi\u0119ki kt\u00f3rej w dziewi\u0105tym gemie serwowali na zako\u0144czenie rywalizacji. W\u00f3wczas nie stracili nawet punktu, ostatecznie zwyci\u0119\u017caj\u0105c 6:3 i doprowadzaj\u0105c do super tie-breaka.<\/p>\n<p class=\"contentpart contentpart--default contentpart--text\" data-position=\"4\">W nim Francuzi znale\u017ali si\u0119 w dobrej sytuacji, kiedy to prowadzili 5-3. Przewag\u0119 stracili w momencie, gdy rozpocz\u0119\u0142a si\u0119 seria Australijczyk\u00f3w, po kt\u00f3rej wypracowali pi\u0142ki turniejowe (9-7). Ostatecznie wykorzystali drug\u0105 z nich, zwyci\u0119\u017cyli 10-8 i obronili tytu\u0142.<\/p>\n<p class=\"contentpart contentpart--default contentpart--text\" data-position=\"5\"><a href=\"https:\/\/sportowefakty.wp.pl\/tenis\/australian-open\" rel=\"nofollow noopener\" target=\"_blank\">Australian Open<\/a>:<\/p>\n<p class=\"contentpart contentpart--default contentpart--text\" data-position=\"6\">fina\u0142 miksta:<\/p>\n<p class=\"contentpart contentpart--default contentpart--text\" data-position=\"7\">Olivia Gadecki \/ John Peers (Australia, WC) &#8211; Kristina Mladenovi\u0107 \/ Manuel Guinard (Francj) 4:6, 6:3, 10-8<\/p>\n<p>  <img decoding=\"async\" src=\"https:\/\/v.wpimg.pl\/X3dwLnN2d1IFFTpdYUl6R0ZNbgcnEHQREVV2TGEGbUtRT2MdOlZ2RBQUKABgQjQcDRotCStBd1IAAWMeIlM7VgwYIAorQAdEFFk_GCkQJQ\" alt=\"\" width=\"45\" height=\"58\" loading=\"lazy\"\/>  <\/p>\n<p class=\"contentpart contentpart--default contentpart--text\" data-position=\"8\">ZOBACZ WIDEO: Mocne s\u0142owa Igi \u015awi\u0105tek na konferencji! Nie gryz\u0142a si\u0119 w j\u0119zyk!<\/p>\n","protected":false},"excerpt":{"rendered":"W 2025 roku Olivia Gadecki\u00a0i John Peers\u00a0okazali si\u0119 najlepsi w wielkoszlemowym Australian Open. Australijka, kt\u00f3ra ma polskie korzenie&hellip;\n","protected":false},"author":2,"featured_media":232987,"comment_status":"","ping_status":"","sticky":false,"template":"","format":"standard","meta":{"footnotes":"","_share_on_mastodon":"0"},"categories":[24],"tags":[2080,995,31706,38796,40410,96,42282,42281,42283,31705,42284,42,38,40,39,41,127,126,156,37628,157],"class_list":["post-232986","post","type-post","status-publish","format-standard","has-post-thumbnail","category-sport","tag-atp","tag-australia","tag-australian-open","tag-australian-open-kobiety","tag-australian-open-mezczyzni","tag-francja","tag-john-peers","tag-kristina-mladenovic","tag-manuel-guinard","tag-melbourne","tag-olivia-gadecki","tag-pl","tag-poland","tag-polish","tag-polska","tag-polski","tag-sport","tag-sports","tag-tenis","tag-wielki-szlem","tag-wta"],"share_on_mastodon":{"url":"https:\/\/pubeurope.com\/@pl\/115982861886399426","error":""},"_links":{"self":[{"href":"https:\/\/www.europesays.com\/pl\/wp-json\/wp\/v2\/posts\/232986","targetHints":{"allow":["GET"]}}],"collection":[{"href":"https:\/\/www.europesays.com\/pl\/wp-json\/wp\/v2\/posts"}],"about":[{"href":"https:\/\/www.europesays.com\/pl\/wp-json\/wp\/v2\/types\/post"}],"author":[{"embeddable":true,"href":"https:\/\/www.europesays.com\/pl\/wp-json\/wp\/v2\/users\/2"}],"replies":[{"embeddable":true,"href":"https:\/\/www.europesays.com\/pl\/wp-json\/wp\/v2\/comments?post=232986"}],"version-history":[{"count":0,"href":"https:\/\/www.europesays.com\/pl\/wp-json\/wp\/v2\/posts\/232986\/revisions"}],"wp:featuredmedia":[{"embeddable":true,"href":"https:\/\/www.europesays.com\/pl\/wp-json\/wp\/v2\/media\/232987"}],"wp:attachment":[{"href":"https:\/\/www.europesays.com\/pl\/wp-json\/wp\/v2\/media?parent=232986"}],"wp:term":[{"taxonomy":"category","embeddable":true,"href":"https:\/\/www.europesays.com\/pl\/wp-json\/wp\/v2\/categories?post=232986"},{"taxonomy":"post_tag","embeddable":true,"href":"https:\/\/www.europesays.com\/pl\/wp-json\/wp\/v2\/tags?post=232986"}],"curies":[{"name":"wp","href":"https:\/\/api.w.org\/{rel}","templated":true}]}}