{"id":233009,"date":"2026-01-30T07:39:10","date_gmt":"2026-01-30T07:39:10","guid":{"rendered":"https:\/\/www.europesays.com\/pl\/233009\/"},"modified":"2026-01-30T07:39:10","modified_gmt":"2026-01-30T07:39:10","slug":"tak-reaguja-wlosi-po-tym-co-zrobil-jan-ziolkowski-w-meczu-as-roma","status":"publish","type":"post","link":"https:\/\/www.europesays.com\/pl\/233009\/","title":{"rendered":"Tak reaguj\u0105 W\u0142osi po tym, co zrobi\u0142 Jan Zi\u00f3\u0142kowski w meczu AS Roma"},"content":{"rendered":"<p class=\"ods-c-paragraph \">Debiutancki gol w barwach AS Roma i to w dodatku o takim ci\u0119\u017carze gatunkowym. Jan Zi\u00f3\u0142kowski w czwartkowym meczu Ligi Europy z Panathinaikosem (1:1) uratowa\u0142 rzymski zesp\u00f3\u0142.<\/p>\n<p> Dalszy ci\u0105g artyku\u0142u pod materia\u0142em wideo    <\/p>\n<p> Jakie by\u0142y reakcje w\u0142oskich medi\u00f3w na wyst\u0119p Jana Zi\u00f3\u0142kowskiego? <\/p>\n<p> Kiedy Jan Zi\u00f3\u0142kowski strzeli\u0142 swojego debiutanckiego gola? <\/p>\n<p> Jak\u0105 not\u0119 otrzyma\u0142 Zi\u00f3\u0142kowski od Calciomercato.com? <\/p>\n<p> Jakie b\u0142\u0119dy wskaza\u0142 dziennik 'Il Romanista&#8217; w wyst\u0119pie Zi\u00f3\u0142kowskiego? <\/p>\n<p class=\"ods-c-paragraph \">Polski defensor w 80. minucie trafi\u0142 do siatki g\u0142ow\u0105 i zapewni\u0142 w ten spos\u00f3b swojej dru\u017cynie awans do 1\/8 fina\u0142u europejskich rozgrywek. Na reakcje w\u0142oskich medi\u00f3w nie trzeba by\u0142o d\u0142ugo czeka\u0107.<\/p>\n<p class=\"ods-c-paragraph \">Zobacz gola Zi\u00f3\u0142kowskiego:<\/p>\n<p> Jan Zi\u00f3\u0142kowski na ustach W\u0142och\u00f3w! Oto co pisz\u0105 po debiutanckim golu<\/p>\n<p class=\"ods-c-paragraph \">&#8222;On r\u00f3wnie\u017c ma szans\u0119 na zdobycie bramki na pocz\u0105tku meczu, ale praw\u0105 nog\u0105 nie udaje mu si\u0119 pokona\u0107 Lafonta. Jedyny w obronie, kt\u00f3ry nie pope\u0142nia b\u0142\u0119du i strzela g\u0142ow\u0105&#8221; \u2014 czytamy w serwisie Calciomercato.com, kt\u00f3ry przyzna\u0142 Polakowi not\u0119 7 (w skali 1-10) \u2014 najwy\u017csz\u0105 w zespole.<\/p>\n<p> <img decoding=\"async\" src=\"https:\/\/www.europesays.com\/pl\/wp-content\/uploads\/2026\/01\/12Jk9lBaHR0cHM6Ly9vY2RuLmV1L3B1bHNjbXMvTURBXy9kNWFmOGM4MzM2NWYxNjI0NWEzZGM0MTg4NGQwMjYwYy5wbmeRlQLNB.jpeg\" height=\"77\" width=\"940\" style=\"min-height:77px;\" alt=\"W\u0142osi doceniaj\u0105 bardzo udany wyst\u0119p Jana Zi\u00f3\u0142kowskiego w meczu z Panathinaikosem\" loading=\"lazy\" class=\"ods-c-image__img ods-c-image__img--viewport-width\"\/> <\/p>\n<p>W\u0142osi doceniaj\u0105 bardzo udany wyst\u0119p Jana Zi\u00f3\u0142kowskiego w meczu z Panathinaikosemcalciomercato.com \/ materia\u0142y prasowe\/zdj\u0119cia<\/p>\n<p class=\"ods-c-paragraph \">Podobne g\u0142osy p\u0142yn\u0105 z serwisu Tuttomercatoweb.com, gdzie r\u00f3wnie\u017c Polak zosta\u0142 uznany za kluczow\u0105 posta\u0107 w zespole Gian Piero Gasperiniego. W\u0142osi id\u0105 nawet o krok dalej, stawiaj\u0105c tez\u0119, \u017ce to m\u00f3g\u0142 by\u0107 prze\u0142omowy moment w jego dotychczasowej przygodzie na Stadio Olimpico.<\/p>\n<p class=\"ods-c-paragraph \">&#8222;20-letni \u015brodkowy obro\u0144ca by\u0142 uwa\u017cny i skoncentrowany przez ca\u0142y mecz, a nast\u0119pnie strzeli\u0142 gola na 1:1 \u2014 swojego pierwszego w barwach Giallorossich \u2014 kt\u00f3ry zapewni\u0142 awans do 1\/8 fina\u0142u. Je\u015bli dobry pocz\u0105tek dnia zapowiada dobry koniec&#8230;&#8221; \u2014 pisz\u0105 W\u0142osi, a przy by\u0142ym stoperze Legii Warszawa widnieje nota 7.<\/p>\n<p> <img decoding=\"async\" src=\"https:\/\/www.europesays.com\/pl\/wp-content\/uploads\/2026\/01\/W8gk9lBaHR0cHM6Ly9vY2RuLmV1L3B1bHNjbXMvTURBXy9lZGJkM2E1YzQxZTgxODE4YzAxYTk2MGM0ZjQ1MTIzYy5wbmeRlQLNB.jpeg\" height=\"112\" width=\"838\" style=\"min-height:112px;\" alt=\"Jan Zi\u00f3\u0142kowski rozbudzi\u0142 apetyty kibic\u00f3w i dziennikarzy po tym co zrobi\u0142 w Lidze Europy\" loading=\"lazy\" class=\"ods-c-image__img ods-c-image__img--viewport-width\"\/> <\/p>\n<p>Jan Zi\u00f3\u0142kowski rozbudzi\u0142 apetyty kibic\u00f3w i dziennikarzy po tym co zrobi\u0142 w Lidze Europytuttomercatoweb.com. \/ materia\u0142y prasowe\/zdj\u0119cia<\/p>\n<p> W\u0142osi studz\u0105 emocje po wyst\u0119pie Zi\u00f3\u0142kowskiego. &#8222;Nie daje zbyt wiele&#8221;<\/p>\n<p class=\"ods-c-paragraph \">Ale nie brakuje te\u017c gorzkich s\u0142\u00f3w. Dziennik &#8222;Il Romanista&#8221; wytyka dwa b\u0142\u0119dy polskiemu obro\u0144cy.<\/p>\n<p class=\"ods-c-paragraph \">&#8222;Na \u015brodku pola nie daje zbyt wiele, na pocz\u0105tku meczu nie wykorzystuje \u0142atwej okazji, ale potem wyr\u00f3wnuje wynik, rzucaj\u0105c si\u0119 jak napastnik. W doliczonym czasie ratuje sytuacj\u0119&#8221; \u2014 czytamy w serwisie. Zi\u00f3\u0142kowski w oczach dziennikarzy zapracowa\u0142 na not\u0119 6,5 podobnie jak dw\u00f3ch innych zawodnik\u00f3w w szeregach Giallorossich.<\/p>\n<p> <img decoding=\"async\" src=\"https:\/\/www.europesays.com\/pl\/wp-content\/uploads\/2026\/01\/IM7k9lBaHR0cHM6Ly9vY2RuLmV1L3B1bHNjbXMvTURBXy8yZGU5Mzk1YThjMTM1YWI1YmQ2NzJlN2JkMzM1YzAyYy5wbmeRlQLNB.jpeg\" height=\"73\" width=\"882\" style=\"min-height:73px;\" alt=\"Dziennikarze z Rzymu dostrzegaj\u0105 te\u017c jego b\u0142\u0119dy\" loading=\"lazy\" class=\"ods-c-image__img ods-c-image__img--viewport-width\"\/> <\/p>\n<p>Dziennikarze z Rzymu dostrzegaj\u0105 te\u017c jego b\u0142\u0119dyIl Romanista \/ materia\u0142y prasowe\/zdj\u0119cia<\/p>\n<p class=\"ods-c-paragraph \">20-latka na celownik wzi\u0105\u0142 te\u017c dziennik &#8222;Corriere dello Sport&#8221;. I przekaza\u0142 to, jakie uwagi w jego kierunku skierowa\u0142 Gasperini.<\/p>\n<p class=\"ods-c-paragraph \">&#8222;M\u0142ody Jan, rzucaj\u0105c si\u0119 do przodu, pozby\u0142 si\u0119 obaw i w\u0105tpliwo\u015bci. Musisz gra\u0107 bardziej konsekwentnie przez ca\u0142e 90 minut \u2014 m\u00f3wi\u0142 mu Gasp. To on doprowadzi\u0142 Rom\u0119 do 1\/8 fina\u0142u. Cenny obro\u0144ca, dodatkowy napastnik. A do tego uratowa\u0142 sytuacj\u0119 w ko\u0144c\u00f3wce meczu. Co za historia&#8221; \u2014 czytamy. Zi\u00f3\u0142kowski od dziennikarzy &#8222;Corriere dello Sport&#8221; otrzyma\u0142 not\u0119 7,5.<\/p>\n<p> <img decoding=\"async\" src=\"https:\/\/www.europesays.com\/pl\/wp-content\/uploads\/2026\/01\/DP2k9lBaHR0cHM6Ly9vY2RuLmV1L3B1bHNjbXMvTURBXy8wMjQwZmI2Mzk0MzMxNjc5Mjg0YjYxNDg3NTliNTQzNi5wbmeRlQLNB.jpeg\" height=\"185\" width=\"940\" style=\"min-height:185px;\" alt=\"Prawdziwy sza\u0142 zapanowa\u0142 we w\u0142oskiej prasie po wyst\u0119pie Jana Zi\u00f3\u0142kowskiego\" loading=\"lazy\" class=\"ods-c-image__img ods-c-image__img--viewport-width\"\/> <\/p>\n<p>Prawdziwy sza\u0142 zapanowa\u0142 we w\u0142oskiej prasie po wyst\u0119pie Jana Zi\u00f3\u0142kowskiegoCorriere dello Sport \/ materia\u0142y prasowe\/zdj\u0119cia<\/p>\n","protected":false},"excerpt":{"rendered":"Debiutancki gol w barwach AS Roma i to w dodatku o takim ci\u0119\u017carze gatunkowym. Jan Zi\u00f3\u0142kowski w czwartkowym&hellip;\n","protected":false},"author":2,"featured_media":233010,"comment_status":"","ping_status":"","sticky":false,"template":"","format":"standard","meta":{"footnotes":""},"categories":[24],"tags":[11899,5230,48,46,2102,948,42,38,40,39,41,42204,47,127,126,130],"class_list":{"0":"post-233009","1":"post","2":"type-post","3":"status-publish","4":"format-standard","5":"has-post-thumbnail","7":"category-sport","8":"tag-as_roma","9":"tag-liga_europy","10":"tag-nat_styl","11":"tag-omp","12":"tag-panathinaikos","13":"tag-pilka_nozna","14":"tag-pl","15":"tag-poland","16":"tag-polish","17":"tag-polska","18":"tag-polski","19":"tag-ps_omp_tst00","20":"tag-screening_general","21":"tag-sport","22":"tag-sports","23":"tag-wiadomosci_sportowe"},"share_on_mastodon":{"url":"https:\/\/pubeurope.com\/@pl\/115982917078772597","error":""},"_links":{"self":[{"href":"https:\/\/www.europesays.com\/pl\/wp-json\/wp\/v2\/posts\/233009","targetHints":{"allow":["GET"]}}],"collection":[{"href":"https:\/\/www.europesays.com\/pl\/wp-json\/wp\/v2\/posts"}],"about":[{"href":"https:\/\/www.europesays.com\/pl\/wp-json\/wp\/v2\/types\/post"}],"author":[{"embeddable":true,"href":"https:\/\/www.europesays.com\/pl\/wp-json\/wp\/v2\/users\/2"}],"replies":[{"embeddable":true,"href":"https:\/\/www.europesays.com\/pl\/wp-json\/wp\/v2\/comments?post=233009"}],"version-history":[{"count":0,"href":"https:\/\/www.europesays.com\/pl\/wp-json\/wp\/v2\/posts\/233009\/revisions"}],"wp:featuredmedia":[{"embeddable":true,"href":"https:\/\/www.europesays.com\/pl\/wp-json\/wp\/v2\/media\/233010"}],"wp:attachment":[{"href":"https:\/\/www.europesays.com\/pl\/wp-json\/wp\/v2\/media?parent=233009"}],"wp:term":[{"taxonomy":"category","embeddable":true,"href":"https:\/\/www.europesays.com\/pl\/wp-json\/wp\/v2\/categories?post=233009"},{"taxonomy":"post_tag","embeddable":true,"href":"https:\/\/www.europesays.com\/pl\/wp-json\/wp\/v2\/tags?post=233009"}],"curies":[{"name":"wp","href":"https:\/\/api.w.org\/{rel}","templated":true}]}}