{"id":233019,"date":"2026-01-30T07:44:10","date_gmt":"2026-01-30T07:44:10","guid":{"rendered":"https:\/\/www.europesays.com\/pl\/233019\/"},"modified":"2026-01-30T07:44:10","modified_gmt":"2026-01-30T07:44:10","slug":"duzy-dziki-kot-grasuje-w-lesie-na-pomorzu-potencjalne-zagrozenie-onet","status":"publish","type":"post","link":"https:\/\/www.europesays.com\/pl\/233019\/","title":{"rendered":"Du\u017cy dziki kot grasuje w lesie na Pomorzu. &quot;Potencjalne zagro\u017cenie&quot; &#8211; Onet"},"content":{"rendered":"<ol>\n<li><a href=\"https:\/\/news.google.com\/rss\/articles\/CBMizAFBVV95cUxPY1JRR1NldzZObW1oem9oTUJtamZ4dFptUkt4VEM5R3dKZW9FT3Q5ZklpU005MHoySldPclBzbkc0Y3lhcjRId0FKNXlTNnBRYkQxTFlQdnJYUEJzb0NGNzZJQ25heEVramwzSGVvOFRSRkx4bXVJSm9Ib1hqYmFxaElJaVlKTlFnb09ET290UU16dWZSdXREZWludHhoSHBKV2N1SnFXeTZFVDAzNEJFcUhBejFtRWYwd0pPLWZGcmZTUWFmTk83c1ZVUlk?oc=5\" target=\"_blank\" rel=\"nofollow noopener\">Du\u017cy dziki kot grasuje w lesie na Pomorzu. &#8222;Potencjalne zagro\u017cenie&#8221;<\/a>&nbsp;&nbsp;Onet<\/li>\n<li><a href=\"https:\/\/news.google.com\/rss\/articles\/CBMi9wFBVV95cUxPVTdueEJ1dG0zSTdlYzVmYkNnaG53Z1Yzbms3Y0ZPdU9BRWVWeWZGQ2RQVWJHSVktMEpTa08wRkRjcXNmYzFrR21zb0FEX0pLbl82QnRvazdMM2JrZzJKQmROVFJ5RlBUWFFoRnJ1cXRIek8zNlFObzYxYXBGcmUwUFZHMUJxNkZqQVhITmNrNFAtVmE2UnYwWmpGa0pXUW5oMUlkZEFyakRaUWwyc3ZrY1NYbjY1bUFTMDRDMGM2ZDJXRVM4TC0zdFFQSGdUbnpZMGFPcWZBWkRRSy1uLWVzNHVmNVdBZFFqeU01Z1JWdk50RnZtaUdJ?oc=5\" target=\"_blank\" rel=\"nofollow noopener\">Dziki kot w lasach Strachomina. S\u0142u\u017cby wyda\u0142y pilny komunikat<\/a>&nbsp;&nbsp;TVP Info<\/li>\n<li><a href=\"https:\/\/news.google.com\/rss\/articles\/CBMisgFBVV95cUxQeHdUQU9tTVpjMXRKb2RhNHpTNFJIaTdBOTVXTVprUy1lSWwya1F6OW9SSGtTSlFhQmpQQTRyTnZTTEhIdGlpWTllSXh2YWt4bHhhY2o3Y3NQYnBma3A1VGdZN3F5SDR1Y1VKV3liQUZBeDYwLXNlVHpnZnFLXzFVU2M5ZUQwdEJvLTJEYV9scTZ3S0tERk5uMUdUMGNKb3JBdGVIOExIcnRFeHRqNXRwd3dR?oc=5\" target=\"_blank\" rel=\"nofollow noopener\">Puma w lesie pod Koszalinem. W\u0142adze apeluj\u0105 do mieszka\u0144c\u00f3w<\/a>&nbsp;&nbsp;Fakt<\/li>\n<li><a href=\"https:\/\/news.google.com\/rss\/articles\/CBMioAFBVV95cUxOdDhzTEwtZ2NXUFJGa3lZejBLNHRvQWlkdHhPR3B2eUhmTFNPYTViaUd0SEEzVmlVd19faVJvZjJOcUUyN1JtOHB1eWZhRnpfQ2xtSWZxdUhSNzY2UEhQaDE5UmhkOTlRZmZDa3ljYXJPV0ZpTW9hdlRpZ0xpZ0psMDhHREYzREMyb1BWTVdiMFM3R1BMMVBvSVF4eU1qbUVL?oc=5\" target=\"_blank\" rel=\"nofollow noopener\">Puma w lesie w gminie B\u0119dzino. S\u0142u\u017cby apeluj\u0105: nie wchod\u017acie do lasu!<\/a>&nbsp;&nbsp;gk24.pl<\/li>\n<li><a href=\"https:\/\/news.google.com\/rss\/articles\/CBMiwgFBVV95cUxPZU5mQ0VxN1RRMTBqMWRJTGppOHc4b1laQXMzX2ZGalRFOUdRbVFIa0t5N045MTBNdW91dEpzbnIwTlVlT3J5bWZ5YWVVWWNhdmEwQktTQUxUY2ZSNU5Gc0lnWTloRFI3aDBvM3dIR1hFdEptNGtlYXlDMl92ekxzQ29SYmo5cE1UMm1OZk1nWE5rcWU2VjZvR0VISVdsRG93RE5LYnN0bFZQWWlTeGRwYnZTT3Z5VEZDczliRy0xNmNxQQ?oc=5\" target=\"_blank\" rel=\"nofollow noopener\">Gro\u017any drapie\u017cnik grasuje na wolno\u015bci. Pilny apel w\u0142adz o niewchodzenie do lasu<\/a>&nbsp;&nbsp;szczecin.se.pl<\/li>\n<\/ol>\n","protected":false},"excerpt":{"rendered":"Du\u017cy dziki kot grasuje w lesie na Pomorzu. &#8222;Potencjalne zagro\u017cenie&#8221;&nbsp;&nbsp;Onet Dziki kot w lasach Strachomina. S\u0142u\u017cby wyda\u0142y pilny&hellip;\n","protected":false},"author":2,"featured_media":233020,"comment_status":"","ping_status":"","sticky":false,"template":"","format":"standard","meta":{"footnotes":""},"categories":[12],"tags":[32,33,13740,36,37,42285,6705,27,67,24945,34,35,28,31,53,25,52,68,51,55,42,38,40,39,41,38761,47,591,29,30,50,26,6509],"class_list":{"0":"post-233019","1":"post","2":"type-post","3":"status-publish","4":"format-standard","5":"has-post-thumbnail","7":"category-polska","8":"tag-breaking-news","9":"tag-breakingnews","10":"tag-dzikie_zwierze","11":"tag-featured-news","12":"tag-featurednews","13":"tag-gepard","14":"tag-gmina","15":"tag-headlines","16":"tag-intextvideo_splayer","17":"tag-lasy_las_wycinka_lasow_drzewa_drzewo","18":"tag-latest-news","19":"tag-latestnews","20":"tag-naglowki","21":"tag-najwazniejsze-artykuly","22":"tag-new_header","23":"tag-news","24":"tag-onet3","25":"tag-onet3d","26":"tag-onet3d_2i","27":"tag-phx","28":"tag-pl","29":"tag-poland","30":"tag-polish","31":"tag-polska","32":"tag-polski","33":"tag-puma","34":"tag-screening_general","35":"tag-srodowisko","36":"tag-top-stories","37":"tag-topstories","38":"tag-v2021","39":"tag-wiadomosci","40":"tag-zwierzeta_zwierze"},"share_on_mastodon":{"url":"https:\/\/pubeurope.com\/@pl\/115982936729738175","error":""},"_links":{"self":[{"href":"https:\/\/www.europesays.com\/pl\/wp-json\/wp\/v2\/posts\/233019","targetHints":{"allow":["GET"]}}],"collection":[{"href":"https:\/\/www.europesays.com\/pl\/wp-json\/wp\/v2\/posts"}],"about":[{"href":"https:\/\/www.europesays.com\/pl\/wp-json\/wp\/v2\/types\/post"}],"author":[{"embeddable":true,"href":"https:\/\/www.europesays.com\/pl\/wp-json\/wp\/v2\/users\/2"}],"replies":[{"embeddable":true,"href":"https:\/\/www.europesays.com\/pl\/wp-json\/wp\/v2\/comments?post=233019"}],"version-history":[{"count":0,"href":"https:\/\/www.europesays.com\/pl\/wp-json\/wp\/v2\/posts\/233019\/revisions"}],"wp:featuredmedia":[{"embeddable":true,"href":"https:\/\/www.europesays.com\/pl\/wp-json\/wp\/v2\/media\/233020"}],"wp:attachment":[{"href":"https:\/\/www.europesays.com\/pl\/wp-json\/wp\/v2\/media?parent=233019"}],"wp:term":[{"taxonomy":"category","embeddable":true,"href":"https:\/\/www.europesays.com\/pl\/wp-json\/wp\/v2\/categories?post=233019"},{"taxonomy":"post_tag","embeddable":true,"href":"https:\/\/www.europesays.com\/pl\/wp-json\/wp\/v2\/tags?post=233019"}],"curies":[{"name":"wp","href":"https:\/\/api.w.org\/{rel}","templated":true}]}}