{"id":233162,"date":"2026-01-30T09:07:08","date_gmt":"2026-01-30T09:07:08","guid":{"rendered":"https:\/\/www.europesays.com\/pl\/233162\/"},"modified":"2026-01-30T09:07:08","modified_gmt":"2026-01-30T09:07:08","slug":"donald-trump-pozwal-amerykanski-urzad-podatkowy-zada-miliardow-dolarow","status":"publish","type":"post","link":"https:\/\/www.europesays.com\/pl\/233162\/","title":{"rendered":"Donald Trump pozwa\u0142 ameryka\u0144ski urz\u0105d podatkowy. \u017b\u0105da miliard\u00f3w dolar\u00f3w"},"content":{"rendered":"<ul class=\"UnorderedList_container__nmfSl\">\n<li class=\"UnorderedList_listElement__Py7xi\" data-id=\"ai-summary-link\">Du\u017co czytania, a ma\u0142o czasu? Sprawd\u017a\u00a0skr\u00f3t\u00a0artyku\u0142u<\/li>\n<\/ul>\n<p class=\"Paragraph_desktopParagraph__U31Gm\">Podstaw\u0105 pozwu s\u0105 dzia\u0142ania \u00f3wczesnych w\u0142adz wobec Trumpa jako osoby prywatnej, a nie urz\u0119duj\u0105cego prezydenta. Zarzucono w nim, \u017ce federalny urz\u0105d skarbowy (IRS) i departament skarbu nie zapewni\u0142y odpowiedniej ochrony poufnych danych podatkowych Trumpa, jego syn\u00f3w oraz korporacji Trump Organization.<\/p>\n<p class=\"VideoPlayerText_videoPlayerText__iDwyz\">Dalszy ci\u0105g materia\u0142u pod wideo<\/p>\n<p class=\"Paragraph_desktopParagraph__U31Gm\">Wsp\u00f3\u0142powodami s\u0105 synowie prezydenta: Donald Trump Jr. i Eric Trump. Twierdz\u0105, \u017ce \u00f3wczesne w\u0142adze doprowadzi\u0142y do szk\u00f3d finansowych i wizerunkowych oraz &#8222;publicznego upokorzenia&#8221; powod\u00f3w.<\/p>\n<ul class=\"OchatFollowUps_wrapper__1ry7X\">\n<li class=\"OchatFollowUps_item__Dhyly OchatFollowUps_itemDesktop__R6aBv\">Jakie jest \u017c\u0105danie Donalda Trumpa w pozwie?<\/li>\n<li class=\"OchatFollowUps_item__Dhyly OchatFollowUps_itemDesktop__R6aBv\">Kto jest wsp\u00f3\u0142powodami w sprawie?<\/li>\n<li class=\"OchatFollowUps_item__Dhyly OchatFollowUps_itemDesktop__R6aBv\">Co si\u0119 sta\u0142o z Charlesem Littlejohnem?<\/li>\n<li class=\"OchatFollowUps_item__Dhyly OchatFollowUps_itemDesktop__R6aBv\">Jaki by\u0142 pow\u00f3d zerwania kontrakt\u00f3w z Booz Allen Hamilton?<\/li>\n<\/ul>\n<p>Zeznania podatkowe Donalda Trumpa trafi\u0142y do medi\u00f3w. Jest pozew <\/p>\n<p class=\"Paragraph_desktopParagraph__U31Gm\">Sprawa dotyczy w szczeg\u00f3lno\u015bci Charlesa Littlejohna, by\u0142ego wsp\u00f3\u0142pracownika IRS. Pracuj\u0105c dla firmy konsultingowej Booz Allen Hamilton, realizuj\u0105cej zlecenia dla rz\u0105du USA, nielegalnie pozyska\u0142 on i przekaza\u0142 mediom zeznania podatkowe Trumpa oraz tysi\u0119cy innych zamo\u017cnych Amerykan\u00f3w, w tym Jeffa Bezosa i Elona Muska. W 2024 r. Littlejohn zosta\u0142 skazany na pi\u0119\u0107 lat wi\u0119zienia.<\/p>\n<p class=\"Paragraph_desktopParagraph__U31Gm\">Zesp\u00f3\u0142 prawny Trumpa argumentuje, \u017ce IRS ponosi odpowiedzialno\u015b\u0107 za dzia\u0142ania podwykonawcy, kt\u00f3ry mia\u0142 &#8222;dost\u0119p por\u00f3wnywalny z etatowym pracownikiem&#8221; i wykorzysta\u0142 &#8222;d\u0142ugotrwa\u0142e luki w zabezpieczeniach, przed kt\u00f3rymi agencja by\u0142a ostrzegana&#8221;.<\/p>\n<p class=\"Paragraph_desktopParagraph__U31Gm\">&#8222;IRS bezprawnie dopu\u015bci\u0142, by motywowany politycznie pracownik ujawni\u0142 prywatne i poufne informacje dotycz\u0105ce prezydenta Trumpa, jego rodziny i Trump Organization&#8221; \u2014 napisali prawnicy w o\u015bwiadczeniu cytowanym przez CNN.<\/p>\n<p>Burza wok\u00f3\u0142 zezna\u0144 prezydenta USA <\/p>\n<p class=\"Paragraph_desktopParagraph__U31Gm\">Na pocz\u0105tku tygodnia departament skarbu zerwa\u0142 kontrakty z Booz Allen Hamilton opiewaj\u0105ce na 21 mln dol. Jako pow\u00f3d wskazano, \u017ce firma &#8222;nie wdro\u017cy\u0142a odpowiednich zabezpiecze\u0144 chroni\u0105cych poufne dane podatnik\u00f3w&#8221; \u2014 poinformowa\u0142 sekretarz skarbu Scott Bessent.<\/p>\n<p class=\"Paragraph_desktopParagraph__U31Gm\"><a href=\"https:\/\/wiadomosci.onet.pl\/politico\/kongres-ujawnil-zeznania-podatkowe-trumpa-powazne-problemy-bylego-prezydenta\/jdvx1tx\" id=\"fb553926-5353-448b-8772-b7e920da428b\" rel=\"nofollow noopener\" target=\"_blank\">Ujawnienie zezna\u0144 podatkowych Trumpa<\/a> by\u0142o przedmiotem wieloletnich spor\u00f3w politycznych i prawnych, szczeg\u00f3lnie po publikacjach &#8222;New York Times&#8221; z 2020 r. Wed\u0142ug NBC News artyku\u0142y te uderza\u0142y w prezydenta, wytykaj\u0105c mu zap\u0142acenie zaledwie 750 dol. federalnego podatku dochodowego w latach 2016\u20132017. Trump konsekwentnie okre\u015bla\u0142 te doniesienia jako &#8222;fa\u0142szywe&#8221; i &#8222;nielegalnie pozyskane&#8221;.<\/p>\n","protected":false},"excerpt":{"rendered":"Du\u017co czytania, a ma\u0142o czasu? Sprawd\u017a\u00a0skr\u00f3t\u00a0artyku\u0142u Podstaw\u0105 pozwu s\u0105 dzia\u0142ania \u00f3wczesnych w\u0142adz wobec Trumpa jako osoby prywatnej, a&hellip;\n","protected":false},"author":2,"featured_media":233163,"comment_status":"","ping_status":"","sticky":false,"template":"","format":"standard","meta":{"footnotes":""},"categories":[14],"tags":[32,33,58,10390,27,67,34,35,28,31,53,25,52,68,51,55,248,40,41,984,47,80,29,30,65,50,26,82,83,84],"class_list":{"0":"post-233162","1":"post","2":"type-post","3":"status-publish","4":"format-standard","5":"has-post-thumbnail","7":"category-swiat","8":"tag-breaking-news","9":"tag-breakingnews","10":"tag-donald_trump_prezydent_usa","11":"tag-fiskus","12":"tag-headlines","13":"tag-intextvideo_splayer","14":"tag-latest-news","15":"tag-latestnews","16":"tag-naglowki","17":"tag-najwazniejsze-artykuly","18":"tag-new_header","19":"tag-news","20":"tag-onet3","21":"tag-onet3d","22":"tag-onet3d_2i","23":"tag-phx","24":"tag-podatki","25":"tag-polish","26":"tag-polski","27":"tag-prawo_sady_sedziowie_sedzia_sad_sadownictwo_prawnik_prawnicy_prawniczka","28":"tag-screening_general","29":"tag-swiat","30":"tag-top-stories","31":"tag-topstories","32":"tag-update_me","33":"tag-v2021","34":"tag-wiadomosci","35":"tag-world","36":"tag-world-news","37":"tag-worldnews"},"share_on_mastodon":{"url":"","error":"Validation failed: Text character limit of 500 exceeded"},"_links":{"self":[{"href":"https:\/\/www.europesays.com\/pl\/wp-json\/wp\/v2\/posts\/233162","targetHints":{"allow":["GET"]}}],"collection":[{"href":"https:\/\/www.europesays.com\/pl\/wp-json\/wp\/v2\/posts"}],"about":[{"href":"https:\/\/www.europesays.com\/pl\/wp-json\/wp\/v2\/types\/post"}],"author":[{"embeddable":true,"href":"https:\/\/www.europesays.com\/pl\/wp-json\/wp\/v2\/users\/2"}],"replies":[{"embeddable":true,"href":"https:\/\/www.europesays.com\/pl\/wp-json\/wp\/v2\/comments?post=233162"}],"version-history":[{"count":0,"href":"https:\/\/www.europesays.com\/pl\/wp-json\/wp\/v2\/posts\/233162\/revisions"}],"wp:featuredmedia":[{"embeddable":true,"href":"https:\/\/www.europesays.com\/pl\/wp-json\/wp\/v2\/media\/233163"}],"wp:attachment":[{"href":"https:\/\/www.europesays.com\/pl\/wp-json\/wp\/v2\/media?parent=233162"}],"wp:term":[{"taxonomy":"category","embeddable":true,"href":"https:\/\/www.europesays.com\/pl\/wp-json\/wp\/v2\/categories?post=233162"},{"taxonomy":"post_tag","embeddable":true,"href":"https:\/\/www.europesays.com\/pl\/wp-json\/wp\/v2\/tags?post=233162"}],"curies":[{"name":"wp","href":"https:\/\/api.w.org\/{rel}","templated":true}]}}