{"id":233995,"date":"2026-01-30T17:07:16","date_gmt":"2026-01-30T17:07:16","guid":{"rendered":"https:\/\/www.europesays.com\/pl\/233995\/"},"modified":"2026-01-30T17:07:16","modified_gmt":"2026-01-30T17:07:16","slug":"julia-wieniawa-zachwycila-na-premierze-chce-wiecej-ta-kreacja-to-dzielo-sztuki","status":"publish","type":"post","link":"https:\/\/www.europesays.com\/pl\/233995\/","title":{"rendered":"Julia Wieniawa zachwyci\u0142a na premierze &#8222;Chc\u0119 wi\u0119cej&#8221;. Ta kreacja to dzie\u0142o sztuki"},"content":{"rendered":"<p class=\"ods-c-paragraph \">29 stycznia 2026 r. odby\u0142a si\u0119 uroczysta premiera filmu &#8222;Chc\u0119 wi\u0119cej&#8221; z udzia\u0142em gwiazd oraz tw\u00f3rc\u00f3w. Na wydarzeniu zjawili si\u0119 mi\u0119dzy innymi Julia Wieniawa i Maciej Musia\u0142owski, kt\u00f3rzy zostali obsadzeni w rolach g\u0142\u00f3wnych. I w\u0142a\u015bnie to wspomniana aktorka skrad\u0142a show. A to wszystko za spraw\u0105 sukienki, kt\u00f3r\u0105 wybra\u0142a.<\/p>\n<p> Dalszy ci\u0105g artyku\u0142u pod materia\u0142em wideo    <\/p>\n<p> Jak\u0105 sukienk\u0119 mia\u0142a na sobie Julia Wieniawa na premierze? <\/p>\n<p> Kiedy odby\u0142a si\u0119 premiera filmu 'Chc\u0119 wi\u0119cej&#8217;? <\/p>\n<p> Jakie elementy wyr\u00f3\u017cnia\u0142y kreacj\u0119 Julii Wieniawy? <\/p>\n<p> Jakie akcenty pojawi\u0142y si\u0119 w makija\u017cu Julii Wieniawy? <\/p>\n<p>  Julia Wieniawa zachwyca na premierze filmu &#8222;Chc\u0119 wi\u0119cej&#8221;<\/p>\n<p class=\"ods-c-paragraph \">Gwiazda pozowa\u0142a na czerwonym dywanie w sukience w przepi\u0119knym, a zarazem bardzo modnym obecnie odcieniu kobaltowym. Opr\u00f3cz koloru uwag\u0119 zwraca kr\u00f3j. Takie elementy jak zabudowany, do tego asymetryczny prz\u00f3d, transparentny gorset, kt\u00f3ry odkrywa plecy czy rozci\u0119cie na nog\u0119 naprawd\u0119 robi\u0105 wra\u017cenie. <\/p>\n<p class=\"ods-c-paragraph \">Swoj\u0105 stylizacj\u0119 Julia Wieniawa uzupe\u0142ni\u0142a o efektowne szpilki oraz bi\u017cuteri\u0119, na czele z naszyjnikiem. <\/p>\n<p class=\"ods-c-paragraph \">Warto wspomnie\u0107 te\u017c o makija\u017cu i fryzurze. Na oczach pojawi\u0142y si\u0119 akcenty kolorystyczne, kt\u00f3re pi\u0119knie korespondowa\u0142y z sukienk\u0105. Natomiast na w\u0142osach pojawi\u0142y si\u0119 \u2014 tylko pozornie \u2014 nieidealne fale z efektem wet hair. <\/p>\n<p class=\"ods-c-paragraph \">Ubrania, dodatki, makija\u017c i fryzura stworzy\u0142y naprawd\u0119 sp\u00f3jn\u0105 ca\u0142o\u015b\u0107. <\/p>\n<p> Galeria zdj\u0119\u0107    Julia Wieniawa    <img src=\"https:\/\/www.europesays.com\/pl\/wp-content\/uploads\/2026\/01\/jv4k9lBaHR0cHM6Ly9vY2RuLmV1L3B1bHNjbXMvTURBXy81YzI4N2I0MzM4OTg5Y2U5MzlkNjE1YzgwMTk0YTMzNS5qcGeRlQLNA.jpeg\" height=\"529\" width=\"940\" alt=\"Julia Wieniawa\" loading=\"lazy\" decoding=\"async\" class=\"ods-c-image__img ods-c-image__img--placeholder\"\/>     1\/4   <\/p>\n<p>Pawe\u0142 Wrzecion \/ AKPA<\/p>\n<p>        Maciej Musia\u0142owski i Julia Wieniawa    <img src=\"https:\/\/www.europesays.com\/pl\/wp-content\/uploads\/2026\/01\/W4wk9lBaHR0cHM6Ly9vY2RuLmV1L3B1bHNjbXMvTURBXy9iYjdmNTJkMGY3NmQyYzFmYWRkY2U2ZGM4ODY2YTQ2Yy5qcGeRlQLNA.jpeg\" height=\"529\" width=\"940\" alt=\"Maciej Musia\u0142owski i Julia Wieniawa\" loading=\"lazy\" decoding=\"async\" class=\"ods-c-image__img ods-c-image__img--placeholder\"\/>     2\/4   <\/p>\n<p>Pawe\u0142 Wrzecion \/ AKPA<\/p>\n<p>           Julia Wieniawa    <img src=\"https:\/\/www.europesays.com\/pl\/wp-content\/uploads\/2026\/01\/Lcfk9lBaHR0cHM6Ly9vY2RuLmV1L3B1bHNjbXMvTURBXy8wMTViY2EzNWM4NTUyOGM0YjNiNGQzY2E4NjA2YWY0Yi5qcGeRlQLNA.jpeg\" height=\"529\" width=\"940\" alt=\"Julia Wieniawa\" loading=\"lazy\" decoding=\"async\" class=\"ods-c-image__img ods-c-image__img--placeholder\"\/>     3\/4   <\/p>\n<p>Pawe\u0142 Wrzecion \/ AKPA<\/p>\n<p>        Julia Wieniawa    <img src=\"https:\/\/www.europesays.com\/pl\/wp-content\/uploads\/2026\/01\/gilk9lBaHR0cHM6Ly9vY2RuLmV1L3B1bHNjbXMvTURBXy9jYjIyNThlMDM4YzJiOTdlNzMwMWRhOWU4MWY3ZGQ5Yi5qcGeRlQLNA.jpeg\" height=\"529\" width=\"940\" alt=\"Julia Wieniawa\" loading=\"lazy\" decoding=\"async\" class=\"ods-c-image__img ods-c-image__img--placeholder\"\/>     4\/4   <\/p>\n<p>Pawe\u0142 Wrzecion \/ AKPA<\/p>\n","protected":false},"excerpt":{"rendered":"29 stycznia 2026 r. odby\u0142a si\u0119 uroczysta premiera filmu &#8222;Chc\u0119 wi\u0119cej&#8221; z udzia\u0142em gwiazd oraz tw\u00f3rc\u00f3w. Na wydarzeniu&hellip;\n","protected":false},"author":2,"featured_media":233996,"comment_status":"","ping_status":"","sticky":false,"template":"","format":"standard","meta":{"footnotes":"","_share_on_mastodon":"0"},"categories":[22],"tags":[122,30897,1654,1142,48,46,42,38,40,39,41,123,47,10522,40586],"class_list":["post-233995","post","type-post","status-publish","format-standard","has-post-thumbnail","category-rozrywka","tag-entertainment","tag-gwiazdy_na_czerwonym_dywanie","tag-julia_wieniawa","tag-moda","tag-nat_styl","tag-omp","tag-pl","tag-poland","tag-polish","tag-polska","tag-polski","tag-rozrywka","tag-screening_general","tag-stylizacje_gwiazd","tag-taboola_tst0"],"share_on_mastodon":{"url":"https:\/\/pubeurope.com\/@pl\/115985150426491504","error":""},"_links":{"self":[{"href":"https:\/\/www.europesays.com\/pl\/wp-json\/wp\/v2\/posts\/233995","targetHints":{"allow":["GET"]}}],"collection":[{"href":"https:\/\/www.europesays.com\/pl\/wp-json\/wp\/v2\/posts"}],"about":[{"href":"https:\/\/www.europesays.com\/pl\/wp-json\/wp\/v2\/types\/post"}],"author":[{"embeddable":true,"href":"https:\/\/www.europesays.com\/pl\/wp-json\/wp\/v2\/users\/2"}],"replies":[{"embeddable":true,"href":"https:\/\/www.europesays.com\/pl\/wp-json\/wp\/v2\/comments?post=233995"}],"version-history":[{"count":0,"href":"https:\/\/www.europesays.com\/pl\/wp-json\/wp\/v2\/posts\/233995\/revisions"}],"wp:featuredmedia":[{"embeddable":true,"href":"https:\/\/www.europesays.com\/pl\/wp-json\/wp\/v2\/media\/233996"}],"wp:attachment":[{"href":"https:\/\/www.europesays.com\/pl\/wp-json\/wp\/v2\/media?parent=233995"}],"wp:term":[{"taxonomy":"category","embeddable":true,"href":"https:\/\/www.europesays.com\/pl\/wp-json\/wp\/v2\/categories?post=233995"},{"taxonomy":"post_tag","embeddable":true,"href":"https:\/\/www.europesays.com\/pl\/wp-json\/wp\/v2\/tags?post=233995"}],"curies":[{"name":"wp","href":"https:\/\/api.w.org\/{rel}","templated":true}]}}