{"id":234105,"date":"2026-01-30T18:12:09","date_gmt":"2026-01-30T18:12:09","guid":{"rendered":"https:\/\/www.europesays.com\/pl\/234105\/"},"modified":"2026-01-30T18:12:09","modified_gmt":"2026-01-30T18:12:09","slug":"ekstraklasa-wraca-i-od-razu-hit-trener-wypalil-o-pieniadzach","status":"publish","type":"post","link":"https:\/\/www.europesays.com\/pl\/234105\/","title":{"rendered":"Ekstraklasa wraca i od razu hit! Trener wypali\u0142 o pieni\u0105dzach"},"content":{"rendered":"<p class=\"ods-c-paragraph \">Po pierwszej cz\u0119\u015bci rozgrywek ekstraklasy Jagiellonia zajmuje w tabeli trzecie miejsce, trac\u0105c do Wis\u0142y P\u0142ock i G\u00f3rnika Zabrze punkt, ale ma jeden mecz zaleg\u0142y. Widzew jest tu\u017c nad stref\u0105 spadkow\u0105, ale w zimowej przerwie klub z \u0141odzi dokona\u0142 wielu \u2014 jak na warunki polskiej ligi \u2014 spektakularnych transfer\u00f3w.<\/p>\n<p> Dalszy ci\u0105g artyku\u0142u pod materia\u0142em wideo    <\/p>\n<p> Jakie miejsce zajmuje Jagiellonia w tabeli po pierwszej cz\u0119\u015bci rozgrywek? <\/p>\n<p> Kiedy rozpoczyna si\u0119 mecz Widzew &#8211; Jagiellonia? <\/p>\n<p> Jakie zmiany kadrowe mia\u0142y miejsce w Jagiellonii? <\/p>\n<p> Kto odszed\u0142 z Jagiellonii do FC Porto? <\/p>\n<p class=\"ods-c-paragraph \">\u2014 Na pewno czas, kt\u00f3ry dostali niekt\u00f3rzy pi\u0142karze na prac\u0119, im pom\u00f3g\u0142. W jakim stopniu to te\u017c kwestia tego, jak b\u0119dzie uk\u0142ada\u0142a si\u0119 rywalizacja, jak w tej rywalizacji, hierarchii si\u0119 ustawi\u0105 i na jakie decyzje personalne ja b\u0119d\u0119 si\u0119 decydowa\u0107. Jedno jest pewne \u2014 potrzebowali tego okresu \u2014 powiedzia\u0142 Siemieniec w pi\u0105tek na konferencji prasowej, odnosz\u0105c si\u0119 do przygotowa\u0144 jego zespo\u0142u.<\/p>\n<p class=\"ods-c-paragraph \">W Jagiellonii dosz\u0142o w zimowej przerwie do kilku zmian kadrowych, z kt\u00f3rych najg\u0142o\u015bniejsz\u0105 by\u0142o odej\u015bcie do FC Porto Oskara Pietuszewskiego. Uby\u0142o te\u017c dw\u00f3ch innych skrzyd\u0142owych (Louka Prip, Alejandro Cantero). W ich miejsce trafi\u0142 do klubu na t\u0119 pozycj\u0119 \u2014 ale ju\u017c po obozie przygotowawczym w Turcji \u2014 Matias Nahuel Leiva.<\/p>\n<p class=\"ods-c-paragraph \">Wcze\u015bniej umowy podpisano z lewym obro\u0144c\u0105, 22-letnim Portugalczykiem Guilherme Montoi\u0105 oraz z 21-letnim reprezentantem Bo\u015bni i Hercegowiny, napastnikiem Samedem Bazdarem.<\/p>\n<p class=\"ods-c-paragraph \">Siemieniec przekaza\u0142, \u017ce ka\u017cdy ruch kadrowy ma jaki\u015b kontekst.<\/p>\n<p class=\"ods-c-paragraph \">\u2014 Niekt\u00f3rzy zawodnicy musz\u0105 od razu wskoczy\u0107 do sk\u0142adu, bo jest taka potrzeba, inni przychodz\u0105 po to, \u017ceby nacisn\u0105\u0107 na innych i zwi\u0119kszy\u0107 rywalizacj\u0119 na pozycji, a jeszcze inni, \u017ceby si\u0119 rozwija\u0107 i za sezon, dwa by\u0107 zawodnikiem, na kt\u00f3rego docelowo chcemy postawi\u0107 \u2014 powiedzia\u0142.<\/p>\n<p class=\"ods-c-paragraph \">Wskaza\u0142, \u017ce zawsze punktem wyj\u015bcia jest idea i pomys\u0142, zwraca\u0142 uwag\u0119, \u017ce nie ka\u017cdy zawodnik pasuje do ka\u017cdej koncepcji.<\/p>\n<p class=\"ods-c-paragraph \">\u2014 To jest tak, jak z mod\u0105. Pan si\u0119 ubiera tak, ja tak. Mi si\u0119 to mo\u017ce nie podoba\u0107, ale to nie znaczy, \u017ce to jest brzydkie. Z zawodnikami jest bardzo podobnie \u2014 obrazowo opisywa\u0142 szkoleniowiec.<\/p>\n<p class=\"ods-c-paragraph \">Odnosz\u0105c si\u0119 do transfer\u00f3w dokonanych w ostatnim czasie przez Widzew zastrzeg\u0142, \u017ce z zewn\u0105trz trudno to komentowa\u0107. Przyzna\u0142, \u017ce kwota przeznaczona przez ten klub w ostatnim okresie na nowych pi\u0142karzy jest imponuj\u0105ca.<\/p>\n<p class=\"ods-c-paragraph \">\u2014 To jest prawie ca\u0142y bud\u017cet naszego klubu, to s\u0105 kwoty ogromne na nasze realia i dzisiejsze realia polskiej pi\u0142ki no\u017cnej \u2014 oceni\u0142 Siemieniec.<\/p>\n<p class=\"ods-c-paragraph \">\u2014 Jak to si\u0119 prze\u0142o\u017cy na boisko, bo zawsze o to chodzi, jaki b\u0119dzie wska\u017anik tego, ile b\u0119dzie Widzew kosztowa\u0142 punkt w ekstraklasie, to poka\u017ce \u017cycie \u2014 doda\u0142.<\/p>\n<p class=\"ods-c-paragraph \">Jak przyzna\u0142, znajomo\u015b\u0107 przeciwnika jest wa\u017cna z punktu widzenia taktycznego.<\/p>\n<p class=\"ods-c-paragraph \">\u2014 W jakim sk\u0142adzie wyjdzie Widzew, na jakie ustawienie zdecyduje si\u0119 jego trener, na to wp\u0142ywu nie mamy. Ale przygotowujemy zesp\u00f3\u0142 na ka\u017cdy wariant \u2014 doda\u0142 Siemieniec.<\/p>\n<p class=\"ods-c-paragraph \">Pocz\u0105tek meczu Widzew \u2014 Jagiellonia w \u0141odzi w sobot\u0119 o godz. 17.30. Relacj\u0119 na \u017cywo przeprowadzi Przegl\u0105d Sportowy Onet.<\/p>\n<p class=\"ods-c-paragraph \">(PAP)<\/p>\n<p class=\"ods-c-paragraph \">rof\/ pp\/<\/p>\n<p class=\"ods-c-paragraph \">\u0179r\u00f3d\u0142o informacji: Polska Agencja Prasowa<\/p>\n","protected":false},"excerpt":{"rendered":"Po pierwszej cz\u0119\u015bci rozgrywek ekstraklasy Jagiellonia zajmuje w tabeli trzecie miejsce, trac\u0105c do Wis\u0142y P\u0142ock i G\u00f3rnika Zabrze&hellip;\n","protected":false},"author":2,"featured_media":234106,"comment_status":"","ping_status":"","sticky":false,"template":"","format":"standard","meta":{"footnotes":"","_share_on_mastodon":"0"},"categories":[24],"tags":[4710,274,2477,48,46,948,42,38,40,39,41,28861,47,127,126,130],"class_list":["post-234105","post","type-post","status-publish","format-standard","has-post-thumbnail","category-sport","tag-adrian_siemieniec","tag-ekstraklasa","tag-jagiellonia_bialystok","tag-nat_styl","tag-omp","tag-pilka_nozna","tag-pl","tag-poland","tag-polish","tag-polska","tag-polski","tag-ps_omp_tst0","tag-screening_general","tag-sport","tag-sports","tag-wiadomosci_sportowe"],"share_on_mastodon":{"url":"https:\/\/pubeurope.com\/@pl\/115985406265721951","error":""},"_links":{"self":[{"href":"https:\/\/www.europesays.com\/pl\/wp-json\/wp\/v2\/posts\/234105","targetHints":{"allow":["GET"]}}],"collection":[{"href":"https:\/\/www.europesays.com\/pl\/wp-json\/wp\/v2\/posts"}],"about":[{"href":"https:\/\/www.europesays.com\/pl\/wp-json\/wp\/v2\/types\/post"}],"author":[{"embeddable":true,"href":"https:\/\/www.europesays.com\/pl\/wp-json\/wp\/v2\/users\/2"}],"replies":[{"embeddable":true,"href":"https:\/\/www.europesays.com\/pl\/wp-json\/wp\/v2\/comments?post=234105"}],"version-history":[{"count":0,"href":"https:\/\/www.europesays.com\/pl\/wp-json\/wp\/v2\/posts\/234105\/revisions"}],"wp:featuredmedia":[{"embeddable":true,"href":"https:\/\/www.europesays.com\/pl\/wp-json\/wp\/v2\/media\/234106"}],"wp:attachment":[{"href":"https:\/\/www.europesays.com\/pl\/wp-json\/wp\/v2\/media?parent=234105"}],"wp:term":[{"taxonomy":"category","embeddable":true,"href":"https:\/\/www.europesays.com\/pl\/wp-json\/wp\/v2\/categories?post=234105"},{"taxonomy":"post_tag","embeddable":true,"href":"https:\/\/www.europesays.com\/pl\/wp-json\/wp\/v2\/tags?post=234105"}],"curies":[{"name":"wp","href":"https:\/\/api.w.org\/{rel}","templated":true}]}}