{"id":234294,"date":"2026-01-30T19:56:11","date_gmt":"2026-01-30T19:56:11","guid":{"rendered":"https:\/\/www.europesays.com\/pl\/234294\/"},"modified":"2026-01-30T19:56:11","modified_gmt":"2026-01-30T19:56:11","slug":"loteryjny-trening-w-willingen-swietna-proba-piotra-zyly-sportowefakty","status":"publish","type":"post","link":"https:\/\/www.europesays.com\/pl\/234294\/","title":{"rendered":"Loteryjny trening w Willingen. \u015awietna pr\u00f3ba Piotra \u017by\u0142y &#8211; SportoweFakty"},"content":{"rendered":"<ol>\n<li><a href=\"https:\/\/news.google.com\/rss\/articles\/CBMirgFBVV95cUxNalRCSTQwTmh1TWVjX1dxZm0ySWthS1BKN2MzOFZwbEVQSXZqNWZJMHZZT1hPTFNnZFZnVEhieDVBdWk2d2E1Rk1jTEUtcTN4WTZNaXhJQnlUVTdwMW51aFQ3bXlHNG5aTkUtUHcxa2txdW5xSWZ2amdkMEpTeHBDZFd4cUhXV1k3SXhNNGVFRUdfckt2WkZBMTREcUEyQ0ZadWw0V2pkT3RQb2draXc?oc=5\" target=\"_blank\" rel=\"nofollow noopener\">Loteryjny trening w Willingen. \u015awietna pr\u00f3ba Piotra \u017by\u0142y<\/a>&nbsp;&nbsp;SportoweFakty<\/li>\n<li><a href=\"https:\/\/news.google.com\/rss\/articles\/CBMi6wFBVV95cUxQa1V3ajIwbS1UR3FkcFpSVFZqdUtySFhfQlE5TkYyUVk2Mm0zWng0UFg3aWxnbUZ2WFNfV1drRWFlWGd5Q0QweWRoZHRDeU5namdHWVpORklCamtHQ3JhQ3VpZDNZRDNJLUN4NFlqeFFZUVVHeEtoMUx0RFFzMXBqdGZxclI5VDdXQ1ZVRVhHNDdnN2l3RmlZRlQ2SlNIVVY4SWQ2WmhTdVUxVEdwRl9XVlBWRlRxTE5XbkRoM1hjWGx2aElPWTNmQnpWN0Z3LVNEeEdFc1FRYUVIWnJHaG1kR0JBVnJwaC1rR0pN?oc=5\" target=\"_blank\" rel=\"nofollow noopener\">146 metr\u00f3w! Co za wyniki polskich skoczk\u00f3w w Willingen! Nikt si\u0119 tego nie spodziewa\u0142<\/a>&nbsp;&nbsp;Onet<\/li>\n<li><a href=\"https:\/\/news.google.com\/rss\/articles\/CBMivgFBVV95cUxNemlCTjdTUDlOam9HRWNyYW5Jc2xCUnRsa1ZPWGZoeGVvai05M2NRUDFpWFlISnZSU2RuaVh1ZGQwZnVPSjh4Rm1nbER0YldHSzRsaHdWc2Nyc2xFODdoazhURXJ1bjI3RGoxMlhOelU4ZkxaWHJrdm1wRnVWQzU5V2J6aXdadkE2amRhNXF0dGFvOHhjYnpEV3hYazZxRzA1aHE5UE1Nb2VuZXNISE9QdnJxSVB2Y2lCMjBRdW53?oc=5\" target=\"_blank\" rel=\"nofollow noopener\">Polacy odpu\u015bcili, potem taki komunikat s\u0119dzi\u00f3w. W Niemczech wi\u0119cej skakania nie b\u0119dzie<\/a>&nbsp;&nbsp;Sport w INTERIA.PL<\/li>\n<li><a href=\"https:\/\/news.google.com\/rss\/articles\/CBMipAFBVV95cUxNSnJwekNXaGZXV3lON0JuM1lRWDNBeVpNb25vRWg2clFrWnpfSnJWY3ZBNERmTDFaVVIwbFZmdlJSUmgtRmEwdVVTdDQ5UkRTaEdyUG9vV1BEMEZaMVhxRHJqOTZaTW9neUw2ZFMxVy1lbDJkcHk5bldxQnZrRldORmFBLWwyQWRHV19BYk1BWXdIbkFjTFZ6MUdsQXhhVmFBc0l3SNIBqgFBVV95cUxNX2lMYVNaaFN1UUVqZ0ZLNlJXd2VaUDgzT1MyUFlmZGZtN0JQSktCOVdoU0NlZ3ZxQm85RVk1aGtxdzd6VEczZzRjUVZSeHF2VHh2bmJKY1VrNUUwV0JwcGVpbDN0SXVxWGNDb2hWcnFtOWdpNjVNQzB0aWw2T28zMlZJUFBlc2hrS29mMUhjY1JYanBta2JRYW5tT214cFJyZkFLVnhPUFpRZw?oc=5\" target=\"_blank\" rel=\"nofollow noopener\">P\u015a w skokach. Tylko jedna seria w konkursie dru\u017cyn mieszanych<\/a>&nbsp;&nbsp;sport.tvp.pl<\/li>\n<li><a href=\"https:\/\/news.google.com\/rss\/articles\/CBMipAFBVV95cUxOV3B1QnFZaHBnWU9BQ2NNVmFmU0Nmd2MzazJtTVAxY2NuQmQwdnBSc004bjhMNTNLOE9JY19zUzhzSUxGcy1fYmVSdDBtMFp3d005RDluM09PX1Bud042eEd1LXdNMEdyY3p2RktzMXZqZWZOX1N6X2ZfUGtfR2RTT3NyRk91c3FYRVV4NE12M0Y3ZHFvZnltODhOVnJVc2cxeklMdg?oc=5\" target=\"_blank\" rel=\"nofollow noopener\">Szalony konkurs w Willingen. Wiatr rozdawa\u0142 karty<\/a>&nbsp;&nbsp;SportoweFakty<\/li>\n<\/ol>\n","protected":false},"excerpt":{"rendered":"Loteryjny trening w Willingen. \u015awietna pr\u00f3ba Piotra \u017by\u0142y&nbsp;&nbsp;SportoweFakty 146 metr\u00f3w! Co za wyniki polskich skoczk\u00f3w w Willingen! Nikt&hellip;\n","protected":false},"author":2,"featured_media":234295,"comment_status":"","ping_status":"","sticky":false,"template":"","format":"standard","meta":{"footnotes":"","_share_on_mastodon":"0"},"categories":[5],"tags":[32,33,36,37,27,34,35,28,31,25,295,17243,42,38,40,39,41,13539,1538,447,29,30,26,40241],"class_list":["post-234294","post","type-post","status-publish","format-standard","has-post-thumbnail","category-naglowki","tag-breaking-news","tag-breakingnews","tag-featured-news","tag-featurednews","tag-headlines","tag-latest-news","tag-latestnews","tag-naglowki","tag-najwazniejsze-artykuly","tag-news","tag-niemcy","tag-piotr-zyla","tag-pl","tag-poland","tag-polish","tag-polska","tag-polski","tag-ps-w-skokach-narciarskich","tag-skoki-narciarskie","tag-sporty-zimowe","tag-top-stories","tag-topstories","tag-wiadomosci","tag-willingen"],"share_on_mastodon":{"url":"https:\/\/pubeurope.com\/@pl\/115985814967746755","error":""},"_links":{"self":[{"href":"https:\/\/www.europesays.com\/pl\/wp-json\/wp\/v2\/posts\/234294","targetHints":{"allow":["GET"]}}],"collection":[{"href":"https:\/\/www.europesays.com\/pl\/wp-json\/wp\/v2\/posts"}],"about":[{"href":"https:\/\/www.europesays.com\/pl\/wp-json\/wp\/v2\/types\/post"}],"author":[{"embeddable":true,"href":"https:\/\/www.europesays.com\/pl\/wp-json\/wp\/v2\/users\/2"}],"replies":[{"embeddable":true,"href":"https:\/\/www.europesays.com\/pl\/wp-json\/wp\/v2\/comments?post=234294"}],"version-history":[{"count":0,"href":"https:\/\/www.europesays.com\/pl\/wp-json\/wp\/v2\/posts\/234294\/revisions"}],"wp:featuredmedia":[{"embeddable":true,"href":"https:\/\/www.europesays.com\/pl\/wp-json\/wp\/v2\/media\/234295"}],"wp:attachment":[{"href":"https:\/\/www.europesays.com\/pl\/wp-json\/wp\/v2\/media?parent=234294"}],"wp:term":[{"taxonomy":"category","embeddable":true,"href":"https:\/\/www.europesays.com\/pl\/wp-json\/wp\/v2\/categories?post=234294"},{"taxonomy":"post_tag","embeddable":true,"href":"https:\/\/www.europesays.com\/pl\/wp-json\/wp\/v2\/tags?post=234294"}],"curies":[{"name":"wp","href":"https:\/\/api.w.org\/{rel}","templated":true}]}}