{"id":234929,"date":"2026-01-31T07:02:08","date_gmt":"2026-01-31T07:02:08","guid":{"rendered":"https:\/\/www.europesays.com\/pl\/234929\/"},"modified":"2026-01-31T07:02:08","modified_gmt":"2026-01-31T07:02:08","slug":"rzucil-skoki-narciarskie-i-wyjechal-na-koniec-swiata-nie-do-wiary-czym-sie-zajmuje","status":"publish","type":"post","link":"https:\/\/www.europesays.com\/pl\/234929\/","title":{"rendered":"Rzuci\u0142 skoki narciarskie i wyjecha\u0142 na koniec \u015bwiata. Nie do wiary, czym si\u0119 zajmuje"},"content":{"rendered":"<p class=\"ods-c-paragraph \">\u2014 Dwa tygodnie przed swoim ostatnim wyst\u0119pem zn\u00f3w mia\u0142em wypadek i chyba po raz kolejny dozna\u0142em wstrz\u0105\u015bni\u0119cia m\u00f3zgu. Gdy przyjecha\u0142em na mistrzostwa Norwegii, po pr\u00f3bach treningowych wiedzia\u0142em, \u017ce b\u0119dzie ci\u0119\u017cko. Dzie\u0144 przed konkursem powiedzia\u0142em trenerowi, \u017ce to b\u0119d\u0105 moje ostatnie skoki. Nie dosta\u0142em si\u0119 nawet do drugiej serii. To by\u0142 2011 r. Spakowa\u0142em torby i do dzi\u015b nigdy nie ogl\u0105da\u0142em si\u0119 za siebie. Nigdy za tym nie t\u0119skni\u0142em \u2014 opowiada nam Akseli Kokkonen.<\/p>\n<p> Dalszy ci\u0105g artyku\u0142u pod materia\u0142em wideo    <\/p>\n<p> Co Akseli Kokkonen robi teraz w Tajlandii? <\/p>\n<p> Ile oszcz\u0119dno\u015bci chcia\u0142 uzbiera\u0107 przed trzydziestk\u0105? <\/p>\n<p> Dlaczego Akseli Kokkonen zako\u0144czy\u0142 karier\u0119 w skokach? <\/p>\n<p> Co Akseli s\u0105dzi o rekinach podczas nurkowania? <\/p>\n<p class=\"ods-c-paragraph \">Zanim jednak podj\u0105\u0142 tak\u0105 decyzj\u0119, troch\u0119 si\u0119 w jego \u017cyciu wydarzy\u0142o. Nie tylko sportowo. Po raz pierwszy zako\u0144czy\u0142 karier\u0119 w 2006 r. i trafi\u0142 do Egiptu. Wkr\u00f3tce wr\u00f3ci\u0142 do Finlandii, by odby\u0107 obowi\u0105zkow\u0105 s\u0142u\u017cb\u0119 wojskow\u0105, a wtedy te\u017c i do skok\u00f3w. W fi\u0144skiej kadrze czu\u0142 si\u0119 niechciany i zmieni\u0142 obywatelstwo na norweskie. Dwa lata czeka\u0142 na prawo startu pod now\u0105 flag\u0105, a w tym czasie pokonywa\u0142 w lokalnych zawodach norweskie gwiazdy, na co dzie\u0144 skacz\u0105ce w Pucharze \u015awiata.<\/p>\n<p>   Upadek, kt\u00f3ry wiele zmieni\u0142<\/p>\n<p class=\"ods-c-paragraph \">Wcze\u015bniej kariera Kokkonena zapowiada\u0142a si\u0119 bardzo obiecuj\u0105co. Po tym, jak w 2002 r. po raz drugi si\u0119gn\u0105\u0142 z dru\u017cyn\u0105 po z\u0142oto mistrzostw \u015bwiata junior\u00f3w, a indywidualnie by\u0142 pi\u0105ty, razem z trenerem Penttim Kokkonenem doszli do wniosku, \u017ce rozpocz\u0119cie kolejnej zimy w Pucharze Kontynentalnym b\u0119dzie pora\u017ck\u0105. W\u0142a\u015bnie z t\u0105 my\u015bl\u0105 szkoleniowiec odezwa\u0142 si\u0119 do starych znajomych z Austrii, gdzie Akseli sp\u0119dzi\u0142 letnie miesi\u0105ce.<\/p>\n<p class=\"ods-c-paragraph \">\u2014 To by\u0142 dobry czas na zmiany, a Pentti zna\u0142 trener\u00f3w z Innsbrucka i Stams. Trenowali mnie Harald Haim, Werner Schuster, Richard Schallert \u2014 wielkie nazwiska, kt\u00f3re trafi\u0142y p\u00f3\u017aniej do Pucharu \u015awiata. To by\u0142 intensywny czas. Wtedy m\u00f3wi\u0142em te\u017c nie\u017ale po niemiecku, dzi\u015b niewiele z tego pami\u0119tam \u2014 \u015bmieje si\u0119.<\/p>\n<p class=\"ods-c-paragraph \">Wkr\u00f3tce i on zgodnie z planem trafi\u0142 na najwy\u017cszy poziom rywalizacji. Zim\u0105 2002\/03 jeszcze jako 20-latek punktowa\u0142 w dziesi\u0119ciu konkursach. Ju\u017c w kolejnym sezonie pi\u0119\u0107 razy plasowa\u0142 si\u0119 w czo\u0142owej dziesi\u0105tce, a w mi\u0119dzyczasie wygra\u0142 konkurs Letniego Grand Prix w Predazzo. Zosta\u0142 te\u017c wicemistrzem Finlandii.<\/p>\n<p>  <img decoding=\"async\" src=\"https:\/\/www.europesays.com\/pl\/wp-content\/uploads\/2026\/01\/o2Ik9lBaHR0cHM6Ly9vY2RuLmV1L3B1bHNjbXMvTURBXy9jNDYyM2ZmMGI2ZmIwNWMyZGY2NDM4MzBhNDQ4NmM4OS5qcGeRlQLNA.jpeg\" height=\"529\" width=\"940\" style=\"min-height:529px;\" alt=\"Akseli Kokkonen w 2004 r. w Zakopanem\" loading=\"lazy\" class=\"ods-c-image__img ods-c-image__img--vertical\"\/> <\/p>\n<p>Akseli Kokkonen w 2004 r. w ZakopanemKarol Maciol \/ newspix.pl<\/p>\n<p class=\"ods-c-paragraph \">\u2014 Dobrze pami\u0119tam dru\u017cyn\u00f3wk\u0119 z Lahti, w kt\u00f3rej w 2004 r. zaj\u0119li\u015bmy drugie miejsce. W tamtym czasie fi\u0144skie skoki by\u0142y wielkie, stadion by\u0142 pe\u0142ny, a do tego skakali\u015bmy w moim rodzinnym mie\u015bcie. Dosta\u0142em si\u0119 do dru\u017cyny, cho\u0107 wci\u0105\u017c by\u0142em bardzo m\u0142ody \u2014 wspomina.<\/p>\n<p class=\"ods-c-paragraph \">Wszystko uk\u0142ada\u0142o si\u0119 po jego my\u015bli a\u017c do serii k\u0142opot\u00f3w zdrowotnych latem 2004 r. \u2014 Pami\u0119tam, \u017ce testowa\u0142em wtedy w Kuopio nowe narty. Sz\u0142o nie\u017ale, a\u017c w ko\u0144cu zdarzy\u0142 si\u0119 ten wypadek. Z\u0142ama\u0142em obojczyk, potrzebna by\u0142a operacja. Straci\u0142em sporo z okresu przygotowawczego. Zim\u0105 nie do ko\u0144ca potrafi\u0142em si\u0119 odnale\u017a\u0107, kolejny sezon by\u0142 jeszcze gorszy. Stwierdzi\u0142em, \u017ce nie mam tu ju\u017c czego szuka\u0107 \u2014 opowiada.<\/p>\n<p>Wr\u00f3ci\u0142 na s\u0142u\u017cb\u0119 wojskow\u0105. Tak zn\u00f3w trafi\u0142 do skok\u00f3w<\/p>\n<p class=\"ods-c-paragraph \">I tak w 2006 r. Akseli rzuci\u0142 skoki po raz pierwszy i przeprowadzi\u0142 si\u0119 do Egiptu, by spe\u0142ni\u0107 marzenie o zawodowym nurkowaniu. Marzenie, kt\u00f3re by\u0142o z nim w\u0142a\u015bciwie od najm\u0142odszych lat, gdy jeszcze jako dziecko z \u0142atwo\u015bci\u0105 nurkowa\u0142 przy dnie basenu. Tu\u017c po sko\u0144czeniu 18 lat, w 2002 r. sp\u0119dza\u0142 wakacje na Dominikanie, gdzie spr\u00f3bowa\u0142 nurkowania ze sprz\u0119tem. Dwa lata p\u00f3\u017aniej zrobi\u0142 pierwszy kurs i od tego czasu ju\u017c przy ka\u017cdej mo\u017cliwej okazji stopniowo podnosi\u0142 swoje kwalifikacje.<\/p>\n<p class=\"ods-c-paragraph \">Coraz lepiej odnajdywa\u0142 si\u0119 w nowym \u015brodowisku, ale wkr\u00f3tce wezwa\u0142a go Finlandia. Musia\u0142 doko\u0144czy\u0107 obowi\u0105zkow\u0105 s\u0142u\u017cb\u0119 wojskow\u0105. Tak z powrotem trafi\u0142 do skok\u00f3w.<\/p>\n<p class=\"ods-c-paragraph \">\u2014 To by\u0142 sprytny plan. Dni w fi\u0144skim wojsku by\u0142y d\u0142ugie, a jako sportowiec dostawa\u0142e\u015b wolne popo\u0142udnia. Zdrowie zn\u00f3w dopisywa\u0142o, wi\u0119c radzi\u0142em sobie naprawd\u0119 nie\u017ale \u2014 m\u00f3wi.<\/p>\n<p> <img decoding=\"async\" src=\"https:\/\/www.europesays.com\/pl\/wp-content\/uploads\/2026\/01\/_NUk9lBaHR0cHM6Ly9vY2RuLmV1L3B1bHNjbXMvTURBXy9iZWNlOTAzMTUzOTg4M2JjZjVlMTJhNDY1ZTkxZTFmYi5qcGeRlQLNB.jpeg\" height=\"610\" width=\"940\" style=\"min-height:610px;\" alt=\"Akseli Kokkonen\" loading=\"lazy\" class=\"ods-c-image__img ods-c-image__img--viewport-width\"\/> <\/p>\n<p>Akseli KokkonenTomasz Markowski \/ newspix.pl<\/p>\n<p class=\"ods-c-paragraph \">Do tego stopnia, \u017ce jesieni\u0105 2007 r. wystartowa\u0142 w sprawdzianie fi\u0144skiej kadry przed zawodami w Ruce. \u2014 Mieli\u015bmy 12 miejsc, a ja by\u0142em dziesi\u0105ty, ale woleli wystawi\u0107 m\u0142odszych zawodnik\u00f3w. Poczu\u0142em si\u0119 niechciany \u2014 s\u0142yszymy.<\/p>\n<p class=\"ods-c-paragraph \">W tym czasie Akseli mieszka\u0142 ju\u017c w Lillehammer, sk\u0105d pochodzi\u0142a jego dziewczyna. On sam zreszt\u0105 urodzi\u0142 si\u0119 w Norwegii i sp\u0119dzi\u0142 tu pierwsze lata swojego \u017cycia. Tak zrodzi\u0142y si\u0119 plany dotycz\u0105ce zmiany obywatelstwa. By jednak do tego dosz\u0142o, musia\u0142 sp\u0119dzi\u0107 w kraju nieprzerwanie dwa lata.<\/p>\n<p class=\"ods-c-paragraph \">Oczekuj\u0105c na zmian\u0119 obywatelstwa, znakomicie spisywa\u0142 si\u0119 w krajowym cyklu Norges Cup. Na 22 starty, a\u017c 20 razy stawa\u0142 na podium, w tym 12 razy wygrywa\u0142. \u2014 Czasem startowali z nami zawodnicy z czo\u0142\u00f3wki. Pami\u0119tam konkurs, w kt\u00f3rym zdecydowanie pokona\u0142em Larsa Bystoela, a p\u00f3\u017aniej on pojecha\u0142 na P\u015a i zaj\u0105\u0142 si\u00f3dme miejsce. Mentalnie trudno by\u0142o to znie\u015b\u0107, ale stara\u0142em si\u0119 utrzyma\u0107 motywacj\u0119 \u2014 opowiada.<\/p>\n<p class=\"ods-c-paragraph \">W czerwcu 2009 r. otrzyma\u0142 obywatelstwo i w Pucharze Kontynentalnym wypracowa\u0142 powi\u0119kszon\u0105 kwot\u0119 startow\u0105. Zosta\u0142 r\u00f3wnie\u017c letnim mistrzem Norwegii. Zim\u0105 zanotowa\u0142 cztery starty w P\u015a, dwukrotnie zdoby\u0142 punkty. Cz\u0119\u015bciej skaka\u0142 w Pucharze Kontynentalnym, gdzie najwy\u017cej by\u0142 sz\u00f3sty w Wi\u015ble. Potem wyniki mia\u0142 ju\u017c s\u0142absze. Poza tym, jego my\u015bli by\u0142y daleko od \u015bnie\u017cnej Skandynawii. W 2011 r. sko\u0144czy\u0142 ze skokami na dobre. \u2014 To wszystko powoli zacz\u0119\u0142o mnie m\u0119czy\u0107. Wiadomo, \u017ce gdy co\u015b nie idzie po twojej my\u015bli, to motywacja spada \u2014 t\u0142umaczy.<\/p>\n<p> Jedyne czego chcia\u0142, to nurkowa\u0107. Cel: 100 tys. koron<\/p>\n<p class=\"ods-c-paragraph \">\u2014 Mia\u0142em 27 lat, \u017cadnej pracy czy wy\u017cszego wykszta\u0142cenia. Jedyne, czego chcia\u0142em to nurkowa\u0107. Wiedzia\u0142em jednak, \u017ce na start musz\u0119 mie\u0107 troch\u0119 oszcz\u0119dno\u015bci. Za\u0142o\u017cy\u0142em, \u017ce do czasu uko\u0144czenia trzydziestki, chcia\u0142bym uzbiera\u0107 100 tys. koron, w tamtym czasie by\u0142o to ok. 12 tys. dol.<\/p>\n<p class=\"ods-c-paragraph \">Najpierw pomaga\u0142 tacie w stolarni, p\u00f3\u017aniej w minimarkecie zatrudni\u0142 go kolega ze skoczni, Fredrik Bjerkeengen. Po roku awansowa\u0142 na kierownika. Doje\u017cd\u017ca\u0142 do pracy rowerem i prowadzi\u0142 oszcz\u0119dne \u017cycie. Dwa miesi\u0105ce przed trzydziestk\u0105 osi\u0105gn\u0105\u0142 sw\u00f3j cel.<\/p>\n<p class=\"ods-c-paragraph \">Najpierw znalaz\u0142 prac\u0119 w Indonezji jako Divemaster. M\u00f3g\u0142 nadzorowa\u0107 i prowadzi\u0107 samodzielne nurkowania, ale nie mia\u0142 jeszcze uprawnie\u0144, by uczy\u0107 innych tej sztuki. P\u00f3\u017aniej przez chwil\u0119 mieszka\u0142 Filipinach, jaki\u015b czas na malezyjskiej wyspie Pom Pom, na Malediwach, w Meksyku i Zanzibarze.<\/p>\n<p class=\"ods-c-paragraph \">Obecnie od trzech lat \u017cyje w Tajlandii, w Ao Nang. \u2014 Samo miasteczko jest do\u015b\u0107 zat\u0142oczone i raczej w nim nie bywam, ale tu, gdzie mieszkamy, jest spokojnie, a krajobraz jest przepi\u0119kny. Tu\u017c za moim domem kr\u0119cili ostatni\u0105 cz\u0119\u015b\u0107 &#8222;Parku Jurajskiego&#8221;, a tak\u017ce niekt\u00f3re sceny z &#8222;Szybkich i W\u015bciek\u0142ych 9&#8221; \u2014 opowiada.<\/p>\n<p class=\"ods-c-paragraph \">\u2014 Czasem s\u0142ysz\u0119, \u017ce wykonuj\u0105 wakacyjn\u0105 prac\u0119, ale to prawdziwa praca fizyczna, kt\u00f3ra czasem daje si\u0119 we znaki. Zarobki? My\u015bl\u0119, \u017ce nie do ko\u0144ca chodzi o to, ile zarabiasz, ale, ile jeste\u015b w stanie zaoszcz\u0119dzi\u0107. Tutaj \u017cycie jest o wiele ta\u0144sze. Gdy kto\u015b m\u00f3wi, \u017ce zarabia 10 tys. euro, pytam, ile jest w stanie z tego zaoszcz\u0119dzi\u0107 i w\u0142a\u015bciwie wychodzi na to samo. Mam sw\u00f3j cel oszcz\u0119dno\u015bciowy, op\u0142acam sk\u0142adki i ubezpieczenia, a na koniec mog\u0119 sobie pozwoli\u0107 na ca\u0142kiem fajne wakacje, wi\u0119c chyba wychodzi nie\u017ale \u2014 s\u0142yszymy.<\/p>\n<p class=\"ods-c-paragraph \">Dzi\u015b Akseli jest ju\u017c nie tylko Divemasterem, ale i instruktorem. Niedawno rozpocz\u0105\u0142 tak\u017ce nowy projekt \u2014 Cinematicdepths jako podwodny fotograf i operator. Jak sam reklamuje swoj\u0105 dzia\u0142alno\u015b\u0107, chodzi o uchwycenie \u017cycia morskiego i przyg\u00f3d na rafach koralowych. Kadry, kt\u00f3re mo\u017cna znale\u017a\u0107 w jego mediach spo\u0142eczno\u015bciowych, robi\u0105 du\u017ce wra\u017cenie.<\/p>\n<p class=\"ods-c-paragraph \">\u2014 A\u017c do tego roku pracowa\u0142em dla r\u00f3\u017cnych firm, ale troch\u0119 mnie to zm\u0119czy\u0142o. Stwierdzi\u0142em, \u017ce po raz kolejny zaryzykuj\u0119 i w pe\u0142ni skupi\u0142em si\u0119 na nauce filmowania. Robi\u0119 to co prawda od dziesi\u0119ciu lat, ale chcia\u0142em by\u0107 jeszcze lepszy. Zna mnie tu wiele os\u00f3b, wi\u0119c co jaki\u015b czas otrzymuj\u0119 zlecenia przeprowadzenia r\u00f3\u017cnych kurs\u00f3w. Sta\u0142em si\u0119 freelancerem \u2014 m\u00f3wi.<\/p>\n<p>   Najwi\u0119kszy postrach? &#8222;Ryba, kt\u00f3rej ka\u017cdy si\u0119 boi&#8221;<\/p>\n<p class=\"ods-c-paragraph \">Pod wod\u0105 dokumentuje m.in. rekiny, cho\u0107 jak t\u0142umaczy, to wcale nie one budz\u0105 najwi\u0119kszy postrach w\u015br\u00f3d nurk\u00f3w. \u2014 M\u00f3g\u0142bym poda\u0107 mn\u00f3stwo fakt\u00f3w o rekinach, bo wsp\u00f3\u0142pracujemy z organizacj\u0105 Shark Guardian. A\u017c 97 proc. z nich jest nieszkodliwych dla ludzi. Zobacz, ile os\u00f3b ginie przez ataki rekin\u00f3w, podczas gdy p\u0142ywaj\u0105 z nimi miliony \u2014 t\u0142umaczy.<\/p>\n<p class=\"ods-c-paragraph \">\u2014 Jest za to inna ryba, kt\u00f3rej ka\u017cdy si\u0119 boi \u2014 rogatnica zielonkawa. Ta, kt\u00f3ra mnie zaatakowa\u0142a, mia\u0142a jakie\u015b 40 cm. Ugryz\u0142a mnie, przebi\u0142a \u017cy\u0142y. Musia\u0142em mocno j\u0105 uderzy\u0107. Jest te\u017c wiele jadowitych stworze\u0144, ale to nie ryby. O\u015bmiornica b\u0142\u0119kitna mo\u017ce zabi\u0107 27 os\u00f3b jednym uk\u0105szeniem, ale przede wszystkim pilnuje swojego nosa. Tak samo z w\u0119\u017cami morskimi. Mo\u017cesz podp\u0142yn\u0105\u0107 bardzo blisko, a one nic nie zrobi\u0105. Z drugiej strony widz\u0119, jak ludzie staj\u0105 na p\u0142aszczkach czy skorpenach. To bardzo bolesne. Kluczowa zasada brzmi: nie dotykaj, a b\u0119dziesz bezpieczny \u2014 m\u00f3wi.<\/p>\n<p class=\"ods-c-paragraph \">Nie zawsze si\u0119 jednak sprawdza, bo sam Akseli wspomina, \u017ce trafi\u0142 do szpitala po tym, jak wok\u00f3\u0142 jego ramienia owin\u0119\u0142a si\u0119 meduza. \u2014 Nie mog\u0142em jej zdj\u0105\u0107. To by\u0142a do\u015b\u0107 powa\u017cna sprawa, ale leki pomog\u0142y. Inna sprawa to to, \u017ce nie raz nurkowa\u0142em chory albo z r\u00f3\u017cnymi ranami. Nie by\u0142o to zbyt m\u0105dre, ale gdy robisz to zawodowo, nie ma innego wyj\u015bcia. P\u00f3\u017aniej skaleczenia robi\u0142y si\u0119 do\u015b\u0107 paskudne, wdawa\u0142y si\u0119 infekcje, ale na og\u00f3\u0142 nie by\u0142o to nic powa\u017cnego \u2014 s\u0142yszymy.<\/p>\n<p class=\"ods-c-paragraph \">Dzi\u015b ma na swoim koncie ponad 4 tys. nurkowa\u0144. \u2014 Im cz\u0119\u015bciej to robisz, tym staje si\u0119 \u0142atwiejsze. My nurkowie lubimy m\u00f3wi\u0107 o stawaniu si\u0119 jedno\u015bci\u0105 z wod\u0105. B\u0119d\u0105c pod wod\u0105, nie czujesz r\u00f3\u017cnicy \u2014 taki jest cel \u2014 t\u0142umaczy.<\/p>\n<p class=\"ods-c-paragraph \">Doskonale wie, jak pracowa\u0107 z lud\u017ami, wyczuwa, gdy u kursanta pojawia si\u0119 zbyt du\u017co stresu. Chce, by inni widzieli w nim takiego instruktora, jakiego on sam pozna\u0142 ponad 20 lat temu. Przy okazji szkoli te\u017c koleg\u00f3w ze skoczni. Kurs odby\u0142 u niego Manuel Fettner, kt\u00f3ry odwiedzi\u0142 go razem ze swoj\u0105 partnerk\u0105 Lis\u0105 Eder. Z odwiedzinami przybywali te\u017c jego rodacy.<\/p>\n<p class=\"ods-c-paragraph \">\u2014 To co zosta\u0142o mi po skokach, to na pewno wielu przyjaci\u00f3\u0142. My\u015bl\u0119, \u017ce sport nauczy\u0142 mnie te\u017c dyscypliny, da\u0142 mi dobre narz\u0119dzia do u\u017cywania w p\u00f3\u017aniejszym \u017cyciu \u2014 ko\u0144czy.<\/p>\n","protected":false},"excerpt":{"rendered":"\u2014 Dwa tygodnie przed swoim ostatnim wyst\u0119pem zn\u00f3w mia\u0142em wypadek i chyba po raz kolejny dozna\u0142em wstrz\u0105\u015bni\u0119cia m\u00f3zgu.&hellip;\n","protected":false},"author":2,"featured_media":234930,"comment_status":"","ping_status":"","sticky":false,"template":"","format":"standard","meta":{"footnotes":"","_share_on_mastodon":"0"},"categories":[24],"tags":[48,42526,46,42,38,40,39,41,28861,47,1874,127,126,5777,15848],"class_list":["post-234929","post","type-post","status-publish","format-standard","has-post-thumbnail","category-sport","tag-nat_styl","tag-nurkowanie","tag-omp","tag-pl","tag-poland","tag-polish","tag-polska","tag-polski","tag-ps_omp_tst0","tag-screening_general","tag-skoki_narciarskie","tag-sport","tag-sports","tag-sporty_zimowe","tag-tajlandia"],"share_on_mastodon":{"url":"https:\/\/pubeurope.com\/@pl\/115988433816944767","error":""},"_links":{"self":[{"href":"https:\/\/www.europesays.com\/pl\/wp-json\/wp\/v2\/posts\/234929","targetHints":{"allow":["GET"]}}],"collection":[{"href":"https:\/\/www.europesays.com\/pl\/wp-json\/wp\/v2\/posts"}],"about":[{"href":"https:\/\/www.europesays.com\/pl\/wp-json\/wp\/v2\/types\/post"}],"author":[{"embeddable":true,"href":"https:\/\/www.europesays.com\/pl\/wp-json\/wp\/v2\/users\/2"}],"replies":[{"embeddable":true,"href":"https:\/\/www.europesays.com\/pl\/wp-json\/wp\/v2\/comments?post=234929"}],"version-history":[{"count":0,"href":"https:\/\/www.europesays.com\/pl\/wp-json\/wp\/v2\/posts\/234929\/revisions"}],"wp:featuredmedia":[{"embeddable":true,"href":"https:\/\/www.europesays.com\/pl\/wp-json\/wp\/v2\/media\/234930"}],"wp:attachment":[{"href":"https:\/\/www.europesays.com\/pl\/wp-json\/wp\/v2\/media?parent=234929"}],"wp:term":[{"taxonomy":"category","embeddable":true,"href":"https:\/\/www.europesays.com\/pl\/wp-json\/wp\/v2\/categories?post=234929"},{"taxonomy":"post_tag","embeddable":true,"href":"https:\/\/www.europesays.com\/pl\/wp-json\/wp\/v2\/tags?post=234929"}],"curies":[{"name":"wp","href":"https:\/\/api.w.org\/{rel}","templated":true}]}}