{"id":234961,"date":"2026-01-31T07:22:08","date_gmt":"2026-01-31T07:22:08","guid":{"rendered":"https:\/\/www.europesays.com\/pl\/234961\/"},"modified":"2026-01-31T07:22:08","modified_gmt":"2026-01-31T07:22:08","slug":"wielka-forma-37-latki-wygrala-australian-open","status":"publish","type":"post","link":"https:\/\/www.europesays.com\/pl\/234961\/","title":{"rendered":"Wielka forma 37-latki. Wygra\u0142a Australian Open"},"content":{"rendered":"\n<p class=\"contentpart contentpart--default contentpart--text\" data-position=\"0\">Na koniec minionego sezonu <a href=\"https:\/\/sportowefakty.wp.pl\/tenis\/elise-mertens\" rel=\"nofollow noopener\" target=\"_blank\">Elise Mertens<\/a>\u00a0wygra\u0142a zmagania w turnieju WTA Finals wsp\u00f3lnie z Weronik\u0105 Kudermetow\u0105. Rosjanka nie przyst\u0105pi\u0142a jednak do tegorocznego wielkoszlemowego Australian Open, a Belgijka po\u0142\u0105czy\u0142a si\u0142y z <a href=\"https:\/\/sportowefakty.wp.pl\/tenis\/shuai-zhang\" rel=\"nofollow noopener\" target=\"_blank\">Shuai Zhang<\/a>.<\/p>\n<p class=\"contentpart contentpart--default contentpart--text\" data-position=\"1\">Chinka ju\u017c na starcie nowego sezonu zdoby\u0142a deblowy tytu\u0142 w Adelajdzie. 37-latka posz\u0142a za ciosem tak\u017ce w Melbourne, gdzie razem z Mertens nie mia\u0142y sobie r\u00f3wnych. W finale duet ten pokona\u0142 <a href=\"https:\/\/sportowefakty.wp.pl\/tenis\/anna-danilina\" rel=\"nofollow noopener\" target=\"_blank\">Ann\u0119 Danilin\u0119<\/a>\u00a0i <a href=\"https:\/\/sportowefakty.wp.pl\/tenis\/aleksandra-krunic\" rel=\"nofollow noopener\" target=\"_blank\">Aleksandr\u0119 Kruni\u0107<\/a>\u00a07:6(4), 6:4.<\/p>\n<p>  <img decoding=\"async\" src=\"https:\/\/v.wpimg.pl\/X3dwLnN2d1IFFTpdYUl6R0ZNbgcnEHQREVV2TGEGbUtRT2MdOlZ2RBQUKABgQjQcDRotCStBd1IAAWMeIlM7VgwYIAorQAdEFFk_GCkQJQ\" alt=\"\" width=\"45\" height=\"58\" loading=\"lazy\"\/>  <\/p>\n<p class=\"contentpart contentpart--default contentpart--text\" data-position=\"2\">ZOBACZ WIDEO: Mocne s\u0142owa Igi \u015awi\u0105tek na konferencji! Nie gryz\u0142a si\u0119 w j\u0119zyk!<\/p>\n<p class=\"contentpart contentpart--default contentpart--text\" data-position=\"4\">Premierowa ods\u0142ona rozpocz\u0119\u0142a si\u0119 znakomicie dla reprezentantki Kazachstanu i Serbki, poniewa\u017c prowadzi\u0142y 3:0 z przewag\u0105 dw\u00f3ch prze\u0142ama\u0144. Jednak Chinka i Belgijka by\u0142y w stanie odrobi\u0107 strat\u0119 (4:4).<\/p>\n<p class=\"contentpart contentpart--default contentpart--text\" data-position=\"5\">Ostatecznie dosz\u0142o do tego, \u017ce w dwunastym gemie Mertens i Zhang wypracowa\u0142y dwie pi\u0142ki setowe. Jednak \u017cadnej nie wykorzysta\u0142y, wobec czego dosz\u0142o do tie-breaka.<\/p>\n<p class=\"contentpart contentpart--default contentpart--text\" data-position=\"6\">W nim zanosi\u0142o si\u0119 na zwyci\u0119stwo do zera. W ko\u0144cu Belgijka i Chinka prowadzi\u0142y a\u017c 6-0, co da\u0142o im mn\u00f3stwo pi\u0142ek setowych. Cho\u0107 reprezentantka Kazachstanu i Serbka obroni\u0142y cztery, to skapitulowa\u0142y przy w\u0142asnym podaniu i przegra\u0142y 4-7.<\/p>\n<p>  <img decoding=\"async\" src=\"https:\/\/v.wpimg.pl\/X3dwLnN2d1IFFTpdYUl6R0ZNbgcnEHQREVV2TGEGbUtRT2MdOlZ2RBQUKABgQjQcDRotCStBd1IAAWMeIlM7VgwYIAorQAdEFFk_GCkQJQ\" alt=\"\" width=\"45\" height=\"58\" loading=\"lazy\"\/>  <\/p>\n<p class=\"contentpart contentpart--default contentpart--text\" data-position=\"7\">Mertens i Zhang posz\u0142y za ciosem na starcie II seta, zdobywaj\u0105c prze\u0142amanie. Nast\u0119pnie obroni\u0142y break pointa, a chwil\u0119 p\u00f3\u017aniej same go wypracowa\u0142y i wykorzysta\u0142y, odskakuj\u0105c ju\u017c na 3:0.<\/p>\n<p class=\"contentpart contentpart--default contentpart--text\" data-position=\"8\">Po kolejnym prze\u0142amaniu, tym razem w pi\u0105tym gemie, Belgijka i Chinka prowadzi\u0142y 5:0 i serwowa\u0142y na zako\u0144czenie turnieju. Jednak Danilina i Kruni\u0107 by\u0142y w stanie odrobi\u0107 cz\u0119\u015b\u0107 strat, a nawet obroni\u0142y dwie pi\u0142ki meczowe.<\/p>\n<p class=\"contentpart contentpart--default contentpart--text\" data-position=\"9\">Ostatecznie reprezentantka Kazachstanu i Serbka wygra\u0142y cztery gemy z rz\u0119du, lecz potrzebowa\u0142y jeszcze jednego prze\u0142amania. Jednak w kluczowym momencie Mertens i Zhang utrzyma\u0142y podanie do zera, ostatecznie zdobywaj\u0105c tytu\u0142.<\/p>\n<p class=\"contentpart contentpart--default contentpart--text\" data-position=\"10\">Dla Zhang to drugi tytu\u0142 w tym sezonie, ale zdecydowanie wi\u0119kszy ni\u017c ten w Adelajdzie. 37-latka wygra\u0142a sw\u00f3j trzeci turniej wielkoszlemowy, powtarzaj\u0105c w Melbourne sw\u00f3j wynik z 2019 roku. Z kolei Belgijka po raz pi\u0105ty w karierze triumfowa\u0142a w tak wielkiej imprezie, a trzeci w Australii.<\/p>\n<p>  <img decoding=\"async\" src=\"https:\/\/v.wpimg.pl\/X3dwLnN2d1IFFTpdYUl6R0ZNbgcnEHQREVV2TGEGbUtRT2MdOlZ2RBQUKABgQjQcDRotCStBd1IAAWMeIlM7VgwYIAorQAdEFFk_GCkQJQ\" alt=\"\" width=\"45\" height=\"58\" loading=\"lazy\"\/>  <\/p>\n<p class=\"contentpart contentpart--default contentpart--text\" data-position=\"11\"><a href=\"https:\/\/sportowefakty.wp.pl\/tenis\/australian-open\" rel=\"nofollow noopener\" target=\"_blank\">Australian Open<\/a>:<\/p>\n<p class=\"contentpart contentpart--default contentpart--text\" data-position=\"12\">fina\u0142 gry podw\u00f3jnej:<\/p>\n<p class=\"contentpart contentpart--default contentpart--text\" data-position=\"13\">Elise Mertens (Belgia, 4) \/ Shuai Zhang (Chiny, 4) &#8211; Anna Danilina (Kazachstan, 7) \/ Aleksandra Kruni\u0107 (Serbia, 7)\u00a07:6(4), 6:4<\/p>\n","protected":false},"excerpt":{"rendered":"Na koniec minionego sezonu Elise Mertens\u00a0wygra\u0142a zmagania w turnieju WTA Finals wsp\u00f3lnie z Weronik\u0105 Kudermetow\u0105. Rosjanka nie przyst\u0105pi\u0142a&hellip;\n","protected":false},"author":2,"featured_media":234962,"comment_status":"","ping_status":"","sticky":false,"template":"","format":"standard","meta":{"footnotes":"","_share_on_mastodon":"0"},"categories":[5],"tags":[42528,42529,995,31706,38796,32,33,6076,36,37,27,34,35,31705,28,31,25,42,38,40,39,41,6072,156,29,30,26,37628,157],"class_list":["post-234961","post","type-post","status-publish","format-standard","has-post-thumbnail","category-naglowki","tag-aleksandra-krunic","tag-anna-danilina","tag-australia","tag-australian-open","tag-australian-open-kobiety","tag-breaking-news","tag-breakingnews","tag-elise-mertens","tag-featured-news","tag-featurednews","tag-headlines","tag-latest-news","tag-latestnews","tag-melbourne","tag-naglowki","tag-najwazniejsze-artykuly","tag-news","tag-pl","tag-poland","tag-polish","tag-polska","tag-polski","tag-shuai-zhang","tag-tenis","tag-top-stories","tag-topstories","tag-wiadomosci","tag-wielki-szlem","tag-wta"],"share_on_mastodon":{"url":"https:\/\/pubeurope.com\/@pl\/115988512513010437","error":""},"_links":{"self":[{"href":"https:\/\/www.europesays.com\/pl\/wp-json\/wp\/v2\/posts\/234961","targetHints":{"allow":["GET"]}}],"collection":[{"href":"https:\/\/www.europesays.com\/pl\/wp-json\/wp\/v2\/posts"}],"about":[{"href":"https:\/\/www.europesays.com\/pl\/wp-json\/wp\/v2\/types\/post"}],"author":[{"embeddable":true,"href":"https:\/\/www.europesays.com\/pl\/wp-json\/wp\/v2\/users\/2"}],"replies":[{"embeddable":true,"href":"https:\/\/www.europesays.com\/pl\/wp-json\/wp\/v2\/comments?post=234961"}],"version-history":[{"count":0,"href":"https:\/\/www.europesays.com\/pl\/wp-json\/wp\/v2\/posts\/234961\/revisions"}],"wp:featuredmedia":[{"embeddable":true,"href":"https:\/\/www.europesays.com\/pl\/wp-json\/wp\/v2\/media\/234962"}],"wp:attachment":[{"href":"https:\/\/www.europesays.com\/pl\/wp-json\/wp\/v2\/media?parent=234961"}],"wp:term":[{"taxonomy":"category","embeddable":true,"href":"https:\/\/www.europesays.com\/pl\/wp-json\/wp\/v2\/categories?post=234961"},{"taxonomy":"post_tag","embeddable":true,"href":"https:\/\/www.europesays.com\/pl\/wp-json\/wp\/v2\/tags?post=234961"}],"curies":[{"name":"wp","href":"https:\/\/api.w.org\/{rel}","templated":true}]}}