{"id":235584,"date":"2026-01-31T14:50:13","date_gmt":"2026-01-31T14:50:13","guid":{"rendered":"https:\/\/www.europesays.com\/pl\/235584\/"},"modified":"2026-01-31T14:50:13","modified_gmt":"2026-01-31T14:50:13","slug":"wlasciciel-widzewa-moze-przebic-swoje-rekordy-przepisy-oto-sposob","status":"publish","type":"post","link":"https:\/\/www.europesays.com\/pl\/235584\/","title":{"rendered":"W\u0142a\u015bciciel Widzewa mo\u017ce przebi\u0107 swoje rekordy! Przepisy? Oto spos\u00f3b"},"content":{"rendered":"<p>W pi\u0105tek wznowi\u0142a rozgrywki Ekstraklasa. Zimowe okno min\u0119\u0142o dot\u0105d pod znakiem niesamowitych transfer\u00f3w Widzewa. Wydaje niespotykane dot\u0105d w Ekstraklasie pieni\u0105dze. I to zim\u0105, gdy kluby zwykle bardziej spektakularne transfery przeprowadzaj\u0105 latem. W czwartek og\u0142osi\u0142 pozyskanie reprezentacyjnego obro\u0144cy Przemys\u0142awa Wi\u015bniewskiego z w\u0142oskiej Spezii.<\/p>\n<p>Wcze\u015bniej \u015bci\u0105gn\u0105\u0142 sze\u015bciu innych pi\u0142karzy, w tym innego reprezentanta Polski, bramkarza Bart\u0142omieja Dr\u0105gowskiego i pobi\u0142 rekord transferowy Ekstraklasy, p\u0142ac\u0105c 5,5 mln euro za Osmana Bukariego. \u0141\u0105cznie wed\u0142ug portalu Transfermarkt zim\u0105 wyda\u0142 na transfery a\u017c 13,7 mln euro, czyli tyle ile&#8230; w tym czasie wszystkie hiszpa\u0144skie kluby razem wzi\u0119te.<\/p>\n<p>Tamtejsi dzia\u0142acze musz\u0105 si\u0119 jednak mocno pilnowa\u0107 z wydatkami, bo s\u0105 mocno kontrolowani przez lig\u0119. W Polsce podobnie jak w ca\u0142ej Europie obowi\u0105zuj\u0105 ograniczenia narzucane przez UEFA, one wynikaj\u0105 te\u017c z przepis\u00f3w PZPN. Teoretycznie maj\u0105 zapobiega\u0107 sytuacji, w kt\u00f3rej bardzo bogaty w\u0142a\u015bciciel, pompuje w klub gigantyczne pieni\u0105dze, znacznie przewy\u017cszaj\u0105ce inne przychody klubu z &#8222;normalnych&#8221; \u017ar\u00f3de\u0142. Sytuacja jest jednak z\u0142o\u017cona.<\/p>\n<p class=\"ods-c-paragraph \">Patrz\u0105c cho\u0107by na Paris Saint-Germain czy Manchester City, mo\u017cna oczywi\u015bcie zastanawia\u0107 si\u0119, w jakim stopniu te przepisy s\u0105 efektywne, ale w jaki\u015b spos\u00f3b ograniczaj\u0105 w\u0142a\u015bcicieli tych klub\u00f3w z Bliskiego Wschodu.<\/p>\n<p>Widzew dzia\u0142a jak szejkowie<\/p>\n<p class=\"ods-c-paragraph \">W Ekstraklasie szejk\u00f3w nie mamy, ale tak\u0105 rol\u0119 w pewnym stopniu pe\u0142ni teraz w\u0142a\u015bciciel Widzewa Robert Dobrzycki. Ostatnim szefem klubu, kt\u00f3ry zim\u0105 dzia\u0142a\u0142 z takim rozmachem, by\u0142 Bogus\u0142aw Cupia\u0142, gdy przej\u0105\u0142 Wis\u0142\u0119 Krak\u00f3w w sezonie 1997\/98. \u015aci\u0105gn\u0105\u0142 w\u00f3wczas o\u015bmiu znanych pi\u0142karzy, ale i Bia\u0142a Gwiazda nie wydawa\u0142a tyle co Widzew, cho\u0107 oczywi\u015bcie wtedy by\u0142y inne realia.<\/p>\n<p> <img decoding=\"async\" src=\"https:\/\/www.europesays.com\/pl\/wp-content\/uploads\/2026\/01\/ezzk9lBaHR0cHM6Ly9vY2RuLmV1L3B1bHNjbXMvTURBXy81ZjMyNTdlOWQ5ZWIyOWYzNDM0MGRlZWZkNjNmYzM4OS5qcGeRlQLNB.jpeg\" height=\"627\" width=\"940\" style=\"min-height:627px;\" alt=\"Widzew \u0141\u00f3d\u017a zn\u00f3w ma by\u0107 pot\u0119g\u0105\" loading=\"lazy\" class=\"ods-c-image__img ods-c-image__img--viewport-width\"\/> <\/p>\n<p>Widzew \u0141\u00f3d\u017a zn\u00f3w ma by\u0107 pot\u0119g\u0105Marcin Bryja \/ newspix.pl<\/p>\n<p class=\"ods-c-paragraph \">Po tych transferach dru\u017cyna broni\u0105ca si\u0119 jesieni\u0105 przed spadkiem zako\u0144czy\u0142a sezon na trzecim miejscu. Teraz Dobrzycki liczy pewnie na podobny scenariusz, z t\u0105 r\u00f3\u017cnic\u0105, \u017ce on ju\u017c sporo wydawa\u0142 latem, a efektem tego by\u0142o miejsce tu\u017c nad stref\u0105 spadkow\u0105 po rundzie jesiennej.<\/p>\n<p class=\"ods-c-paragraph \">Za czas\u00f3w Cupia\u0142a inne by\u0142y te\u017c przepisy. A o tym, jaki wp\u0142yw maj\u0105 one na Widzew, m\u00f3wi nam adwokat Adam Zakrzewski z kancelarii Cha\u0142as i Wsp\u00f3lnicy. \u2014 Polskie kluby s\u0105 ograniczone w mo\u017cliwo\u015bci wydatkowania przez przepisy licencyjne zar\u00f3wno Polskiego Zwi\u0105zku Pi\u0142ki No\u017cnej, jak i przepisy UEFA. Te ostatnie odnosz\u0105 si\u0119 jednak do dru\u017cyn, kt\u00f3re zakwalifikuj\u0105 si\u0119 w danym sezonie do faz ligowych poszczeg\u00f3lnych rozgrywek (cho\u0107 trzeba zaznaczy\u0107, \u017ce de facto proces licencyjny UEFA musz\u0105 przej\u015b\u0107 wszystkie dru\u017cyny uczestnicz\u0105ce w eliminacjach jako potencjalni uczestnicy faz ligowych). Nie m\u00f3wimy tutaj jednak oczywi\u015bcie o jakim\u015b z g\u00f3ry okre\u015blonym kwotowym ograniczeniu, a o relacji pomi\u0119dzy wydatkami klubu a jego przychodami \u2014 zaznacza.<\/p>\n<p class=\"ods-c-paragraph \">\u2014 Aby przej\u015b\u0107 proces licencyjny zar\u00f3wno przed przyst\u0105pieniem do rozgrywek krajowych, jak i europejskich, klub musi wykaza\u0107, \u017ce w okresie ostatnich trzech lat rachunkowych jego deficyt zysk\u00f3w do wydatk\u00f3w zwi\u0105zanych z pi\u0142k\u0105 no\u017cn\u0105 nie by\u0142 wy\u017cszy ni\u017c pi\u0119\u0107 milion\u00f3w euro (lub w przypadku licencji PZPN r\u00f3wnowarto\u015bci tej kwoty w z\u0142otych) \u2014 t\u0142umaczy.<\/p>\n<p class=\"ods-c-paragraph \">\u2014 Limit dotyczy zar\u00f3wno klub\u00f3w startuj\u0105cych w rozgrywkach europejskich, jak i rozgrywkach Ekstraklasy. Kluby startuj\u0105ce w rozgrywkach UEFA w danym sezonie przechodz\u0105 wi\u0119c proces licencyjny tak naprawd\u0119 dwukrotnie \u2014 badane s\u0105 zar\u00f3wno przez odpowiednie organy polskiego zwi\u0105zku, jak i europejskiej federacji \u2014 dodaje.<\/p>\n<p class=\"ods-c-paragraph \">Oznacza to, \u017ce Widzew je\u015bli nawet w tym sezonie nie zbilansuje wydatk\u00f3w i przychod\u00f3w, to nie musi si\u0119 martwi\u0107, je\u015bli nie wyr\u00f3wna te pozycje w ci\u0105gu trzech lat [dopuszany jest deficyt na poziomie 5 mln euro]. \u2014 Widzew b\u0119dzie musia\u0142 albo podpisa\u0107 du\u017ce umowy sponsorskie, albo sprzedawa\u0107 drogo pi\u0142karzy, na co zapewne liczy i wierzy, \u017ce w trzy lata wyr\u00f3wna poziom przychod\u00f3w i wydatk\u00f3w \u2014 przewiduje mec. Zakrzewski.<\/p>\n<p> <img decoding=\"async\" src=\"https:\/\/www.europesays.com\/pl\/wp-content\/uploads\/2026\/01\/EFFk9lGaHR0cHM6Ly9vY2RuLmV1L3B1bHNjbXMvTURBXy8xMzFjNWJkMS0xN2IzLTQzZjktOTljZC00Zjc3NzYxNTZlMDQuanBlZ.jpeg\" height=\"626\" width=\"940\" style=\"min-height:626px;\" alt=\"Widzew ma sta\u0107 si\u0119 pot\u0119g\u0105 w Polsce i Europie\" loading=\"lazy\" class=\"ods-c-image__img ods-c-image__img--viewport-width\"\/> <\/p>\n<p>Widzew ma sta\u0107 si\u0119 pot\u0119g\u0105 w Polsce i EuropieMarcin Bryja \/ 400mm<\/p>\n<p> Jak mo\u017cna obej\u015b\u0107 przepisy<\/p>\n<p class=\"ods-c-paragraph \">Oczywi\u015bcie kluby, i to te najwi\u0119ksze, obchodz\u0105 ograniczenia podpisuj\u0105c umowy sponsorskie z firmami nale\u017c\u0105cymi lub maj\u0105cymi zwi\u0105zki z w\u0142a\u015bcicielami, np. Manchester City ma umow\u0119 z liniami lotniczymi ze Zjednoczonych Emirat\u00f3w Arabskich Etihad Airways, a PSG z Qatar Airways. Na tej zasadzie Widzew m\u00f3g\u0142by podpisa\u0107 lukratywny kontrakt z firm\u0105 Dobrzyckiego Panattoni.<\/p>\n<p class=\"ods-c-paragraph \">\u2014 W przypadku podmiot\u00f3w powi\u0105zanych badana jest rynkowo\u015b\u0107 kwot takich um\u00f3w \u2014 zaznacza mec. Zakrzewski.<\/p>\n<p class=\"ods-c-paragraph \">Jest te\u017c furtka, kt\u00f3ra pozwala obej\u015b\u0107 ten przepis o pi\u0119ciu milionach. \u2014 Przepisy UEFA wprowadzaj\u0105 przy tym dodatkow\u0105 zasad\u0119, \u017ce je\u017celi deficyt pokrywany jest bezpo\u015brednio poprzez co\u015b, co mo\u017cemy okre\u015bli\u0107 wk\u0142adem w\u0142a\u015bcicielskim, to mo\u017ce on wynie\u015b\u0107 w badanym okresie nawet 60 milion\u00f3w euro. Przy czym wk\u0142ad w\u0142a\u015bcicielski jest rozumiany rygorystycznie jako \u015brodki, kt\u00f3re nie podlegaj\u0105 zobowi\u0105zaniu klubu do ich zwrotu \u2014 dodaje mecenas Zakrzewski.<\/p>\n<p class=\"ods-c-paragraph \">W polskich realiach jednak trudno z tej furtki skorzysta\u0107. \u2014 Bior\u0105c pod uwag\u0119 wym\u00f3g dla klub\u00f3w Ekstraklasy dzia\u0142ania poprzez form\u0119 sp\u00f3\u0142ki akcyjnej, tak naprawd\u0119 jedynym realnym wk\u0142adem w\u0142a\u015bcicielskim pozwalaj\u0105cym &#8222;ograniczy\u0107&#8221; limit wydatkowania mo\u017ce by\u0107 emisja nowych akcji i obj\u0119cie ich przez w\u0142a\u015bciciela w zamian za wk\u0142ad pieni\u0119\u017cny \u2014 t\u0142umaczy.<\/p>\n<p class=\"ods-c-paragraph \">Z raportu firny Grant Thornton, kt\u00f3ra prze\u015bwietli\u0142a finanse klub\u00f3w Ekstraklasy, wynika, \u017ce przychody Widzewa w sezonie 2024\/25 wynios\u0142y 64,1 mln z\u0142, czyli 15,2 mln euro przy obecnym kursie. W tym sezonie tylko na transfery przeznaczy\u0142 ju\u017c 20,7 mln euro (wg Transfermarkt).<\/p>\n<p>W sobot\u0119 pierwszy sprawdzian Widzewa<\/p>\n<p class=\"ods-c-paragraph \">Wydatki na transfery podlegaj\u0105 ograniczeniom, ale cz\u0119\u015b\u0107 innych ju\u017c nie. \u2014 Istnieje do\u015b\u0107 precyzyjnie okre\u015blony zakres wydatk\u00f3w, kt\u00f3re nie s\u0105 wliczane do przedstawianych powy\u017cej limit\u00f3w. Odnosz\u0105 si\u0119 one g\u0142\u00f3wnie do \u015brodk\u00f3w inwestowanych przez kluby w akademi\u0119, infrastruktur\u0119 treningow\u0105 oraz stadionow\u0105, jak r\u00f3wnie\u017c w rozw\u00f3j sekcji kobiecych. Ma to zapewni\u0107 klubom mo\u017cliwo\u015b\u0107 inwestowania w projekty d\u0142ugoterminowe oraz spo\u0142eczne, kt\u00f3re s\u0105 postrzegane przez federacje \u2014 bardzo s\u0142usznie zreszt\u0105 \u2014 jako po\u017c\u0105dane w pi\u0142ce \u2014 t\u0142umaczy mec. Zakrzewski.<\/p>\n<p class=\"ods-c-paragraph \">\u2014 Dodatkowo, zar\u00f3wno UEFA, jak i PZPN wprowadzaj\u0105 wym\u00f3g, aby koszty zespo\u0142u \u2014 kt\u00f3re w du\u017cym uproszczeniu oznaczaj\u0105 \u0142\u0105czn\u0105 warto\u015b\u0107 wynagrodze\u0144 pi\u0142karzy, trenera pierwszego zespo\u0142u i koszt\u00f3w po\u015brednik\u00f3w transferowych \u2014 nie przekracza\u0142y poziomu 70 proc. przychod\u00f3w operacyjnych klubu w danym sezonie  \u2014 dodaje.<\/p>\n<p class=\"ods-c-paragraph \">W sobot\u0119 tak wzmocniony Widzew przejdzie pierwszy test na boisku. Podejmuje Jagielloni\u0119 Bia\u0142ystok. Sprawdzian finans\u00f3w przyjdzie p\u00f3\u017aniej.<\/p>\n<p><a href=\"https:\/\/przegladsportowy.onet.pl\/pilka-nozna\/ekstraklasa\/skarb-kibica-przegladu-sportowego-ekstraklasa-wiosna-202526\/5we6s95\" target=\"_blank\" class=\"ods-c-linked-image\" rel=\"nofollow noopener\">  <img src=\"https:\/\/www.europesays.com\/pl\/wp-content\/uploads\/2026\/01\/tdtk9lBaHR0cHM6Ly9vY2RuLmV1L3B1bHNjbXMvTURBXy9kYTEyYjdjNzM0MGEwNmE1OGI4NTkzMjJhN2Y3OWY4Ni5wbmeRlQLNB.jpeg\" height=\"159\" width=\"940\" alt=\"            \" fetchpriority=\"auto\" loading=\"lazy\" decoding=\"async\" class=\"ods-c-image__img ods-c-linked-image__image\"\/>   <\/a><\/p>\n","protected":false},"excerpt":{"rendered":"W pi\u0105tek wznowi\u0142a rozgrywki Ekstraklasa. Zimowe okno min\u0119\u0142o dot\u0105d pod znakiem niesamowitych transfer\u00f3w Widzewa. Wydaje niespotykane dot\u0105d w&hellip;\n","protected":false},"author":2,"featured_media":235585,"comment_status":"","ping_status":"","sticky":false,"template":"","format":"standard","meta":{"footnotes":"","_share_on_mastodon":"0"},"categories":[5],"tags":[56,32,33,274,36,37,27,34,35,28,31,48,25,46,948,42,38,40,39,41,28861,47,29,30,3098,26,130,3469],"class_list":["post-235584","post","type-post","status-publish","format-standard","has-post-thumbnail","category-naglowki","tag-article_premium","tag-breaking-news","tag-breakingnews","tag-ekstraklasa","tag-featured-news","tag-featurednews","tag-headlines","tag-latest-news","tag-latestnews","tag-naglowki","tag-najwazniejsze-artykuly","tag-nat_styl","tag-news","tag-omp","tag-pilka_nozna","tag-pl","tag-poland","tag-polish","tag-polska","tag-polski","tag-ps_omp_tst0","tag-screening_general","tag-top-stories","tag-topstories","tag-uefa","tag-wiadomosci","tag-wiadomosci_sportowe","tag-widzew_lodz"],"share_on_mastodon":{"url":"https:\/\/pubeurope.com\/@pl\/115990274261327340","error":""},"_links":{"self":[{"href":"https:\/\/www.europesays.com\/pl\/wp-json\/wp\/v2\/posts\/235584","targetHints":{"allow":["GET"]}}],"collection":[{"href":"https:\/\/www.europesays.com\/pl\/wp-json\/wp\/v2\/posts"}],"about":[{"href":"https:\/\/www.europesays.com\/pl\/wp-json\/wp\/v2\/types\/post"}],"author":[{"embeddable":true,"href":"https:\/\/www.europesays.com\/pl\/wp-json\/wp\/v2\/users\/2"}],"replies":[{"embeddable":true,"href":"https:\/\/www.europesays.com\/pl\/wp-json\/wp\/v2\/comments?post=235584"}],"version-history":[{"count":0,"href":"https:\/\/www.europesays.com\/pl\/wp-json\/wp\/v2\/posts\/235584\/revisions"}],"wp:featuredmedia":[{"embeddable":true,"href":"https:\/\/www.europesays.com\/pl\/wp-json\/wp\/v2\/media\/235585"}],"wp:attachment":[{"href":"https:\/\/www.europesays.com\/pl\/wp-json\/wp\/v2\/media?parent=235584"}],"wp:term":[{"taxonomy":"category","embeddable":true,"href":"https:\/\/www.europesays.com\/pl\/wp-json\/wp\/v2\/categories?post=235584"},{"taxonomy":"post_tag","embeddable":true,"href":"https:\/\/www.europesays.com\/pl\/wp-json\/wp\/v2\/tags?post=235584"}],"curies":[{"name":"wp","href":"https:\/\/api.w.org\/{rel}","templated":true}]}}