{"id":235748,"date":"2026-01-31T17:29:16","date_gmt":"2026-01-31T17:29:16","guid":{"rendered":"https:\/\/www.europesays.com\/pl\/235748\/"},"modified":"2026-01-31T17:29:16","modified_gmt":"2026-01-31T17:29:16","slug":"juz-piec-minut-dziennie-wydluza-zycie-kardiolog-to-naprawde-dziala","status":"publish","type":"post","link":"https:\/\/www.europesays.com\/pl\/235748\/","title":{"rendered":"Ju\u017c pi\u0119\u0107 minut dziennie wyd\u0142u\u017ca \u017cycie. Kardiolog: to naprawd\u0119 dzia\u0142a"},"content":{"rendered":"\n<p class=\"ods-o-frame-in-text__paragraph\">W skr\u00f3cie:<\/p>\n<ul class=\"ods-m-bullet-list\">\n<li class=\"ods-a-bullet ods-a-bullet--normal\"> Ju\u017c pi\u0119\u0107 minut umiarkowanej aktywno\u015bci fizycznej dziennie obni\u017ca ryzyko zgonu, zw\u0142aszcza u os\u00f3b najmniej aktywnych \u2014 wynika z najnowszych bada\u0144 <\/li>\n<li class=\"ods-a-bullet ods-a-bullet--normal\"> Najwi\u0119ksze korzy\u015bci z kr\u00f3tkiego ruchu odnosz\u0105 osoby prowadz\u0105ce siedz\u0105cy tryb \u017cycia, starsze i z chorobami serca <\/li>\n<li class=\"ods-a-bullet ods-a-bullet--normal\"> Kr\u00f3tka aktywno\u015b\u0107 poprawia metabolizm, funkcj\u0119 \u015br\u00f3db\u0142onka i obni\u017ca ci\u015bnienie, co przek\u0142ada si\u0119 na lepsze zdrowie serca <\/li>\n<li class=\"ods-a-bullet ods-a-bullet--normal\"> Regularne przerwy w siedzeniu i skr\u00f3cenie czasu siedzenia nawet o 30 minut dziennie zmniejszaj\u0105 ryzyko zgonu o 3\u20137 proc. <\/li>\n<li class=\"ods-a-bullet ods-a-bullet--normal\"> \u015awiadoma, celowa aktywno\u015b\u0107 jest bardziej warto\u015bciowa ni\u017c przypadkowe ruchy podczas pracy <\/li>\n<\/ul>\n<p class=\"ods-c-paragraph \">Pi\u0119\u0107 dodatkowych minut umiarkowanej lub intensywnej aktywno\u015bci fizycznej dziennie \u2014 albo o p\u00f3\u0142 godziny mniej sp\u0119dzone na siedzeniu \u2014 mo\u017ce zapobiec nawet 10 proc. zgon\u00f3w \u2014 wynika z najnowszych bada\u0144 przeprowadzonych na ponad 150 tys. doros\u0142ych, kt\u00f3rych wyniki opublikowa\u0142 niedawno &#8222;The Lancet&#8221;. Pisali\u015bmy o nich kilka dni temu, przeczytaj: <a href=\"https:\/\/www.medonet.pl\/zdrowie\/zdrowie-dla-kazdego,piec-minut-ruchu-dziennie-wydluza-zycie--naukowcy-zaskakuja-wynikami-badan,artykul,46822311.html\" id=\"a8e08da4-c0a4-4eb3-b0fe-1570ffae00e7\" rel=\"nofollow noopener\" target=\"_blank\">Naukowcy potwierdzaj\u0105: ju\u017c pi\u0119\u0107 minut ruchu przynosi kolosalne efekty<\/a>.<\/p>\n<p class=\"ods-c-paragraph \">Czy rzeczywi\u015bcie pi\u0119\u0107 dodatkowych minut jest w stanie poprawi\u0107 stan naszego zdrowia? Dr hab. n. med. Micha\u0142 Hawranek, kardiolog, przekonuje w rozmowie z Medonetem, \u017ce te zalecenia ka\u017cdy z nas powinien wzi\u0105\u0107 sobie do serca.<\/p>\n<p class=\"ods-c-paragraph \">El\u017cbieta Glapiak, Medonet.pl: Czy z punktu widzenia kardiologa naprawd\u0119 ju\u017c pi\u0119\u0107 minut ruchu dziennie mo\u017ce realnie wp\u0142yn\u0105\u0107 na d\u0142ugo\u015b\u0107 \u017cycia i zdrowie serca?<\/p>\n<p class=\"ods-c-paragraph \">Dr hab. n. med. Micha\u0142 Hawranek: Wydaje si\u0119, \u017ce ju\u017c w samym pytaniu zawarta jest odpowied\u017a \u2014 trudno uwierzy\u0107, \u017ce zaledwie pi\u0119\u0107 minut mo\u017ce robi\u0107 r\u00f3\u017cnic\u0119. A jednak najnowsze, szeroko zakrojone analizy, kt\u00f3rymi obecnie dysponujemy i kt\u00f3re zosta\u0142y opublikowane w najlepszych czasopismach naukowych, takich jak &#8222;The Lancet&#8221;, pokazuj\u0105 co\u015b bardzo istotnego. Okazuje si\u0119, \u017ce ju\u017c pi\u0119\u0107 minut umiarkowanej aktywno\u015bci fizycznej wi\u0105\u017ce si\u0119 z istotnym spadkiem ryzyka zgonu z jakiejkolwiek przyczyny, w tym z przyczyn sercowo-naczyniowych.<\/p>\n<p class=\"ods-c-paragraph \">Dotyczy to przede wszystkim os\u00f3b z najmniej aktywnej grupy \u2014 to w\u0142a\u015bnie u nich korzy\u015bci s\u0105 najwi\u0119ksze. Szacuje si\u0119, \u017ce r\u00f3\u017cnica mo\u017ce wynosi\u0107 nawet oko\u0142o 10 proc., co oznacza, \u017ce w danej grupie co dziesi\u0105ta osoba mo\u017ce unikn\u0105\u0107 najpowa\u017cniejszego powik\u0142ania, jakim jest przedwczesna \u015bmier\u0107. My\u015bl\u0119, \u017ce to naprawd\u0119 dobra wiadomo\u015b\u0107, \u017ce nawet niewielkie zmiany stylu \u017cycia \u2014 takie jak pi\u0119\u0107 minut dodatkowej aktywno\u015bci czy skr\u00f3cenie czasu siedzenia o 30 minut \u2014 s\u0105 wyra\u017anie powi\u0105zane z istotn\u0105 popraw\u0105 zdrowia i redukcj\u0105 ryzyka.<\/p>\n<p class=\"ods-c-paragraph \">To do\u015b\u0107 mocny przekaz, kt\u00f3ry powinien trafi\u0107 do ka\u017cdego z nas, tym bardziej, \u017ce to du\u017co, prawda?<\/p>\n<p class=\"ods-c-paragraph \">Uwa\u017cam, \u017ce warto o tym powiedzie\u0107. Rozumiem, \u017ce liczby czasami nie przek\u0142adaj\u0105 si\u0119 na intuicyjne zrozumienie, ale w tym przypadku nawet niewielka r\u00f3\u017cnica daje bardzo du\u017cy efekt. Jako kardiolodzy, wiemy o tym dawna, \u017ce wysi\u0142ek fizyczny daje wymierne korzy\u015bci jednak skala tego wp\u0142ywu by\u0142a nawet dla mnie zaskakuj\u0105ca.<\/p>\n<p> Dalszy ci\u0105g artyku\u0142u pod materia\u0142em wideo    <\/p>\n<p> Jakie korzy\u015bci niesie pi\u0119\u0107 minut aktywno\u015bci fizycznej? <\/p>\n<p> Dla kogo pi\u0119\u0107 minut ruchu ma najwi\u0119ksze znaczenie? <\/p>\n<p> Jakie zmiany w zdrowiu mog\u0105 przynie\u015b\u0107 kr\u00f3tkie przerwy od siedzenia? <\/p>\n<p> Czy \u015bwiadoma aktywno\u015b\u0107 fizyczna jest lepsza od przypadkowego ruchu? <\/p>\n<p class=\"ods-c-paragraph \">Jakie mechanizmy w uk\u0142adzie kr\u0105\u017cenia uruchamia nawet kr\u00f3tka, kilkuminutowa aktywno\u015b\u0107 fizyczna?<\/p>\n<p class=\"ods-c-paragraph \">Korzy\u015bci wynikaj\u0105ce z wysi\u0142ku fizycznego s\u0105 wielokierunkowe. Musz\u0105 to by\u0107 oczywi\u015bcie mechanizmy wzajemnie ze sob\u0105 powi\u0105zane.<\/p>\n<p class=\"ods-c-paragraph \">Najwa\u017cniejsza jest aktywacja mi\u0119\u015bni szkieletowych, kt\u00f3re zaczynaj\u0105 zu\u017cywa\u0107 glukoz\u0119 w spos\u00f3b niezale\u017cny od <a href=\"https:\/\/www.medonet.pl\/magazyny\/wszystko-o-cukrzycy,insulina---badanie--normy--jak-podawac-insuline-,artykul,1570178.html\" id=\"6955de23-84bf-444a-85ce-49873cec03c3\" rel=\"nofollow noopener\" target=\"_blank\">insuliny<\/a>. To niezwykle istotny element kontroli gospodarki w\u0119glowodanowej, czyli glikemii, zw\u0142aszcza u os\u00f3b z <a href=\"https:\/\/www.medonet.pl\/magazyny\/wszystko-o-cukrzycy,objawy-insulinoopornosci--ktorych-nie-wolno-ignorowac--moga-byc-utajone-przez-dlugi-czas,artykul,79367520.html\" id=\"901e340c-afe9-4a08-955a-9a231d9d9305\" rel=\"nofollow noopener\" target=\"_blank\">insulinooporno\u015bci\u0105<\/a> oraz <a href=\"https:\/\/www.medonet.pl\/magazyny\/wszystko-o-cukrzycy,cukrzyca---rodzaje--przyczyny--objawy--leczenie,artykul,1580080.html\" id=\"0cee069a-19c6-4da9-a8b6-0ecfcf85646b\" rel=\"nofollow noopener\" target=\"_blank\">cukrzyc\u0105<\/a>. Dodatkowo prowadzi to do zmniejszenia zapotrzebowania na insulin\u0119, co stanowi kolejny mechanizm pozwalaj\u0105cy na redukcj\u0119 nadmiaru glukozy we krwi.<\/p>\n<p class=\"ods-c-paragraph \">R\u00f3wnocze\u015bnie poprawia si\u0119 funkcja \u015br\u00f3db\u0142onka \u2014 warstwy wy\u015bcie\u0142aj\u0105cej wszystkie naczynia krwiono\u015bne w organizmie. W przypadku t\u0119tnic funkcja \u015br\u00f3db\u0142onka ma fundamentalne znaczenie. Je\u015bli mieliby\u015bmy wskaza\u0107 jeden czynnik determinuj\u0105cy rozw\u00f3j powa\u017cnych chor\u00f3b, takich jak mia\u017cd\u017cyca, by\u0142by to w\u0142a\u015bnie stan \u015br\u00f3db\u0142onka oraz synteza tlenku azotu. Ta cz\u0105steczka pe\u0142ni niezwykle istotne funkcje ochronne, a aktywno\u015b\u0107 fizyczna zwi\u0119ksza jego wydzielanie.<\/p>\n<p class=\"ods-c-paragraph \">Istotny jest tak\u017ce wp\u0142yw na uk\u0142ad autonomiczny, kt\u00f3ry reguluje prac\u0119 ca\u0142ego uk\u0142adu kr\u0105\u017cenia. Dochodzi do obni\u017cenia napi\u0119cia uk\u0142adu wsp\u00f3\u0142czulnego, co skutkuje ni\u017cszym <a href=\"https:\/\/www.medonet.pl\/zdrowie,cisnienie-tetnicze---wszystko--co-nalezy-wiedziec,artykul,1731909.html\" id=\"5a557999-af36-44a1-8a4d-10983fd0477b\" rel=\"nofollow noopener\" target=\"_blank\">ci\u015bnieniem t\u0119tniczym<\/a>, mniejsz\u0105 cz\u0119sto\u015bci\u0105 akcji serca w spoczynku oraz s\u0142absz\u0105 reakcj\u0105 stresow\u0105, czyli niepotrzebn\u0105 mobilizacj\u0105 uk\u0142adu kr\u0105\u017cenia.<\/p>\n<p class=\"ods-c-paragraph \">Dlatego nawet kr\u00f3tkie epizody ruchu mog\u0105 mie\u0107 istotne znaczenie zdrowotne, mimo \u017ce nie s\u0105 klasycznie rozumianym treningiem. To w\u0142a\u015bnie tymi mechanizmami mo\u017cna t\u0142umaczy\u0107 obserwowany efekt i dane wskazuj\u0105ce na tak du\u017c\u0105 korzy\u015b\u0107 zdrowotn\u0105 wynikaj\u0105c\u0105 z relatywnie niewielkiej ilo\u015bci wysi\u0142ku.<\/p>\n<p><a href=\"https:\/\/eventory.cc\/event\/i-kongres-medonetpro#dlapi_npa=0&amp;dlapi_aid=f49e856d87f3b4b0bde1ff771909bff6&amp;dlapi_lu=202410231157264939106249\" title=\"MedonetPRO OnetPremium\" data-astro-prefetch=\"tap\" rel=\"nofollow noopener\" target=\"_blank\"> <img decoding=\"async\" src=\"https:\/\/www.europesays.com\/pl\/wp-content\/uploads\/2026\/01\/9xOk9lBaHR0cHM6Ly9vY2RuLmV1L3B1bHNjbXMvTURBXy9hMGY5NWNmMDcwYzA5MjFiZDc2NTFlYzU4MDEzNGIzNy5wbmeSlQMAA.jpeg\" height=\"200\" width=\"840\" style=\"min-height:200px;\" alt=\"MedonetPRO OnetPremium\" loading=\"lazy\" class=\"ods-c-image__img ods-c-image__img--viewport-width\"\/> <\/a><\/p>\n<p>MedonetPRO OnetPremiumMedonet<\/p>\n<p class=\"ods-c-paragraph \">Dla kogo te &#8222;pi\u0119\u0107 minut&#8221; ma najwi\u0119ksze znaczenie \u2014 os\u00f3b starszych, siedz\u0105cych, a mo\u017ce ju\u017c chorych kardiologicznie?<\/p>\n<p class=\"ods-c-paragraph \">Paradoksalnie nie dotyczy to os\u00f3b, kt\u00f3re ju\u017c aktywnie uprawiaj\u0105 sport i regularnie trenuj\u0105 \u2014 co jest zreszt\u0105 naturalne \u2014 lecz przede wszystkim tych, kt\u00f3rzy wi\u0119kszo\u015b\u0107 czasu sp\u0119dzaj\u0105 w bezruchu. Mowa tu o osobach pracuj\u0105cych, zw\u0142aszcza wykonuj\u0105cych prac\u0119 siedz\u0105c\u0105 przez wiele godzin, nawet 10\u201312 dziennie, a tak\u017ce o osobach starszych oraz pacjentach z <a href=\"https:\/\/www.medonet.pl\/choroby-od-a-do-z\/choroby-ukladu-krazenia,nadcisnienie---przyczyny--objawy--leczenie--powiklania--jak-wykonac-pomiar-,artykul,1671131.html\" id=\"5e5f7734-0367-4284-b9f4-aee7861c2d38\" rel=\"nofollow noopener\" target=\"_blank\">nadci\u015bnieniem<\/a>, cukrzyc\u0105 czy po przebytych incydentach sercowo-naczyniowych.<\/p>\n<p class=\"ods-c-paragraph \">I jeszcze raz warto podkre\u015bli\u0107: szczeg\u00f3lnie wa\u017cne jest to w przypadku os\u00f3b, kt\u00f3rych wyj\u015bciowy poziom aktywno\u015bci fizycznej by\u0142 bardzo niski. Ma to ogromne znaczenie, bo pokazuje, \u017ce profilaktyka nie musi zaczyna\u0107 si\u0119 od bardzo ambitnych plan\u00f3w, lecz od prostych, nowych element\u00f3w, kt\u00f3re s\u0105 realne do wykonania. W gruncie rzeczy trudno znale\u017a\u0107 osob\u0119, kt\u00f3ra nie by\u0142aby w stanie po\u015bwi\u0119ci\u0107 cho\u0107by pi\u0119\u0107 minut dziennie, na przyk\u0142ad na kr\u00f3tki spacer.<\/p>\n<p class=\"ods-c-paragraph \">No, chyba \u017ce z lenistwa nie chce si\u0119 komu\u015b w og\u00f3le rusza\u0107\u2026<\/p>\n<p class=\"ods-c-paragraph \">Oczywi\u015bcie, to nierzadka postawa, ale prosz\u0119 mi wierzy\u0107 \u2014 mam du\u017cy kontakt z pacjentami ambulatoryjnymi \u2014 wi\u0119kszo\u015b\u0107 daje si\u0119 przekona\u0107. Kwestia tego, \u017ce pacjent m\u00f3wi, \u017ce rozumie i zastosuje si\u0119 do zalece\u0144, to jedno, a faktyczne wdro\u017cenie ich w \u017cycie \u2014 to drugie. Natomiast od pewnego czasu stosuj\u0119 prost\u0105 metod\u0119, m\u00f3wi\u0105c, ze w czasie obecnej wizyty ju\u017c trzy razy min\u0119\u0142o pi\u0119\u0107 minut, czasem nawet spaceruj\u0119 po gabinecie. Zawsze t\u0142umacz\u0119 i zach\u0119cam do po\u015bwi\u0119cenia pi\u0119\u0107 minut samemu sobie i naprawd\u0119 to dzia\u0142a. To naprawd\u0119 niewiele czasu, a wi\u0119kszo\u015b\u0107 pacjent\u00f3w daje si\u0119 do niej przekona\u0107.<\/p>\n<p class=\"ods-c-paragraph \">Czy kr\u00f3tkie epizody ruchu w ci\u0105gu dnia \u2014 np. kilka minut co godzin\u0119 \u2014 s\u0105 r\u00f3wnie warto\u015bciowe, jak d\u0142u\u017cszy trening?<\/p>\n<p class=\"ods-c-paragraph \">Podstawowym punktem wyj\u015bcia jest za\u0142o\u017cenie, \u017ce istnieje liniowa zale\u017cno\u015b\u0107 mi\u0119dzy d\u0142ugo\u015bci\u0105 i jako\u015bci\u0105 \u017cycia a wysi\u0142kiem fizycznym \u2014 im wi\u0119cej aktywno\u015bci, tym lepiej. Zaczynamy od kr\u00f3tkich okres\u00f3w, na przyk\u0142ad pi\u0119\u0107 minut, a te mog\u0105 si\u0119 zwi\u0119ksza\u0107 nawet do kilku godzin, co oczywi\u015bcie r\u00f3wnie\u017c b\u0119dzie korzystne.<\/p>\n<p class=\"ods-c-paragraph \">Kr\u00f3tkie epizody aktywno\u015bci fizycznej, takie jak pi\u0119ciominutowe \u0107wiczenia, nie zast\u0119puj\u0105 regularnego treningu, ale go uzupe\u0142niaj\u0105. Z punktu widzenia serca najwa\u017cniejsza jest \u0142\u0105czna dawka ruchu w ci\u0105gu dnia, a tak\u017ce przerwy w d\u0142ugich okresach bez aktywno\u015bci.<\/p>\n<p class=\"ods-c-paragraph \">Dla os\u00f3b z bardzo niskim wyj\u015bciowym poziomem aktywno\u015bci pi\u0119ciominutowe \u0107wiczenia s\u0105 szczeg\u00f3lnie istotne \u2014 nawet kr\u00f3tka przerwa co jaki\u015b czas przynosi realne korzy\u015bci. Nie ma obecnie konkretnego schematu, ile dok\u0142adnie powinni\u015bmy sta\u0107 lub chodzi\u0107, ale mo\u017cna sobie wyobrazi\u0107, \u017ce kto\u015b pracuj\u0105cy 10\u201312 godzin dziennie powinien wykona\u0107 3\u20135 takich pi\u0119ciominutowych przerw.<\/p>\n<p class=\"ods-c-paragraph \">Takie kr\u00f3tkie aktywno\u015bci znacz\u0105co poprawiaj\u0105 metabolizm, obci\u0105\u017cenie uk\u0142adu kr\u0105\u017cenia oraz glikemi\u0119 posi\u0142kow\u0105. Dla os\u00f3b najmniej aktywnych przynosi to najwi\u0119ksz\u0105 r\u00f3\u017cnic\u0119 i realnie wp\u0142ywa na zdrowie.<\/p>\n<p class=\"ods-c-paragraph \">Czy to oznacza, \u017ce wystarczy p\u00f3j\u015b\u0107 po prostu do kuchni po kaw\u0119, czy jednak ten wysi\u0142ek powinien by\u0107 wi\u0119kszy?<\/p>\n<p class=\"ods-c-paragraph \">To te\u017c jest ciekawe podej\u015bcie. Mog\u0119 poda\u0107 sw\u00f3j przyk\u0142ad \u2014 pracuj\u0119 w rozleg\u0142ym szpitalu i w ci\u0105gu typowej, 8-9-godzinnej zmiany przechodz\u0119 od 3 do 4 km. Na pierwszy rzut oka wydawa\u0142oby si\u0119, \u017ce moja aktywno\u015b\u0107 fizyczna jest wystarczaj\u0105ca. Oczywi\u015bcie w trakcie pracy w du\u017cej mierze unikam d\u0142ugotrwa\u0142ego siedzenia, wi\u0119c teoretycznie warunek braku bezruchu jest spe\u0142niony.<\/p>\n<p class=\"ods-c-paragraph \">Jednak rzeczywisto\u015b\u0107 jest inna. Tego rodzaju ruch nie zast\u0105pi \u015bwiadomego wysi\u0142ku fizycznego. Chodzi o to, \u017ceby w konkretnym, kr\u00f3tkim czasie \u2014 np. pi\u0119ciu minut \u2014 skoncentrowa\u0107 si\u0119 na wysi\u0142ku. Nie chodzi o przypadkowe przej\u015bcia po korytarzu, ale o celow\u0105 aktywno\u015b\u0107, kt\u00f3ra anga\u017cuje organizm w spos\u00f3b, kt\u00f3ry ma konkretne efekty: zar\u00f3wno na uk\u0142ad wsp\u00f3\u0142czulny, obci\u0105\u017cenie uk\u0142adu kr\u0105\u017cenia, jak i na <a href=\"https:\/\/www.medonet.pl\/zdrowie,metabolizm---definicja--sposoby-na-podkrecenie-metabolizmu,artykul,1730473.html\" id=\"6d4c4de5-8194-4e01-bc5b-cc4e17271f23\" rel=\"nofollow noopener\" target=\"_blank\">metabolizm<\/a>.<\/p>\n<p class=\"ods-c-paragraph \">Dodatkowo taki \u015bwiadomy wysi\u0142ek ma te\u017c znaczenie psychologiczne \u2014 pozwala si\u0119 rozlu\u017ani\u0107 i zmniejszy\u0107 stres. To nie jest &#8222;szybkie przebiegni\u0119cie korytarza przy okazji&#8221;, ale \u015bwiadome po\u015bwi\u0119cenie tych kilku minut na aktywno\u015b\u0107. Mo\u017cna np. wybra\u0107 sobie fragment korytarza, po kt\u00f3rym przejdziemy si\u0119 w pe\u0142ni \u015bwiadomie, s\u0142uchaj\u0105c ulubionej muzyki lub skupiaj\u0105c si\u0119 na ruchu. Chodzi o to, \u017ceby te pi\u0119\u0107 minut by\u0142o prawdziwym wysi\u0142kiem, a nie tylko przerywnikiem w pracy.<\/p>\n<p> <img decoding=\"async\" src=\"https:\/\/www.europesays.com\/pl\/wp-content\/uploads\/2026\/01\/51-k9lBaHR0cHM6Ly9vY2RuLmV1L3B1bHNjbXMvTURBXy80YTBiMTI1NjE5OTQ5YzA1MDM0ZDRhOWM3MWNlMGRiOS5qcGeRlQLNA.jpeg\" height=\"529\" width=\"940\" style=\"min-height:529px;\" alt=\"Serce [INFOGRAFIKA]\" loading=\"lazy\" class=\"ods-c-image__img ods-c-image__img--vertical\"\/> <\/p>\n<p>Serce [INFOGRAFIKA]Medonet<\/p>\n<p class=\"ods-c-paragraph \">Jak bardzo siedz\u0105cy tryb \u017cycia obci\u0105\u017ca serce \u2014 nawet u os\u00f3b, kt\u00f3re teoretycznie &#8222;\u0107wicz\u0105 po pracy&#8221;?                                                                                                 <\/p>\n<p class=\"ods-c-paragraph \">Warto zauwa\u017cy\u0107, \u017ce nawet d\u0142ugotrwa\u0142e siedzenie jest traktowane jako istotny czynnik ryzyka dla zdrowia, cho\u0107 w omawianym badaniu nie by\u0142 analizowany jako niezale\u017cny czynnik ryzyka sercowo-naczyniowego. Badanie to jednak wskazuje jednoznacznie, \u017ce \u015bredni czas siedzenia ma znaczenie. Uczestnicy sp\u0119dzaj\u0105cy \u015brednio 10 godzin dziennie w pozycji siedz\u0105cej odnotowali najwi\u0119ksze korzy\u015bci po wprowadzeniu kr\u00f3tkich przerw \u2014 redukcja czasu siedzenia przynios\u0142a wyra\u017any spadek ryzyka zgonu.<\/p>\n<p class=\"ods-c-paragraph \">W badaniach uwzgl\u0119dniaj\u0105cych osoby siedz\u0105ce oko\u0142o 12 godzin dziennie ju\u017c kr\u00f3tkie przerwy \u2014 na przyk\u0142ad 30 minut dziennie \u2014 okaza\u0142y si\u0119 istotne. Nie chodzi\u0142o o intensywn\u0105 aktywno\u015b\u0107, lecz o zwyk\u0142e wstawanie, podej\u015bcie do okna czy kr\u00f3tki spacer. Takie przerwy zmniejsza\u0142y ryzyko o oko\u0142o 10 proc. \u2014 czyli jedna na dziesi\u0119\u0107 os\u00f3b mog\u0142a unikn\u0105\u0107 \u015bmierci. Je\u015bli przerwy w ci\u0105gu dnia sumowa\u0142y si\u0119 do 60 minut, redukcja ryzyka mog\u0142a wynosi\u0107 nawet oko\u0142o 25 proc., co przek\u0142ada si\u0119 na znacz\u0105cy efekt dla zdrowia.<\/p>\n<p class=\"ods-c-paragraph \">Podsumowuj\u0105c: regularna aktywno\u015b\u0107 po pracy ma korzystny wp\u0142yw na uk\u0142ad kr\u0105\u017cenia, ale nie kompensuje skutk\u00f3w wielogodzinnego siedzenia. Kluczowy jest czas, w kt\u00f3rym nasz uk\u0142ad kr\u0105\u017cenia pozostaje w bezruchu \u2014 d\u0142ugotrwa\u0142e siedzenie akumuluje negatywne efekty zdrowotne, kt\u00f3re trudno w ca\u0142o\u015bci zneutralizowa\u0107 nawet intensywnym treningiem po pracy.<\/p>\n<p class=\"ods-c-paragraph \">Czy ograniczenie siedzenia o 30 minut dziennie rzeczywi\u015bcie mo\u017ce obni\u017cy\u0107 ryzyko zgonu z przyczyn sercowo-naczyniowych?<\/p>\n<p class=\"ods-c-paragraph \">Wiemy, co ju\u017c powiedzieli\u015bmy, ale warto to powt\u00f3rzy\u0107: absolutnie tak \u2014 s\u0105 to konkretne liczby. Jeszcze raz si\u0119 do nich odwo\u0142am, bo stanowi\u0105 one baz\u0119 naszej rozmowy. M\u00f3wimy tu o obszernej analizie obejmuj\u0105cej wszystkie badania, r\u00f3wnie\u017c w tym zakresie.<\/p>\n<p class=\"ods-c-paragraph \">Redukcja czasu siedzenia u os\u00f3b, kt\u00f3re siedz\u0105 do 10 godzin dziennie, wi\u0105\u017ce si\u0119 ze zmniejszeniem ryzyka zgonu o 3\u20136 proc. Ca\u0142y czas podkre\u015blamy, \u017ce nie chodzi tu o r\u00f3\u017cne zdarzenia sercowo\u2011naczyniowe, lecz og\u00f3lnie o ryzyko \u015bmierci. Natomiast w grupie najwy\u017cszego ryzyka, czyli u os\u00f3b siedz\u0105cych powy\u017cej 11 godzin dziennie, redukcja ta si\u0119ga nawet 7 proc.<\/p>\n<p class=\"ods-c-paragraph \">I dok\u0142adnie o ten element chodzi \u2014 nie tylko o klasyczny wysi\u0142ek fizyczny, lecz o samo zmniejszenie czasu siedzenia. Je\u015bli dodatkowo do\u0142o\u017cymy do tego aktywno\u015b\u0107 fizyczn\u0105, na przyk\u0142ad kilka minut marszu, to redukcja ryzyka zgonu b\u0119dzie jeszcze wi\u0119ksza. Mo\u017cemy wi\u0119c z ca\u0142\u0105 pewno\u015bci\u0105 powiedzie\u0107, \u017ce dok\u0142adnie tak to dzia\u0142a.<\/p>\n<p class=\"ods-o-frame-in-text__paragraph\">Dr hab. n. med. Micha\u0142 Hawranek \u2014 kardiolog interwencyjny, kierownik Pracowni Hemodynamiki w \u015al\u0105skim Centrum Chor\u00f3b Serca w Zabrzu, skarbnik Polskiego Towarzystwa Kardiologicznego. By\u0142y Przewodnicz\u0105cy Asocjacji Interwencji Sercowo \u2014 Naczyniowych PTK.<\/p>\n<p>    Tre\u015bci z serwisu Medonet maj\u0105 na celu polepszenie, a nie zast\u0105pienie, kontaktu pomi\u0119dzy U\u017cytkownikiem a jego lekarzem. Serwis ma charakter wy\u0142\u0105cznie informacyjno-edukacyjny. Przed zastosowaniem si\u0119 do porad z zakresu wiedzy specjalistycznej, w szczeg\u00f3lno\u015bci medycznych, zawartych w Serwisie nale\u017cy bezwzgl\u0119dnie skonsultowa\u0107 si\u0119 z lekarzem. <\/p>\n","protected":false},"excerpt":{"rendered":"W skr\u00f3cie: Ju\u017c pi\u0119\u0107 minut umiarkowanej aktywno\u015bci fizycznej dziennie obni\u017ca ryzyko zgonu, zw\u0142aszcza u os\u00f3b najmniej aktywnych \u2014&hellip;\n","protected":false},"author":2,"featured_media":235749,"comment_status":"","ping_status":"","sticky":false,"template":"","format":"standard","meta":{"footnotes":"","_share_on_mastodon":"0"},"categories":[14],"tags":[3231,32,33,42025,27,34,35,31063,28,31,48,25,46,40,41,47,7361,31508,80,29,30,26,82,83,84,253],"class_list":["post-235748","post","type-post","status-publish","format-standard","has-post-thumbnail","category-swiat","tag-aktywnosc_fizyczna","tag-breaking-news","tag-breakingnews","tag-float_tst1","tag-headlines","tag-latest-news","tag-latestnews","tag-metabolizm","tag-naglowki","tag-najwazniejsze-artykuly","tag-nat_styl","tag-news","tag-omp","tag-polish","tag-polski","tag-screening_general","tag-serce","tag-stres","tag-swiat","tag-top-stories","tag-topstories","tag-wiadomosci","tag-world","tag-world-news","tag-worldnews","tag-zdrowie"],"share_on_mastodon":{"url":"https:\/\/pubeurope.com\/@pl\/115990899368389378","error":""},"_links":{"self":[{"href":"https:\/\/www.europesays.com\/pl\/wp-json\/wp\/v2\/posts\/235748","targetHints":{"allow":["GET"]}}],"collection":[{"href":"https:\/\/www.europesays.com\/pl\/wp-json\/wp\/v2\/posts"}],"about":[{"href":"https:\/\/www.europesays.com\/pl\/wp-json\/wp\/v2\/types\/post"}],"author":[{"embeddable":true,"href":"https:\/\/www.europesays.com\/pl\/wp-json\/wp\/v2\/users\/2"}],"replies":[{"embeddable":true,"href":"https:\/\/www.europesays.com\/pl\/wp-json\/wp\/v2\/comments?post=235748"}],"version-history":[{"count":0,"href":"https:\/\/www.europesays.com\/pl\/wp-json\/wp\/v2\/posts\/235748\/revisions"}],"wp:featuredmedia":[{"embeddable":true,"href":"https:\/\/www.europesays.com\/pl\/wp-json\/wp\/v2\/media\/235749"}],"wp:attachment":[{"href":"https:\/\/www.europesays.com\/pl\/wp-json\/wp\/v2\/media?parent=235748"}],"wp:term":[{"taxonomy":"category","embeddable":true,"href":"https:\/\/www.europesays.com\/pl\/wp-json\/wp\/v2\/categories?post=235748"},{"taxonomy":"post_tag","embeddable":true,"href":"https:\/\/www.europesays.com\/pl\/wp-json\/wp\/v2\/tags?post=235748"}],"curies":[{"name":"wp","href":"https:\/\/api.w.org\/{rel}","templated":true}]}}