{"id":23578,"date":"2025-09-30T09:02:07","date_gmt":"2025-09-30T09:02:07","guid":{"rendered":"https:\/\/www.europesays.com\/pl\/23578\/"},"modified":"2025-09-30T09:02:07","modified_gmt":"2025-09-30T09:02:07","slug":"znamy-godzine-meczu-swiatek-nastapila-zmiana","status":"publish","type":"post","link":"https:\/\/www.europesays.com\/pl\/23578\/","title":{"rendered":"Znamy godzin\u0119 meczu \u015awi\u0105tek. Nast\u0105pi\u0142a zmiana"},"content":{"rendered":"\n<p class=\"contentpart contentpart--default contentpart--text\" data-position=\"0\">Czas na trzeci wyst\u0119p\u00a0<a href=\"https:\/\/sportowefakty.wp.pl\/tenis\/iga-swiatek\" rel=\"nofollow noopener\" target=\"_blank\">Igi \u015awi\u0105tek<\/a>\u00a0w ramach presti\u017cowego turnieju WTA 1000 w Pekinie. W 1\/8 fina\u0142u na drodze najwy\u017cej rozstawionej Polki stanie Amerykanka\u00a0<a href=\"https:\/\/sportowefakty.wp.pl\/tenis\/emma-navarro\" rel=\"nofollow noopener\" target=\"_blank\">Emma Navarro<\/a>, kt\u00f3ra zosta\u0142a oznaczona 16. numerem.<\/p>\n<p class=\"contentpart contentpart--default contentpart--text\" data-position=\"1\">Organizatorzy turnieju China Open 2025 przekazali, \u017ce \u015awi\u0105tek i Navarro spotkaj\u0105 si\u0119 w \u015brod\u0119 (1 pa\u017adziernika). Ich pojedynek zaplanowano po godz. 13:00 naszego czasu na korcie Capital Group Diamond.<\/p>\n<p class=\"contentpart contentpart--default contentpart--text\" data-position=\"2\">ZOBACZ WIDEO: Od tej strony jej nie znacie. Otylia J\u0119drzejczak pisze wiersze<\/p>\n<p class=\"contentpart contentpart--default contentpart--text\" data-position=\"4\">Tym samym aktualna wiceliderka rankingu WTA po raz pierwszy w tegorocznym turnieju zaprezentuje si\u0119 w sesji wieczornej na g\u0142\u00f3wnej arenie. Poprzednie mecze, z Yue Yuan i Camil\u0105 Osorio, \u015awi\u0105tek rozgrywa\u0142a w sesji dziennej.<\/p>\n<p class=\"contentpart contentpart--default contentpart--text\" data-position=\"5\">Mecz \u015awi\u0105tek &#8211; Navarro b\u0119dzie jednym z dw\u00f3ch zaplanowanych na korcie centralnym. Po spotkaniu Polki z Amerykank\u0105 zagraj\u0105 jeszcze tutaj Ukrainka\u00a0<a href=\"https:\/\/sportowefakty.wp.pl\/tenis\/marta-kostiuk\" rel=\"nofollow noopener\" target=\"_blank\">Marta Kostiuk<\/a>\u00a0i Amerykanka\u00a0<a href=\"https:\/\/sportowefakty.wp.pl\/tenis\/jessica-pegula\" rel=\"nofollow noopener\" target=\"_blank\">Jessica Pegula<\/a>. Zwyci\u0119\u017cczynie obu pojedynk\u00f3w zmierz\u0105 si\u0119 ze sob\u0105 w pi\u0105tkowym \u0107wier\u0107finale.<\/p>\n<p class=\"contentpart contentpart--default contentpart--text\" data-position=\"6\">\u015awi\u0105tek ma z Navarro bilans 2-0 na zawodowych kortach. Ich pierwszy pojedynek mia\u0142 miejsce w 2018 roku na m\u0105czce w Charleston w ramach imprezy rangi ITF World Tennis Tour. Siedem lat p\u00f3\u017aniej Polka okaza\u0142a si\u0119 lepsza w \u0107wier\u0107finale wielkoszlemowego Australian Open 2025.<\/p>\n<p class=\"contentpart contentpart--default contentpart--text\" data-position=\"7\">Transmisja z meczu \u015awi\u0105tek &#8211; Navarro b\u0119dzie dost\u0119pna w Canal+ Sport 2 oraz serwisie Canal+ Online. <a href=\"https:\/\/sportowefakty.wp.pl\/tenis\/relacja-na-zywo\/173104\/iga-swiatek-emma-navarro-live\" rel=\"nofollow noopener\" target=\"_blank\">Portal WP SportoweFakty przeprowadzi relacj\u0119 tekstow\u0105 na \u017cywo z tego wydarzenia<\/a>.<\/p>\n","protected":false},"excerpt":{"rendered":"Czas na trzeci wyst\u0119p\u00a0Igi \u015awi\u0105tek\u00a0w ramach presti\u017cowego turnieju WTA 1000 w Pekinie. W 1\/8 fina\u0142u na drodze najwy\u017cej&hellip;\n","protected":false},"author":2,"featured_media":23579,"comment_status":"","ping_status":"","sticky":false,"template":"","format":"standard","meta":{"footnotes":""},"categories":[24],"tags":[85,7433,158,1194,42,38,40,39,41,755,127,126,156,71,157,4358],"class_list":{"0":"post-23578","1":"post","2":"type-post","3":"status-publish","4":"format-standard","5":"has-post-thumbnail","7":"category-sport","8":"tag-chiny","9":"tag-emma-navarro","10":"tag-iga-swiatek","11":"tag-pekin","12":"tag-pl","13":"tag-poland","14":"tag-polish","15":"tag-polska","16":"tag-polski","17":"tag-polski-tenis","18":"tag-sport","19":"tag-sports","20":"tag-tenis","21":"tag-usa","22":"tag-wta","23":"tag-wta-pekin"},"share_on_mastodon":{"url":"","error":""},"_links":{"self":[{"href":"https:\/\/www.europesays.com\/pl\/wp-json\/wp\/v2\/posts\/23578","targetHints":{"allow":["GET"]}}],"collection":[{"href":"https:\/\/www.europesays.com\/pl\/wp-json\/wp\/v2\/posts"}],"about":[{"href":"https:\/\/www.europesays.com\/pl\/wp-json\/wp\/v2\/types\/post"}],"author":[{"embeddable":true,"href":"https:\/\/www.europesays.com\/pl\/wp-json\/wp\/v2\/users\/2"}],"replies":[{"embeddable":true,"href":"https:\/\/www.europesays.com\/pl\/wp-json\/wp\/v2\/comments?post=23578"}],"version-history":[{"count":0,"href":"https:\/\/www.europesays.com\/pl\/wp-json\/wp\/v2\/posts\/23578\/revisions"}],"wp:featuredmedia":[{"embeddable":true,"href":"https:\/\/www.europesays.com\/pl\/wp-json\/wp\/v2\/media\/23579"}],"wp:attachment":[{"href":"https:\/\/www.europesays.com\/pl\/wp-json\/wp\/v2\/media?parent=23578"}],"wp:term":[{"taxonomy":"category","embeddable":true,"href":"https:\/\/www.europesays.com\/pl\/wp-json\/wp\/v2\/categories?post=23578"},{"taxonomy":"post_tag","embeddable":true,"href":"https:\/\/www.europesays.com\/pl\/wp-json\/wp\/v2\/tags?post=23578"}],"curies":[{"name":"wp","href":"https:\/\/api.w.org\/{rel}","templated":true}]}}