{"id":236197,"date":"2026-01-31T23:36:08","date_gmt":"2026-01-31T23:36:08","guid":{"rendered":"https:\/\/www.europesays.com\/pl\/236197\/"},"modified":"2026-01-31T23:36:08","modified_gmt":"2026-01-31T23:36:08","slug":"ledwo-ustal-a-potem-jeszcze-poklon-niewiarygodny-skok-domena-prevca","status":"publish","type":"post","link":"https:\/\/www.europesays.com\/pl\/236197\/","title":{"rendered":"Ledwo usta\u0142! A potem jeszcze pok\u0142on. Niewiarygodny skok Domena Prevca"},"content":{"rendered":"<p class=\"ods-c-paragraph \">W drugiej serii warunki by\u0142y zdecydowanie bardziej wyr\u00f3wnane. Ren Nikaido dolecia\u0142 do 147. metra, Geiger mia\u0142 pr\u00f3b\u0119 o pi\u0119\u0107 metr\u00f3w kr\u00f3tsz\u0105. Przed ostatnim skokiem jury obni\u017cy\u0142o o jedn\u0105 belk\u0119 start dla Prevca. W tej sytuacji by\u0142o wiadomo, \u017ce S\u0142owe\u0144cowi do zwyci\u0119stwa wystarczy wyl\u0105dowa\u0107 w granicach 128-129 m.<\/p>\n<p> Dalszy ci\u0105g artyku\u0142u pod materia\u0142em wideo    <\/p>\n<p> Jak daleko skoczy\u0142 Domen Prevc? <\/p>\n<p> Kto by\u0142 na drugim miejscu w klasyfikacji P\u015a? <\/p>\n<p> Ile punkt\u00f3w ma Prevc w klasyfikacji generalnej? <\/p>\n<p> Kiedy odb\u0119dzie si\u0119 drugi konkurs w Willingen? <\/p>\n<p>  Prevc pobi\u0142 rekord w Willingen<\/p>\n<p class=\"ods-c-paragraph \">Najm\u0142odszy z braci Prevc\u00f3w nie jest jednak minimalist\u0105, osi\u0105gn\u0105\u0142 155 m i cho\u0107 l\u0105dowa\u0142 bez telemarku, to zdecydowanie wygra\u0142 maj\u0105c 22 pkt przewagi nad Nikaido. Co ciekawe, Prevcovi zabrak\u0142o jedynie p\u00f3\u0142 metra do rekordu skoczni, kt\u00f3ry w 2024 r. ustanowi\u0142 Forfang.<\/p>\n<p class=\"ods-c-paragraph \">W klasyfikacji generalnej P\u015a (po 19 z 29 zawod\u00f3w) Prevc umocni\u0142 si\u0119 na prowadzeniu, ma ju\u017c na koncie 1514 pkt. Drugi jest Kobayashi \u2014 976 pkt, a trzeci Nikaido \u2014 841 pkt.<\/p>\n<p class=\"ods-c-paragraph \">W niedziel\u0119 w Willingen odb\u0119dzie si\u0119 drugi konkurs, pocz\u0105tek o godz. 16.<\/p>\n","protected":false},"excerpt":{"rendered":"W drugiej serii warunki by\u0142y zdecydowanie bardziej wyr\u00f3wnane. Ren Nikaido dolecia\u0142 do 147. metra, Geiger mia\u0142 pr\u00f3b\u0119 o&hellip;\n","protected":false},"author":2,"featured_media":236198,"comment_status":"","ping_status":"","sticky":false,"template":"","format":"standard","meta":{"footnotes":"","_share_on_mastodon":"0"},"categories":[24],"tags":[30082,48,46,42,38,40,39,41,42204,47,1874,127,126,5777,40241],"class_list":["post-236197","post","type-post","status-publish","format-standard","has-post-thumbnail","category-sport","tag-domen_prevc","tag-nat_styl","tag-omp","tag-pl","tag-poland","tag-polish","tag-polska","tag-polski","tag-ps_omp_tst00","tag-screening_general","tag-skoki_narciarskie","tag-sport","tag-sports","tag-sporty_zimowe","tag-willingen"],"share_on_mastodon":{"url":"","error":""},"_links":{"self":[{"href":"https:\/\/www.europesays.com\/pl\/wp-json\/wp\/v2\/posts\/236197","targetHints":{"allow":["GET"]}}],"collection":[{"href":"https:\/\/www.europesays.com\/pl\/wp-json\/wp\/v2\/posts"}],"about":[{"href":"https:\/\/www.europesays.com\/pl\/wp-json\/wp\/v2\/types\/post"}],"author":[{"embeddable":true,"href":"https:\/\/www.europesays.com\/pl\/wp-json\/wp\/v2\/users\/2"}],"replies":[{"embeddable":true,"href":"https:\/\/www.europesays.com\/pl\/wp-json\/wp\/v2\/comments?post=236197"}],"version-history":[{"count":0,"href":"https:\/\/www.europesays.com\/pl\/wp-json\/wp\/v2\/posts\/236197\/revisions"}],"wp:featuredmedia":[{"embeddable":true,"href":"https:\/\/www.europesays.com\/pl\/wp-json\/wp\/v2\/media\/236198"}],"wp:attachment":[{"href":"https:\/\/www.europesays.com\/pl\/wp-json\/wp\/v2\/media?parent=236197"}],"wp:term":[{"taxonomy":"category","embeddable":true,"href":"https:\/\/www.europesays.com\/pl\/wp-json\/wp\/v2\/categories?post=236197"},{"taxonomy":"post_tag","embeddable":true,"href":"https:\/\/www.europesays.com\/pl\/wp-json\/wp\/v2\/tags?post=236197"}],"curies":[{"name":"wp","href":"https:\/\/api.w.org\/{rel}","templated":true}]}}