{"id":236299,"date":"2026-02-01T03:31:14","date_gmt":"2026-02-01T03:31:14","guid":{"rendered":"https:\/\/www.europesays.com\/pl\/236299\/"},"modified":"2026-02-01T03:31:14","modified_gmt":"2026-02-01T03:31:14","slug":"swiatowe-forum-ekonomiczne-w-davos-europa-we-mgle","status":"publish","type":"post","link":"https:\/\/www.europesays.com\/pl\/236299\/","title":{"rendered":"\u015awiatowe Forum Ekonomiczne w Davos: Europa we mgle"},"content":{"rendered":"\n<p>&#13;<br \/>\nRol\u0119 wsp\u00f3\u0142przewodnicz\u0105cych Forum obj\u0119li Larry Fink (BlackRock) i\u00a0Andr\u00e9 Hoffman (Roche Holding), na\u00a0stanowisku dyrektora zarz\u0105dzaj\u0105cego pozosta\u0142 B\u00f8rge Brende. G\u0142\u00f3wnymi poruszanymi tematami by\u0142a globalna geostrategiczna zmiana i\u00a0jej wp\u0142yw na\u00a0rozw\u00f3j biznesu, jak r\u00f3wnie\u017c najnowsze technologie i\u00a0ich implikacje dla\u00a0przedsi\u0119biorc\u00f3w czy\u00a0polityk\u00f3w. Pojawi\u0142y si\u0119 takie tematy jak: SupTech (Supervisory Technology) czyli innowacyjne technologie i\u00a0narz\u0119dzia wykorzystywane przez organy nadzoru finansowego do\u00a0automatyzacji, usprawnienia i\u00a0ulepszenia proces\u00f3w nadzorczych; technologie kwantowe, czyli dziedziny wykorzystuj\u0105ce zjawiska fizyki kwantowej do\u00a0tworzenia rewolucyjnych system\u00f3w, g\u0142\u00f3wnie w\u00a0obliczeniach, komunikacji, metrologii i\u00a0symulacjach; \u201eAI-nizacja\u201d (AI-nization), czyli g\u0142\u0119boka, obejmuj\u0105ca ca\u0142\u0105 firm\u0119 integracja i\u00a0transformacja za\u00a0pomoc\u0105 sztucznej inteligencji, proces uczynienia AI czym\u015b fundamentalnym i\u00a0naturalnym we\u00a0wszystkim, co\u00a0organizacja robi, zak\u0142adaj\u0105cy gruntown\u0105 zmian\u0119 sposobu dzia\u0142ania, kultury, produkt\u00f3w, podejmowania decyzji i\u00a0strategii tak, aby\u00a0AI sta\u0142o si\u0119 wszechobecne. St\u0105d te\u017c nie\u00a0dziwi obecno\u015b\u0107 w\u00a0Davos szef\u00f3w najwi\u0119kszych ameryka\u0144skich BigTech\u00f3w. Na\u00a0podium pojawili si\u0119 m.in.: Elon Musk (SpaceX, Tesla), Satya Nadella (Microsoft), Alex Karp (Palantir Technologies), Jensen Huang (NVIDIA) czy\u00a0Ruth Porat (Alphabet). &#13;<\/p>\n","protected":false},"excerpt":{"rendered":"&#13; Rol\u0119 wsp\u00f3\u0142przewodnicz\u0105cych Forum obj\u0119li Larry Fink (BlackRock) i\u00a0Andr\u00e9 Hoffman (Roche Holding), na\u00a0stanowisku dyrektora zarz\u0105dzaj\u0105cego pozosta\u0142 B\u00f8rge Brende.&hellip;\n","protected":false},"author":2,"featured_media":236300,"comment_status":"","ping_status":"","sticky":false,"template":"","format":"standard","meta":{"footnotes":"","_share_on_mastodon":"0"},"categories":[14],"tags":[32,33,39947,98,189,42747,27,34,35,41157,28,31,25,102,40,41,80,29,30,2846,26,82,83,84],"class_list":["post-236299","post","type-post","status-publish","format-standard","has-post-thumbnail","category-swiat","tag-breaking-news","tag-breakingnews","tag-davos","tag-dorzeczy","tag-europa","tag-forum-ekonomiczne","tag-headlines","tag-latest-news","tag-latestnews","tag-magdalena-zietek-wielomska","tag-naglowki","tag-najwazniejsze-artykuly","tag-news","tag-opinie","tag-polish","tag-polski","tag-swiat","tag-top-stories","tag-topstories","tag-tylko-na-dorzeczy-pl","tag-wiadomosci","tag-world","tag-world-news","tag-worldnews"],"share_on_mastodon":{"url":"https:\/\/pubeurope.com\/@pl\/115993266241509091","error":""},"_links":{"self":[{"href":"https:\/\/www.europesays.com\/pl\/wp-json\/wp\/v2\/posts\/236299","targetHints":{"allow":["GET"]}}],"collection":[{"href":"https:\/\/www.europesays.com\/pl\/wp-json\/wp\/v2\/posts"}],"about":[{"href":"https:\/\/www.europesays.com\/pl\/wp-json\/wp\/v2\/types\/post"}],"author":[{"embeddable":true,"href":"https:\/\/www.europesays.com\/pl\/wp-json\/wp\/v2\/users\/2"}],"replies":[{"embeddable":true,"href":"https:\/\/www.europesays.com\/pl\/wp-json\/wp\/v2\/comments?post=236299"}],"version-history":[{"count":0,"href":"https:\/\/www.europesays.com\/pl\/wp-json\/wp\/v2\/posts\/236299\/revisions"}],"wp:featuredmedia":[{"embeddable":true,"href":"https:\/\/www.europesays.com\/pl\/wp-json\/wp\/v2\/media\/236300"}],"wp:attachment":[{"href":"https:\/\/www.europesays.com\/pl\/wp-json\/wp\/v2\/media?parent=236299"}],"wp:term":[{"taxonomy":"category","embeddable":true,"href":"https:\/\/www.europesays.com\/pl\/wp-json\/wp\/v2\/categories?post=236299"},{"taxonomy":"post_tag","embeddable":true,"href":"https:\/\/www.europesays.com\/pl\/wp-json\/wp\/v2\/tags?post=236299"}],"curies":[{"name":"wp","href":"https:\/\/api.w.org\/{rel}","templated":true}]}}