{"id":236480,"date":"2026-02-01T07:47:16","date_gmt":"2026-02-01T07:47:16","guid":{"rendered":"https:\/\/www.europesays.com\/pl\/236480\/"},"modified":"2026-02-01T07:47:16","modified_gmt":"2026-02-01T07:47:16","slug":"julia-wieniawa-wprost-o-swojej-licytacji-wosp-reaguje-na-zarzuty-ocieplenia-wizerunku-2","status":"publish","type":"post","link":"https:\/\/www.europesays.com\/pl\/236480\/","title":{"rendered":"Julia Wieniawa wprost o swojej licytacji WO\u015aP. Reaguje na zarzuty ocieplenia wizerunku"},"content":{"rendered":"<p class=\"ods-c-paragraph \"><a href=\"https:\/\/plejada.pl\/temat\/julia-wieniawa\/djrw126\" id=\"9bd2a370-6c86-46d0-80c7-cec298738dc4\" rel=\"nofollow noopener\" target=\"_blank\">Julia Wieniawa<\/a> po raz kolejny anga\u017cuje si\u0119 w dzia\u0142alno\u015b\u0107 charytatywn\u0105. W ramach tegorocznej edycji Wielkiej Orkiestry \u015awi\u0105tecznej Pomocy <a href=\"https:\/\/plejada.pl\/newsy\/julia-wieniawa-wystawila-na-wosp-wspolna-nocowanke-tlumaczy-jakie-sa-zasady\/3q9j6pk\" id=\"c80c9c00-20cd-41d3-b90d-6cbe837f8ed7\" rel=\"nofollow noopener\" target=\"_blank\">zaoferowa\u0142a swoim fanom wsp\u00f3ln\u0105 &#8222;nocowank\u0119&#8221;<\/a>. Zwyci\u0119zca aukcji sp\u0119dzi wiecz\u00f3r w towarzystwie aktorki, obejmuj\u0105cy kolacj\u0119, maraton filmowy, karaoke i zdrowe przek\u0105ski \u2014 wszystko to w jednym z urokliwych miejsc na Mazowszu.<\/p>\n<p> Dalszy ci\u0105g artyku\u0142u pod materia\u0142em wideo    <\/p>\n<p> Jaka jest kwota, kt\u00f3r\u0105 osi\u0105gn\u0119\u0142a licytacja 'nocowanki&#8217; Julii Wieniawy? <\/p>\n<p> Jakie atrakcje oferuje 'nocowanka&#8217; w licytacji WO\u015aP? <\/p>\n<p> Jakie zarzuty dotycz\u0105ce ocieplenia wizerunku us\u0142ysza\u0142a Julia Wieniawa? <\/p>\n<p> Kto zaproponowa\u0142 pomys\u0142 na aukcj\u0119 'nocowanki&#8217; dla WO\u015aP? <\/p>\n<p>  Julia Wieniawa zagra\u0142a na nosie hejterom. &#8222;Radz\u0119 czyta\u0107 ze zrozumieniem&#8221;<\/p>\n<p class=\"ods-c-paragraph \">Aukcja rozpocz\u0119\u0142a si\u0119 symbolicznie od z\u0142ot\u00f3wki, jednak b\u0142yskawicznie osi\u0105gn\u0119\u0142a <a href=\"https:\/\/plejada.pl\/newsy\/nocowanka-u-julii-wieniawy-przebila-100-tys-zl-aukcja-wosp-idzie-na-rekord\/604t123\" id=\"ac31df1e-bc95-40ba-9629-2f9a07b854e0\" rel=\"nofollow noopener\" target=\"_blank\">imponuj\u0105c\u0105 kwot\u0119 przekraczaj\u0105c\u0105 100 tys. z\u0142,<\/a> plasuj\u0105c si\u0119 w czo\u0142\u00f3wce tegorocznych licytacji WO\u015aP. Popularno\u015b\u0107 inicjatywy nie usz\u0142a jednak uwadze internetowych komentator\u00f3w. W sieci pojawi\u0142y si\u0119 zar\u00f3wno entuzjastyczne g\u0142osy, jak i nieprzychylne, a nawet wulgarne uwagi na temat charakteru wydarzenia.<\/p>\n<p class=\"ods-c-paragraph \">Wieniawa nie pozostawi\u0142a tych wypowiedzi bez odpowiedzi. W rozmowie z &#8222;Telemagazynem&#8221; aktorka podkre\u015bli\u0142a, \u017ce pomys\u0142 narodzi\u0142 si\u0119 dzi\u0119ki jej fanom, kt\u00f3rzy po obejrzeniu viralowego TikToka zaproponowali, by uczyni\u0107 z &#8222;nocowanki&#8221; przedmiot aukcji charytatywnej.<\/p>\n<p class=\"ods-c-paragraph \">&#8222;Nie spodziewa\u0142am si\u0119, \u017ce to p\u00f3jdzie a\u017c tak viralowo. To fani po moim viralowym TikToku, \u00e0 propos zasad na mojej nocowance, kt\u00f3re by\u0142y trendem na TikToku, sami stwierdzili, \u017ce to b\u0119dzie \u015bwietny pomys\u0142 na to, \u017ceby zrobi\u0107 z tego aukcj\u0119 na WO\u015aP i pos\u0142ucha\u0142am ich. Zrobi\u0142am to i my\u015bl\u0119, \u017ce wyjdzie fajnie. Wszystkie konfabulacje, insynuacje i sensacje wok\u00f3\u0142, to m\u00f3wi\u0105 o konfabuluj\u0105cych i insynuuj\u0105cych, nie o mnie \u2014 komentuje gwiazda w rozmowie z &#8222;Telemagazynem&#8221;.<\/p>\n<p class=\"ods-c-paragraph \">Pojawi\u0142y si\u0119 tak\u017ce sugestie, \u017ce aukcja s\u0142u\u017cy ociepleniu wizerunku aktorki. Wieniawa stanowczo zdementowa\u0142a te doniesienia.<\/p>\n<blockquote class=\"ods-o-quote\">\n<p class=\"ods-o-quote__paragraph\">Dop\u00f3ki to podbija stawk\u0119 i mamy coraz wi\u0119cej pieni\u0119dzy na szczytny cel, tym lepiej. Wiem, \u017ce b\u0119dzie to zorganizowane w bezpiecznej przestrzeni, nie w moim domu. A \u017cadnej sauny nie b\u0119dzie, poniewa\u017c nawet nie by\u0142o jej w opisie aukcji, wi\u0119c radz\u0119 nast\u0119pnym razem czyta\u0107 ze zrozumieniem<\/p>\n<\/blockquote>\n<p class=\"ods-c-paragraph \">\u2014 podsumowa\u0142a.<\/p>\n<p class=\"ods-c-paragraph \">Dzi\u0119kujemy, \u017ce przeczyta\u0142a\u015b\/e\u015b nasz artyku\u0142 do ko\u0144ca. W serwisie Plejada.pl ka\u017cdego dnia piszemy o najwa\u017cniejszych wydarzeniach show-biznesowych. B\u0105d\u017a na bie\u017c\u0105co! <a rel=\"nofollow noopener\" href=\"https:\/\/profile.google.com\/cp\/Cg0vZy8xMWJ6X19wdHBx\" id=\"5153b9f2-7d8a-4ca6-a597-f1f4b11340e4\" target=\"_blank\">Obserwuj<\/a> Plejad\u0119 w Google. Odwied\u017a nas tak\u017ce na <a rel=\"nofollow noopener\" href=\"https:\/\/www.facebook.com\/plejadapl\" id=\"1c93d2b8-96d1-4b4b-b0fb-62eb27337e28\" target=\"_blank\">Facebooku<\/a>, <a rel=\"nofollow noopener\" href=\"https:\/\/www.instagram.com\/plejadapl\/\" id=\"2b405d43-1911-4df6-914a-9d151f2408b2\" target=\"_blank\">Instagramie<\/a>, <a rel=\"nofollow noopener\" href=\"https:\/\/www.youtube.com\/c\/plejada\" id=\"ef52f234-480b-4e21-b039-319670f97902\" target=\"_blank\">YouTubie<\/a> oraz <a rel=\"nofollow noopener\" href=\"https:\/\/www.tiktok.com\/@plejada_pl\" id=\"7589fd0a-a9a9-437d-9784-5511a721844f\" target=\"_blank\">TikToku<\/a>.<\/p>\n<p class=\"ods-c-paragraph \">Chcesz podzieli\u0107 si\u0119 ciekawym newsem lub zaproponowa\u0107 temat? Skontaktuj si\u0119 z nami, pisz\u0105c maila na adres: <a rel=\"nofollow noopener\" href=\"https:\/\/plejada.pl\/newsy\/julia-wieniawa-wprost-o-swojej-licytacji-wosp-reaguje-na-zarzuty-ocieplenia-wizerunku\/mailto:plejada@redakcjaonet.pl\" id=\"eb50ba40-21d7-4429-bf75-431d11bdc028\" target=\"_blank\">plejada@redakcjaon<\/a><a href=\"https:\/\/et.pl\" id=\"dc85dfb5-3510-44ea-8928-4b55db474e3f\" rel=\"nofollow noopener\" target=\"_blank\">et.pl<\/a>.<\/p>\n<p><script async src=\"\/\/www.instagram.com\/embed.js\"><\/script><script async src=\"\/\/www.tiktok.com\/embed.js\"><\/script><\/p>\n","protected":false},"excerpt":{"rendered":"Julia Wieniawa po raz kolejny anga\u017cuje si\u0119 w dzia\u0142alno\u015b\u0107 charytatywn\u0105. W ramach tegorocznej edycji Wielkiej Orkiestry \u015awi\u0105tecznej Pomocy&hellip;\n","protected":false},"author":2,"featured_media":236481,"comment_status":"","ping_status":"","sticky":false,"template":"","format":"standard","meta":{"footnotes":"","_share_on_mastodon":"0"},"categories":[22],"tags":[122,42093,1654,48,125,46,42,38,40,39,41,123,47,24147],"class_list":["post-236480","post","type-post","status-publish","format-standard","has-post-thumbnail","category-rozrywka","tag-entertainment","tag-float_tst0","tag-julia_wieniawa","tag-nat_styl","tag-newsy","tag-omp","tag-pl","tag-poland","tag-polish","tag-polska","tag-polski","tag-rozrywka","tag-screening_general","tag-wosp"],"share_on_mastodon":{"url":"https:\/\/pubeurope.com\/@pl\/115994272960607902","error":""},"_links":{"self":[{"href":"https:\/\/www.europesays.com\/pl\/wp-json\/wp\/v2\/posts\/236480","targetHints":{"allow":["GET"]}}],"collection":[{"href":"https:\/\/www.europesays.com\/pl\/wp-json\/wp\/v2\/posts"}],"about":[{"href":"https:\/\/www.europesays.com\/pl\/wp-json\/wp\/v2\/types\/post"}],"author":[{"embeddable":true,"href":"https:\/\/www.europesays.com\/pl\/wp-json\/wp\/v2\/users\/2"}],"replies":[{"embeddable":true,"href":"https:\/\/www.europesays.com\/pl\/wp-json\/wp\/v2\/comments?post=236480"}],"version-history":[{"count":0,"href":"https:\/\/www.europesays.com\/pl\/wp-json\/wp\/v2\/posts\/236480\/revisions"}],"wp:featuredmedia":[{"embeddable":true,"href":"https:\/\/www.europesays.com\/pl\/wp-json\/wp\/v2\/media\/236481"}],"wp:attachment":[{"href":"https:\/\/www.europesays.com\/pl\/wp-json\/wp\/v2\/media?parent=236480"}],"wp:term":[{"taxonomy":"category","embeddable":true,"href":"https:\/\/www.europesays.com\/pl\/wp-json\/wp\/v2\/categories?post=236480"},{"taxonomy":"post_tag","embeddable":true,"href":"https:\/\/www.europesays.com\/pl\/wp-json\/wp\/v2\/tags?post=236480"}],"curies":[{"name":"wp","href":"https:\/\/api.w.org\/{rel}","templated":true}]}}