{"id":236948,"date":"2026-02-01T12:58:11","date_gmt":"2026-02-01T12:58:11","guid":{"rendered":"https:\/\/www.europesays.com\/pl\/236948\/"},"modified":"2026-02-01T12:58:11","modified_gmt":"2026-02-01T12:58:11","slug":"nocny-atak-rosji-na-dniepr-sa-ofiary-smiertelne-onet","status":"publish","type":"post","link":"https:\/\/www.europesays.com\/pl\/236948\/","title":{"rendered":"Nocny atak Rosji na Dniepr. S\u0105 ofiary \u015bmiertelne &#8211; Onet"},"content":{"rendered":"<ol>\n<li><a href=\"https:\/\/news.google.com\/rss\/articles\/CBMirwFBVV95cUxNS01CdThfNm1kMG1nYTN6cTJTNXFrRjh4NXl5a3ozcWppRlRBWWhWTktsMndDbjB1N1AtcFQyaG9YZmhGMl9ZeEoyRkdfbVhtSWtmemdKMjZRS0tNLVhIWlVRbVFyUTlDN3A5TVBrdmZMbU9HR2pKbmtZTWhBSjZGUU1NaVBYSjNsem0tNjRoaC1lSkVQX2psaFdlVzA5U0Q5UUFER3NWQ0o1REt5ZUY0?oc=5\" target=\"_blank\" rel=\"nofollow noopener\">Nocny atak Rosji na Dniepr. S\u0105 ofiary \u015bmiertelne<\/a>&nbsp;&nbsp;Onet<\/li>\n<li><a href=\"https:\/\/news.google.com\/rss\/articles\/CBMiwgFBVV95cUxNYy1HR1FWNmtzbkNmd1VkVjFEQXhxX1dOUlZnTEZUdUNCNXhKbXR2RHhJa1dXdFlaelAzNGdqTDRYN1BKTVU0d3l6NFhKRlVTNldWcHpra0FhRjNEeTByRVp2WGNaRmpjTFFjUzUzb21KV3hsbGVZNkRQMXRaaFlvWDhJMEd0b3JVUmkzM2VLVGk5YTNFd0pCV3hwRE1NQk01NV8tRmdpdVg5clN2WWh2VVR4NVk1V2U4Y1FUX2lkVFQwZw?oc=5\" target=\"_blank\" rel=\"nofollow noopener\">Rosyjski atak na szpital po\u0142o\u017cniczy. Ro\u015bnie liczba rannych<\/a>&nbsp;&nbsp;RMF24<\/li>\n<li><a href=\"https:\/\/news.google.com\/rss\/articles\/CBMiowFBVV95cUxPamdrNldOd01wZEdsaWVzSDM1LUgzUnVjLXZYYkVGUFZsaXZEMDRPZHpPaFVWQ3NNcXdGdEZGU0JuQUVlZTFfN2lOMHdZUWVMMlF2dFlMMGtHVFRhamVYdlBrMDZReDdvSHNlM0FpUnBPcjhjSUM2b3FDdUZsTEdPZm9lUDk5aHpuQ01vdG56R0xHcTZKZFJTSUFRdjlwTG9TMVo4?oc=5\" target=\"_blank\" rel=\"nofollow noopener\">Co najmniej sze\u015b\u0107 os\u00f3b rannych. Rosjanie uderzyli w szpital<\/a>&nbsp;&nbsp;WP Wiadomo\u015bci<\/li>\n<li><a href=\"https:\/\/news.google.com\/rss\/articles\/CBMirgFBVV95cUxQemMyb0FBdUx2VV9qT1hzRi1lbHZwUDhwNExiVVFPYzdweFlNcHNuTkxHZThaRmV0VnRlUFNpRm5MdWRhMHFlVVUtOE9tc2JYYTdRQXRzakVKcG0tT1VNN0djN0drcWR2UnR1YVVLYVBMaXU0OGdEWHBjcDN5WDB2LUtVZTVuUkdTN2JfUUE0SS1SbU9FOHUwdEF6eHBKNWktVnVkTGpjbFFoVVptVlE?oc=5\" target=\"_blank\" rel=\"nofollow noopener\">Rosjanie zaatakowali noc\u0105. Blisko setka dron\u00f3w nad Ukrain\u0105, s\u0105 ofiary<\/a>&nbsp;&nbsp;Polskie Radio 24<\/li>\n<li><a href=\"https:\/\/news.google.com\/rss\/articles\/CBMiugFBVV95cUxOQVhjZ0NkZU5DMnN5SExpVHNOZ3hMVjRmNjhDWndnRnAtSUZBWi1VbmFJZGxSbDEwVVUxcVRiRk1YUURuSXFMRWhNUnRGSHAtbXpDdFk4S0VKN3psRnZUUG41YWhCYURUcE9IdEExS2g2N0FMVG9PWlY2bkc5X01Jc1VIdjBmX0ZsTXlWVnNPckRLdEhpSlZ5dXhwWkFQdGY2UW9VdnVuYXladlEyM0oxUGFuTHRZcnJxTUE?oc=5\" target=\"_blank\" rel=\"nofollow noopener\">&#8222;Rosjanie uderzyli w szpital po\u0142o\u017cniczy&#8221;. Nie ustaj\u0105 ataki na ukrai\u0144skie miasta<\/a>&nbsp;&nbsp;GazetaPrawna.pl<\/li>\n<\/ol>\n","protected":false},"excerpt":{"rendered":"Nocny atak Rosji na Dniepr. S\u0105 ofiary \u015bmiertelne&nbsp;&nbsp;Onet Rosyjski atak na szpital po\u0142o\u017cniczy. Ro\u015bnie liczba rannych&nbsp;&nbsp;RMF24 Co najmniej&hellip;\n","protected":false},"author":2,"featured_media":236949,"comment_status":"","ping_status":"","sticky":false,"template":"","format":"standard","meta":{"footnotes":"","_share_on_mastodon":"0"},"categories":[14],"tags":[32,33,10796,27,64,34,35,28,31,53,25,52,68,51,55,40,41,4686,47,39422,80,29,30,65,50,26,82,83,84],"class_list":["post-236948","post","type-post","status-publish","format-standard","has-post-thumbnail","category-swiat","tag-breaking-news","tag-breakingnews","tag-dniepr","tag-headlines","tag-inwazja_rosji_na_ukraine_2014_","tag-latest-news","tag-latestnews","tag-naglowki","tag-najwazniejsze-artykuly","tag-new_header","tag-news","tag-onet3","tag-onet3d","tag-onet3d_2i","tag-phx","tag-polish","tag-polski","tag-pozar_pozary","tag-screening_general","tag-sg_cleanup_tst1","tag-swiat","tag-top-stories","tag-topstories","tag-update_me","tag-v2021","tag-wiadomosci","tag-world","tag-world-news","tag-worldnews"],"share_on_mastodon":{"url":"https:\/\/pubeurope.com\/@pl\/115995495968126319","error":""},"_links":{"self":[{"href":"https:\/\/www.europesays.com\/pl\/wp-json\/wp\/v2\/posts\/236948","targetHints":{"allow":["GET"]}}],"collection":[{"href":"https:\/\/www.europesays.com\/pl\/wp-json\/wp\/v2\/posts"}],"about":[{"href":"https:\/\/www.europesays.com\/pl\/wp-json\/wp\/v2\/types\/post"}],"author":[{"embeddable":true,"href":"https:\/\/www.europesays.com\/pl\/wp-json\/wp\/v2\/users\/2"}],"replies":[{"embeddable":true,"href":"https:\/\/www.europesays.com\/pl\/wp-json\/wp\/v2\/comments?post=236948"}],"version-history":[{"count":0,"href":"https:\/\/www.europesays.com\/pl\/wp-json\/wp\/v2\/posts\/236948\/revisions"}],"wp:featuredmedia":[{"embeddable":true,"href":"https:\/\/www.europesays.com\/pl\/wp-json\/wp\/v2\/media\/236949"}],"wp:attachment":[{"href":"https:\/\/www.europesays.com\/pl\/wp-json\/wp\/v2\/media?parent=236948"}],"wp:term":[{"taxonomy":"category","embeddable":true,"href":"https:\/\/www.europesays.com\/pl\/wp-json\/wp\/v2\/categories?post=236948"},{"taxonomy":"post_tag","embeddable":true,"href":"https:\/\/www.europesays.com\/pl\/wp-json\/wp\/v2\/tags?post=236948"}],"curies":[{"name":"wp","href":"https:\/\/api.w.org\/{rel}","templated":true}]}}