{"id":237536,"date":"2026-02-01T20:05:15","date_gmt":"2026-02-01T20:05:15","guid":{"rendered":"https:\/\/www.europesays.com\/pl\/237536\/"},"modified":"2026-02-01T20:05:15","modified_gmt":"2026-02-01T20:05:15","slug":"kryzys-polityczny-w-czechach-nabiera-tempa-obywatele-masowo-wyszli-na-ulice-onet-wiadomosci","status":"publish","type":"post","link":"https:\/\/www.europesays.com\/pl\/237536\/","title":{"rendered":"Kryzys polityczny w Czechach nabiera tempa. Obywatele masowo wyszli na ulice &#8211; Onet Wiadomo\u015bci"},"content":{"rendered":"<ol>\n<li><a href=\"https:\/\/news.google.com\/rss\/articles\/CBMitwFBVV95cUxNOUNXTkJYS1hWZU9PUFczdU8zSzM1d3ZZcUIwejM2VDBMOW1YaVlxaHk4R29BUl9LY0ZlRzNzMnpZd24zYlRsVEJBZG04d25fblRKd054TnFKYnhETHVyTFhteFE3eUtuUGdqaU44T3l1TnRlaVotUFBrYnJDaEdMMmNjamcxVVd5VUVvMGpiZk5XQkRYbjNtMy1FanRlWTl1aDRRNlZkZ1UzeXpiSmM2Q0Q5MS01dTg?oc=5\" target=\"_blank\" rel=\"nofollow noopener\">Kryzys polityczny w Czechach nabiera tempa. Obywatele masowo wyszli na ulice<\/a>&nbsp;&nbsp;Onet Wiadomo\u015bci<\/li>\n<li><a href=\"https:\/\/news.google.com\/rss\/articles\/CBMirwFBVV95cUxQalB0TEJOb2RoZ2pkZmp5dFpndEZWMnJaa3prY0c2d05fNE0xWWlaZVRMTHBCTjdGLV9URUlXTmlUaVRYYUdrRFdVVnFPdHM5T3RXNlhldjNScV9ZMXNQNnZoaWJXRm0xbmo2YXJ1Q29OSG4zV21CM3NYZUh2cm94bUVWckgzdnhWWXZKaWtlV2F1MTRFWGtmVVczcE1mUm5aNmdEMDJEWDl2M0FneHBr?oc=5\" target=\"_blank\" rel=\"nofollow noopener\">Wojna na szczycie w\u0142adzy. Tysi\u0105ce oburzonych Czech\u00f3w wysz\u0142o na ulice<\/a>&nbsp;&nbsp;WP Wiadomo\u015bci<\/li>\n<li><a href=\"https:\/\/news.google.com\/rss\/articles\/CBMiugFBVV95cUxPdzItYTljSE5XQk1fekR4OGFLOUkwd2FEYUo3R2dlYjFUcEh2by0tbGhoWG1OZ1ZMbDlZOWZHTzRsRDRHU1Y2MzhDSTJIbURRZzFObk00Nk9GdVpZOE9vYndxekdGWTBuYXFubURkZXF3Qy1lM19PTGtaYUVKdE9ZSUlkTXp4ZmY0dmpTbUdjUVR6NUstTnNNZS1IaFZaRTRaazZBRWdTU0JZTkFvMFBsNzloWWpVQndNdmc?oc=5\" target=\"_blank\" rel=\"nofollow noopener\">Polityczny kryzys w Czechach. Rz\u0105d ignoruje prezydenta, dziesi\u0105tki tysi\u0119cy protestuj\u0105cych na ulicach Pragi<\/a>&nbsp;&nbsp;Wydarzenia w INTERIA.PL<\/li>\n<li><a href=\"https:\/\/news.google.com\/rss\/articles\/CBMixwFBVV95cUxOYVBmdlI4X3dCODlrRndLWE5aX3RIaG9LZEdST2Y4QWRjT3l4dkN5Qm1tMDhwT3JjaEhnbmFLcDhpUWFyaWJaVXFCTGt2T1pnZElpcG5aMkVJV1NraUpGLXdsMHFqQUpYTWpHeW0wTUxLdEVFcVltRTFrbDJqTnhjVTcyTG5Uc054d1FYcGVKSktkcFVsX0JPT19vTjEyYXJ4SlpnOGlzMkc1dTE1QjN1M3V3QVliWXEyUi1XT2pDMmxBekxPLWhZ?oc=5\" target=\"_blank\" rel=\"nofollow noopener\">Czechom grozi &#8222;polska \u015bcie\u017cka&#8221;. Cofni\u0119to decyzj\u0119 &#8222;sprzeczn\u0105 z interesami&#8221; kraju<\/a>&nbsp;&nbsp;TVN24<\/li>\n<li><a href=\"https:\/\/news.google.com\/rss\/articles\/CBMigwFBVV95cUxNWTVoTXVpRmtrYmdoakhBMGVYZDhxSUdZTm50NVlVdE56UG1pNkRlUTAwU2Q5bzY5NzM3Q1U2bW8zUE1HeG9RUjdqNWRzbFhqMW4zLXA2V3BSTTdZeGdRdF9LamdWVEJDX19FUEdGWUJjR09rM3pvcGVadGwyZXphbDNYMNIBgAFBVV95cUxQMEpnYTQyN0ZqaDRFZHRpaE44b1A4X3pHUFZjNk1HclBjbEc3dXgybWQzX3hSNXFuS1RPRXdZM09tMG45dE5aQXBLWVJmX1lKYXBLbDl0R0pEUXpiTDAxVkRGc2Z3LUVKTWstMVh2SEJsclNpczhSUEp1Nm9ncHpISQ?oc=5\" target=\"_blank\" rel=\"nofollow noopener\">Afera w Czechach. Chc\u0105 odwo\u0142ania Babisza<\/a>&nbsp;&nbsp;Do Rzeczy<\/li>\n<\/ol>\n","protected":false},"excerpt":{"rendered":"Kryzys polityczny w Czechach nabiera tempa. Obywatele masowo wyszli na ulice&nbsp;&nbsp;Onet Wiadomo\u015bci Wojna na szczycie w\u0142adzy. Tysi\u0105ce oburzonych&hellip;\n","protected":false},"author":2,"featured_media":237537,"comment_status":"","ping_status":"","sticky":false,"template":"","format":"standard","meta":{"footnotes":"","_share_on_mastodon":"0"},"categories":[14],"tags":[32,33,779,27,34,35,28,31,48,25,46,3100,40,41,4577,47,80,29,30,26,82,83,84],"class_list":["post-237536","post","type-post","status-publish","format-standard","has-post-thumbnail","category-swiat","tag-breaking-news","tag-breakingnews","tag-czechy","tag-headlines","tag-latest-news","tag-latestnews","tag-naglowki","tag-najwazniejsze-artykuly","tag-nat_styl","tag-news","tag-omp","tag-petr_pavel","tag-polish","tag-polski","tag-praga","tag-screening_general","tag-swiat","tag-top-stories","tag-topstories","tag-wiadomosci","tag-world","tag-world-news","tag-worldnews"],"share_on_mastodon":{"url":"https:\/\/pubeurope.com\/@pl\/115997174907460658","error":""},"_links":{"self":[{"href":"https:\/\/www.europesays.com\/pl\/wp-json\/wp\/v2\/posts\/237536","targetHints":{"allow":["GET"]}}],"collection":[{"href":"https:\/\/www.europesays.com\/pl\/wp-json\/wp\/v2\/posts"}],"about":[{"href":"https:\/\/www.europesays.com\/pl\/wp-json\/wp\/v2\/types\/post"}],"author":[{"embeddable":true,"href":"https:\/\/www.europesays.com\/pl\/wp-json\/wp\/v2\/users\/2"}],"replies":[{"embeddable":true,"href":"https:\/\/www.europesays.com\/pl\/wp-json\/wp\/v2\/comments?post=237536"}],"version-history":[{"count":0,"href":"https:\/\/www.europesays.com\/pl\/wp-json\/wp\/v2\/posts\/237536\/revisions"}],"wp:featuredmedia":[{"embeddable":true,"href":"https:\/\/www.europesays.com\/pl\/wp-json\/wp\/v2\/media\/237537"}],"wp:attachment":[{"href":"https:\/\/www.europesays.com\/pl\/wp-json\/wp\/v2\/media?parent=237536"}],"wp:term":[{"taxonomy":"category","embeddable":true,"href":"https:\/\/www.europesays.com\/pl\/wp-json\/wp\/v2\/categories?post=237536"},{"taxonomy":"post_tag","embeddable":true,"href":"https:\/\/www.europesays.com\/pl\/wp-json\/wp\/v2\/tags?post=237536"}],"curies":[{"name":"wp","href":"https:\/\/api.w.org\/{rel}","templated":true}]}}