{"id":237842,"date":"2026-02-02T03:36:10","date_gmt":"2026-02-02T03:36:10","guid":{"rendered":"https:\/\/www.europesays.com\/pl\/237842\/"},"modified":"2026-02-02T03:36:10","modified_gmt":"2026-02-02T03:36:10","slug":"trzy-godziny-alcaraza-i-djokovicia-w-finale-jest-nowy-krol-australian-open","status":"publish","type":"post","link":"https:\/\/www.europesays.com\/pl\/237842\/","title":{"rendered":"Trzy godziny Alcaraza i Djokovicia w finale. Jest nowy kr\u00f3l Australian Open!"},"content":{"rendered":"\n<p class=\"contentpart contentpart--default contentpart--text\" data-position=\"0\">Na Rod Laver Arena dosz\u0142o w niedziel\u0119 do starcia pokole\u0144. O tytu\u0142 w Australian Open 2026 zmierzyli si\u0119 22-letni\u00a0<a href=\"https:\/\/sportowefakty.wp.pl\/tenis\/carlos-alcaraz\" rel=\"nofollow noopener\" target=\"_blank\">Carlos Alcaraz<\/a>\u00a0i 38-letni\u00a0<a href=\"https:\/\/sportowefakty.wp.pl\/tenis\/novak-djokovic\" rel=\"nofollow noopener\" target=\"_blank\">Novak Djokovi\u0107<\/a>. Obaj tenisi\u015bci stan\u0119li przed szans\u0105 na zapisanie si\u0119 w historii, dlatego ich fina\u0142owy pojedynek zapowiada\u0142 si\u0119 interesuj\u0105co.<\/p>\n<p class=\"contentpart contentpart--default contentpart--text\" data-position=\"1\">Djokovi\u0107 bardzo pewnie wszed\u0142 w to spotkanie. Serb nie tylko serwowa\u0142 na wysokim poziomie, ale tak\u017ce posy\u0142a\u0142 imponuj\u0105ce pi\u0142ki z forhendu. Alcaraz z kolei zacz\u0105\u0142 wolno. Wida\u0107 by\u0142o, \u017ce potrzebuje czasu, aby z\u0142apa\u0107 w\u0142a\u015bciwy dla siebie rytm. Zanim do tego dosz\u0142o, &#8222;Nole&#8221; zdoby\u0142 przewag\u0119. Udokumentowa\u0142 j\u0105 prze\u0142amaniami w czwartym i \u00f3smym gemie, dzi\u0119ki czemu zamkn\u0105\u0142 premierow\u0105 ods\u0142on\u0119 wynikiem 6:2.<\/p>\n<p>  <img decoding=\"async\" src=\"https:\/\/v.wpimg.pl\/X3dwLnN2d1IFFTpdYUl6R0ZNbgcnEHQREVV2TGEGbUtRT2MdOlZ2RBQUKABgQjQcDRotCStBd1IAAWMeIlM7VgwYIAorQAdEFFk_GCkQJQ\" alt=\"\" width=\"45\" height=\"58\" loading=\"lazy\"\/>  <\/p>\n<p class=\"contentpart contentpart--default contentpart--text\" data-position=\"2\">ZOBACZ WIDEO: Mocne s\u0142owa Igi \u015awi\u0105tek na konferencji! Nie gryz\u0142a si\u0119 w j\u0119zyk!<\/p>\n<p class=\"contentpart contentpart--default contentpart--text\" data-position=\"4\">W drugiej partii role si\u0119 odwr\u00f3ci\u0142y. Alcaraz prezentowa\u0142 wy\u017cszy poziom, natomiast u Djokovicia pojawi\u0142y si\u0119 niewymuszone b\u0142\u0119dy. Serb nagle zacz\u0105\u0142 skraca\u0107 gr\u0119, podejmuj\u0105c dziwne decyzje. W trzecim gemie straci\u0142 podanie po nieudanej akcji serwis i wolej. Potem &#8222;Carlitos&#8221; opanowa\u0142 sytuacj\u0119 na korcie. W \u00f3smym gemie do\u0142o\u017cy\u0142 jeszcze jedno prze\u0142amanie, a po zmianie stron natychmiast wykorzysta\u0142 pierwszego setbola.<\/p>\n<p class=\"contentpart contentpart--default contentpart--text\" data-position=\"5\">Obraz gry nie uleg\u0142 zmianie w trzeciej cz\u0119\u015bci pojedynku. Lider rankingu ATP by\u0142 ju\u017c w\u00f3wczas niezagro\u017cony przy w\u0142asnym podaniu. Djokovi\u0107 walczy\u0142 o przetrwanie, momentami rusza\u0142 do walki i nawet ca\u0142kiem dobrze radzi\u0142 sobie w wymianach. Jednak nie brakowa\u0142o tak\u017ce b\u0142\u0119d\u00f3w czy sytuacji, gdy gorzej porusza\u0142 si\u0119 od rywala. Hiszpan wykorzysta\u0142 swoje szanse. Najpierw zdoby\u0142 prze\u0142amanie w pi\u0105tym gemie. Potem dosz\u0142o do wielkiej walki przy stanie 5:3. Serb obroni\u0142 cztery setbole, lecz przy pi\u0105tej okazji faworyt by\u0142 ju\u017c skuteczny.<\/p>\n<p>  <img decoding=\"async\" src=\"https:\/\/v.wpimg.pl\/X3dwLnN2d1IFFTpdYUl6R0ZNbgcnEHQREVV2TGEGbUtRT2MdOlZ2RBQUKABgQjQcDRotCStBd1IAAWMeIlM7VgwYIAorQAdEFFk_GCkQJQ\" alt=\"\" width=\"45\" height=\"58\" loading=\"lazy\"\/>  <\/p>\n<p class=\"contentpart contentpart--default contentpart--text\" data-position=\"6\">Alcaraz prowadzi\u0142 zatem 2-1 w setach i chcia\u0142 w bardzo dobrym stylu otworzy\u0107 czwart\u0105 ods\u0142on\u0119. W drugim gemie mocno przycisn\u0105\u0142 na returnie, ale Djokovi\u0107 obroni\u0142 a\u017c sze\u015b\u0107 break point\u00f3w. Serb robi\u0142 wszystko, aby utrzyma\u0107 serwis. Przy stanie po 4 role si\u0119 odwr\u00f3ci\u0142y, bo tenisista z Belgradu zaskoczy\u0142 rywala na returnie. W\u00f3wczas jednak &#8222;Nole&#8221; zmarnowa\u0142 break pointa, posy\u0142aj\u0105c pi\u0142k\u0119 w aut. W dwunastym gemie Hiszpan wykorzysta\u0142 ju\u017c b\u0142\u0119dy przeciwnika i wypracowa\u0142 dwie pi\u0142ki mistrzowskie. Przy pierwszej czterosetowy pojedynek dobieg\u0142 ko\u0144ca i &#8222;Carlitos&#8221; m\u00f3g\u0142 \u015bwi\u0119towa\u0107 kolejny wielki sukces.<\/p>\n<p class=\"contentpart contentpart--default contentpart--text\" data-position=\"7\">Po trzech godzinach i 2 minutach Alcaraz pokona\u0142 Djokovicia 2:6, 6:2, 6:3, 7:5. W niedziel\u0119 zdoby\u0142 o 12 punkt\u00f3w wi\u0119cej od rywala (118-106). Hiszpanowi zapisano 36 wygrywaj\u0105cych uderze\u0144 i 27 pomy\u0142ek. Serb mia\u0142 32 ko\u0144cz\u0105ce zagrania i a\u017c 46 b\u0142\u0119d\u00f3w w\u0142asnych. Tenisista z El Palmar postara\u0142 si\u0119 tak\u017ce o pi\u0119\u0107 prze\u0142ama\u0144, a jego utytu\u0142owany przeciwnik tylko o dwa.<\/p>\n<p>  <img decoding=\"async\" src=\"https:\/\/v.wpimg.pl\/X3dwLnN2d1IFFTpdYUl6R0ZNbgcnEHQREVV2TGEGbUtRT2MdOlZ2RBQUKABgQjQcDRotCStBd1IAAWMeIlM7VgwYIAorQAdEFFk_GCkQJQ\" alt=\"\" width=\"45\" height=\"58\" loading=\"lazy\"\/>  <\/p>\n<p class=\"contentpart contentpart--default contentpart--text\" data-position=\"8\">Najwy\u017cej rozstawiony Alcaraz zosta\u0142 triumfatorem Australian Open 2026. Tym samym po raz pierwszy w karierze wygra\u0142 imprez\u0119 na kortach Melbourne Park. Na jego koncie jest teraz siedem wielkoszlemowych tytu\u0142\u00f3w. Pokonany Djokovi\u0107 nie wywalczy\u0142 rekordowego 25. trofeum w Wielkim Szlemie, ale pokaza\u0142 charakter. Serb z pewno\u015bci\u0105 podejmie kolejne pr\u00f3by, aby i w taki spos\u00f3b zapisa\u0107 si\u0119 w historii.<\/p>\n<p class=\"contentpart contentpart--default contentpart--text\" data-position=\"9\"><a href=\"https:\/\/sportowefakty.wp.pl\/tenis\/australian-open\" rel=\"nofollow noopener\" target=\"_blank\">Australian Open<\/a>, Melbourne (Australia)<br \/>Wielki Szlem, kort twardy, pula nagr\u00f3d 111,5 mln dolar\u00f3w australijskich<br \/>niedziela, 1 lutego<\/p>\n<p class=\"contentpart contentpart--default contentpart--text\" data-position=\"10\">fina\u0142 gry pojedynczej:<\/p>\n<p class=\"contentpart contentpart--default contentpart--text\" data-position=\"11\">Carlos Alcaraz (Hiszpania, 1) &#8211; Novak Djokovi\u0107 (Serbia, 4) 2:6, 6:2, 6:3, 7:5<\/p>\n<p class=\"contentpart contentpart--default contentpart--text\" data-position=\"12\"><a href=\"https:\/\/sportowefakty.wp.pl\/tenis\/1229632\/australian-open-program-i-wyniki-mezczyzn-drabinka\" rel=\"nofollow noopener\" target=\"_blank\">Program i wyniki turnieju m\u0119\u017cczyzn<\/a><\/p>\n","protected":false},"excerpt":{"rendered":"Na Rod Laver Arena dosz\u0142o w niedziel\u0119 do starcia pokole\u0144. O tytu\u0142 w Australian Open 2026 zmierzyli si\u0119&hellip;\n","protected":false},"author":2,"featured_media":237843,"comment_status":"","ping_status":"","sticky":false,"template":"","format":"standard","meta":{"footnotes":"","_share_on_mastodon":"0"},"categories":[24],"tags":[2080,995,31706,7840,267,14105,31705,9122,42,38,40,39,41,279,127,126,156,37628],"class_list":["post-237842","post","type-post","status-publish","format-standard","has-post-thumbnail","category-sport","tag-atp","tag-australia","tag-australian-open","tag-carlos-alcaraz","tag-hiszpania","tag-itf","tag-melbourne","tag-novak-djokovic","tag-pl","tag-poland","tag-polish","tag-polska","tag-polski","tag-serbia","tag-sport","tag-sports","tag-tenis","tag-wielki-szlem"],"share_on_mastodon":{"url":"https:\/\/pubeurope.com\/@pl\/115998948255338970","error":""},"_links":{"self":[{"href":"https:\/\/www.europesays.com\/pl\/wp-json\/wp\/v2\/posts\/237842","targetHints":{"allow":["GET"]}}],"collection":[{"href":"https:\/\/www.europesays.com\/pl\/wp-json\/wp\/v2\/posts"}],"about":[{"href":"https:\/\/www.europesays.com\/pl\/wp-json\/wp\/v2\/types\/post"}],"author":[{"embeddable":true,"href":"https:\/\/www.europesays.com\/pl\/wp-json\/wp\/v2\/users\/2"}],"replies":[{"embeddable":true,"href":"https:\/\/www.europesays.com\/pl\/wp-json\/wp\/v2\/comments?post=237842"}],"version-history":[{"count":0,"href":"https:\/\/www.europesays.com\/pl\/wp-json\/wp\/v2\/posts\/237842\/revisions"}],"wp:featuredmedia":[{"embeddable":true,"href":"https:\/\/www.europesays.com\/pl\/wp-json\/wp\/v2\/media\/237843"}],"wp:attachment":[{"href":"https:\/\/www.europesays.com\/pl\/wp-json\/wp\/v2\/media?parent=237842"}],"wp:term":[{"taxonomy":"category","embeddable":true,"href":"https:\/\/www.europesays.com\/pl\/wp-json\/wp\/v2\/categories?post=237842"},{"taxonomy":"post_tag","embeddable":true,"href":"https:\/\/www.europesays.com\/pl\/wp-json\/wp\/v2\/tags?post=237842"}],"curies":[{"name":"wp","href":"https:\/\/api.w.org\/{rel}","templated":true}]}}