{"id":237954,"date":"2026-02-02T07:06:12","date_gmt":"2026-02-02T07:06:12","guid":{"rendered":"https:\/\/www.europesays.com\/pl\/237954\/"},"modified":"2026-02-02T07:06:12","modified_gmt":"2026-02-02T07:06:12","slug":"styczen-za-nami-diagnozy-nie-ma-herra-nadal-milczy","status":"publish","type":"post","link":"https:\/\/www.europesays.com\/pl\/237954\/","title":{"rendered":"Stycze\u0144 za nami, diagnozy nie ma. Herra nadal milczy"},"content":{"rendered":"<p>Legia Warszawa przygotowuje si\u0119 do\u00a0pierwszego meczu w\u00a0nowej rundzie z\u00a0Koron\u0105 Kielce i\u00a0chce pozostawi\u0107 za\u00a0sob\u0105 nieudane poprzednie miesi\u0105ce. Nowy trener Marek Papszun ma\u00a0wprowadzi\u0107 inne za\u0142o\u017cenia taktyczne, bardziej zintegrowa\u0107 zesp\u00f3\u0142 i\u00a0przede wszystkim wyprowadzi\u0107 go\u00a0ze\u00a0strefy spadkowej. Fani nadal nie\u00a0poznali jednak jasnych odpowiedzi na\u00a0to, sk\u0105d wzi\u0119\u0142o si\u0119 jesienne za\u0142amanie formy. Albo\u00a0przynajmniej, nie\u00a0poznali ich ze\u00a0strony ludzi zarz\u0105dzaj\u0105cych klubem.\u00a0<\/p>\n<p>W\u0142a\u015bciciel klubu Dariusz Mioduski wci\u0105\u017c skutecznie unika bowiem publicznych wyst\u0105pie\u0144, natomiast w\u00a0grudniu podczas briefingu przedstawiaj\u0105cego Papszuna wyst\u0105pi\u0142 Marcin Herra. Tamtego dnia ukaza\u0142a si\u0119 informacja o\u00a0tym, \u017ce\u00a0obejmuje on\u00a0pe\u0142n\u0105 odpowiedzialno\u015b\u0107 za\u00a0zarz\u0105dzanie klubem. Zada\u0142em wi\u0119c\u00a0w\u00f3wczas pytanie o\u00a0diagnoz\u0119 sytuacji, kt\u00f3ra\u00a0sprawi\u0142a, \u017ce\u00a0Legia sko\u0144czy\u0142a 2025 rok na\u00a0przedostatnim miejscu w\u00a0tabeli Ekstraklasy.<\/p>\n<p>Herra nadal milczy. Stycze\u0144 min\u0105\u0142, diagnozy nie\u00a0ma<\/p>\n<p>\u2013 Pozostaj\u0105c w\u00a0konwencji briefingu, na\u00a0ten temat musieliby\u015bmy pewnie d\u0142u\u017cej porozmawia\u0107. Mam takie poczucie, \u017ce\u00a0dzi\u015b najwa\u017cniejsza jest nast\u0119puj\u0105ca informacja: pan Marek Papszun rozpoczyna prac\u0119 w\u00a0Legii. Druga wie\u015b\u0107, nie\u00a0a\u017c\u00a0tak\u00a0istotna z\u00a0punktu sportowego, to\u00a0jednoznaczna odpowiedzialno\u015b\u0107 za\u00a0ca\u0142o\u015b\u0107 spraw w\u00a0klubie. Po\u00a0trzecie, dajcie nam troszeczk\u0119 popracowa\u0107, by\u015bmy mogli w\u00a0styczniu pewnie nieco wi\u0119cej powiedzie\u0107\u00a0\u2013 odpowied\u017a brzmia\u0142a nast\u0119puj\u0105co. Herra doda\u0142 r\u00f3wnie\u017c, \u017ce\u00a0w\u00a0tamtej\u00a0chwili nie\u00a0mo\u017ce precyzyjnie przekazywa\u0107 wszystkich informacji, a\u00a0nie\u00a0chcia\u0142by, aby wy\u0142\u0105cznie w\u0105tkiem do\u00a0komentowania sta\u0142y si\u0119 niestworzone przed\u00a0niego tytu\u0142y.<\/p>\n<p>Wyczuwalny by\u0142 \u017cal do\u00a0cz\u0119\u015bci internetowej spo\u0142eczno\u015bci o\u00a0to, \u017ce\u00a0po\u00a0lipcowej wizycie w\u00a0programie Kilka S\u0142\u00f3w o\u00a0Legii, mocno nios\u0142y si\u0119 za\u00a0nim s\u0142owa (i\u00a0w\u00a0zasadzie dalej nios\u0105) o\u00a0tym, \u017ce\u00a0w\u00a0klubie znaj\u0105 przepis na\u00a0mistrzostwo Polski.\u00a0\u2013 Dzi\u015b najlepszym przepisem na\u00a0to, co\u00a0mo\u017cemy robi\u0107, jest praca\u00a0\u2013 dodawa\u0142.<\/p>\n<p>Jej efekty b\u0119dziemy mogli oczywi\u015bcie \u015bledzi\u0107 ju\u017c niebawem, ale\u00a0fani na\u00a0razie, je\u015bli chodzi o\u00a0opini\u0119 na\u00a0temat b\u0142\u0119d\u00f3w z\u00a0przesz\u0142o\u015bci musz\u0105 zadowoli\u0107 si\u0119 wypowiedziami zawodnik\u00f3w. W\u00a0sobot\u0119 w\u00a0mediach (cho\u0107by na\u00a0portalu Legioni\u015bci.com) ukaza\u0142y si\u0119 wywiady z\u00a0Arturem J\u0119drzejczykiem. Do\u015bwiadczony kapitan Legii m\u00f3wi w\u00a0nich o\u00a0rotacji w\u00a0sk\u0142adzie, braku zgrania, tymczasowo\u015bci za\u00a0czas\u00f3w Astiza czy\u00a0rozmowach wewn\u0105trz szatni. Ka\u017cdy mo\u017ce podej\u015b\u0107 r\u00f3\u017cnie do\u00a0tych t\u0142umacze\u0144, ale\u00a0na\u00a0pewno jest to\u00a0pewna pr\u00f3ba odniesienia si\u0119 do\u00a0tamtych chwil.<\/p>\n<p>Ze\u00a0strony Marcina Herry wci\u0105\u017c mamy jednak tylko\u00a0milczenie.<\/p>\n<p><img decoding=\"async\" class=\"size-full wp-image-1390951 aligncenter\" src=\"https:\/\/www.europesays.com\/pl\/wp-content\/uploads\/2026\/02\/marcin-herra-legia-warszawa-konferencja-scaled.jpg\" alt=\"Marcin Herra\" width=\"2560\" height=\"1706\" loading=\"lazy\"  \/><\/p>\n<p>Seria b\u0142\u0119d\u00f3w Legii Warszawa. Wyja\u015bnie\u0144 dalej brak<\/p>\n<p>Legia latem poprzedniego roku zatrudni\u0142a trenera, kt\u00f3ry\u00a0bardzo szybko stwierdzi\u0142, \u017ce\u00a0nie\u00a0chce tu\u00a0pracowa\u0107. Edward Iordanescu wcze\u015bniej przy poprzedniej ekipie w\u00a0pionie sportowym zosta\u0142 zreszt\u0105 negatywnie zweryfikowany, ale\u00a0tak\u00a0jakby w\u00a0Legii o\u00a0tym zapomnieli. Poprzez sprowadzenie takich pi\u0142karzy jak Kacper Urba\u0144ski, Damian Szyma\u0144ski czy\u00a0Kamil Pi\u0105tkowski utworzono w\u00a0klubie najwy\u017cszy bud\u017cet p\u0142acowy w\u00a0lidze. Na\u00a0koniec rundy pozostawiono ekip\u0119 bez\u00a0trenera, powierzaj\u0105c j\u0105\u00a0na\u00a010 spotka\u0144 ucz\u0105cemu si\u0119 dopiero tego fachu Inakiemu Astizowi. Ponadto, przez\u00a0wiele tygodni pr\u00f3bowano wyci\u0105gn\u0105\u0107 Marka Papszuna z\u00a0Rakowa Cz\u0119stochowa, kompletnie nie\u00a0b\u0119d\u0105c przygotowanym na\u00a0scenariusz m\u00f3wi\u0105cy o\u00a0tym, \u017ce\u00a0przecie\u017c jego aktualny pracodawca mo\u017ce mie\u0107 na\u00a0ten temat inne zdanie.<\/p>\n<p>To\u00a0wszystko doprowadzi\u0142o do\u00a0momentu, w\u00a0kt\u00f3rym\u00a0Legia nie\u00a0wygra\u0142a 11 mecz\u00f3w z\u00a0rz\u0119du, a\u00a0wi\u0119c\u00a0ustanowi\u0142a negatywny rekord. 110-lecie klubu troch\u0119 wi\u0119c\u00a0mo\u017ce si\u0119 r\u00f3\u017cni\u0107 od\u00a0hucznych obchod\u00f3w 100-lecia warszawskiego klubu, kiedy Legia si\u0119ga\u0142a zar\u00f3wno po\u00a0mistrzostwo Polski, jak i\u00a0krajowy puchar.<\/p>\n<p>Przysz\u0142o\u015b\u0107 klubu tak\u017ce wydaje si\u0119 niepewna, bo\u00a0przecie\u017c nie\u00a0od\u00a0dzi\u015b wiadomo, \u017ce\u00a0mocno na\u00a0finanse wp\u0142ywa gra w\u00a0europejskich pucharach. Marek Papszun i\u00a0jego ekipa na\u00a0pewno chc\u0105 przeprowadzi\u0107 odwa\u017cn\u0105 szar\u017c\u0119 na\u00a0g\u00f3rne rejony tabeli, ale\u00a0reszta ligi nie\u00a0\u015bpi i\u00a0mo\u017ce to\u00a0nie\u00a0wystarczy\u0107. Odpadni\u0119cie z\u00a0Pucharu Polski r\u00f3wnie\u017c w\u00a0tej\u00a0sytuacji nie\u00a0pomaga. \u2013 Jeste\u015bmy na\u00a0p\u00f3\u0142metku, wi\u0119c\u00a0dzi\u015b bym\u00a0jeszcze nie\u00a0wchodzi\u0142 w\u00a0bardzo zaawansowan\u0105 analiz\u0119. Przed\u00a0nami te\u017c najbli\u017csze tygodnie, je\u015bli chodzi o\u00a0obszar organizacyjny i\u00a0scenariusze. Na\u00a0t\u0119\u00a0chwil\u0119 najwa\u017cniejsza rzecz to\u00a0przygotowanie sportowe do\u00a0pierwszego meczu. Przed\u00a0nami jeszcze bardzo du\u017co spotka\u0144. W\u00a0tej\u00a0lidze ka\u017cdy wyst\u0119p jest niezwykle istotny, zespo\u0142y s\u0105\u00a0blisko siebie w\u00a0tabeli. Teraz koncentrujemy si\u0119 tym, by\u00a0ka\u017cdy kolejny dzie\u0144 przybli\u017ca\u0142 nas do\u00a0tego, by\u015bmy nie\u00a0musieli my\u015ble\u0107 o\u00a0negatywnych scenariuszach\u00a0\u2013 m\u00f3wi\u0142 w\u00a0grudniu Herra.<\/p>\n<p>Wydaje si\u0119, \u017ce\u00a0pyta\u0144 mo\u017cna by\u00a0by\u0142o zada\u0107 bardzo wiele, natomiast konkret\u00f3w nie\u00a0wida\u0107.<\/p>\n<p>Stycze\u0144, cho\u0107 d\u0142ugi i\u00a0dla niekt\u00f3rych trwaj\u0105cy nawet ca\u0142y rok, ju\u017c si\u0119 sko\u0144czy\u0142. Mimo zapowiedzi, diagnozy sytuacji czy\u00a0przeprosin w\u00a0stron\u0119 kibic\u00f3w nie\u00a0by\u0142o, wi\u0119c\u00a0by\u0107 mo\u017ce pojawi\u0105 si\u0119 one po\u00a0pierwszych ligowych tygodniach. Chocia\u017c patrz\u0105c na\u00a0cz\u0119stotliwo\u015b\u0107 wyst\u0105pie\u0144, to\u00a0wielkich nadziei bym\u00a0sobie nie\u00a0robi\u0142.<\/p>\n<p>\u00a0<\/p>\n<p>CZYTAJ WI\u0118CEJ NA\u00a0WESZ\u0141O:<\/p>\n<p>fot.\u00a0Newspix<\/p>\n","protected":false},"excerpt":{"rendered":"Legia Warszawa przygotowuje si\u0119 do\u00a0pierwszego meczu w\u00a0nowej rundzie z\u00a0Koron\u0105 Kielce i\u00a0chce pozostawi\u0107 za\u00a0sob\u0105 nieudane poprzednie miesi\u0105ce. Nowy trener&hellip;\n","protected":false},"author":2,"featured_media":237955,"comment_status":"","ping_status":"","sticky":false,"template":"","format":"standard","meta":{"footnotes":"","_share_on_mastodon":"0"},"categories":[24],"tags":[713,4797,42,38,40,39,41,127,126],"class_list":["post-237954","post","type-post","status-publish","format-standard","has-post-thumbnail","category-sport","tag-legia-warszawa","tag-marcin-herra","tag-pl","tag-poland","tag-polish","tag-polska","tag-polski","tag-sport","tag-sports"],"share_on_mastodon":{"url":"https:\/\/pubeurope.com\/@pl\/115999774162929072","error":""},"_links":{"self":[{"href":"https:\/\/www.europesays.com\/pl\/wp-json\/wp\/v2\/posts\/237954","targetHints":{"allow":["GET"]}}],"collection":[{"href":"https:\/\/www.europesays.com\/pl\/wp-json\/wp\/v2\/posts"}],"about":[{"href":"https:\/\/www.europesays.com\/pl\/wp-json\/wp\/v2\/types\/post"}],"author":[{"embeddable":true,"href":"https:\/\/www.europesays.com\/pl\/wp-json\/wp\/v2\/users\/2"}],"replies":[{"embeddable":true,"href":"https:\/\/www.europesays.com\/pl\/wp-json\/wp\/v2\/comments?post=237954"}],"version-history":[{"count":0,"href":"https:\/\/www.europesays.com\/pl\/wp-json\/wp\/v2\/posts\/237954\/revisions"}],"wp:featuredmedia":[{"embeddable":true,"href":"https:\/\/www.europesays.com\/pl\/wp-json\/wp\/v2\/media\/237955"}],"wp:attachment":[{"href":"https:\/\/www.europesays.com\/pl\/wp-json\/wp\/v2\/media?parent=237954"}],"wp:term":[{"taxonomy":"category","embeddable":true,"href":"https:\/\/www.europesays.com\/pl\/wp-json\/wp\/v2\/categories?post=237954"},{"taxonomy":"post_tag","embeddable":true,"href":"https:\/\/www.europesays.com\/pl\/wp-json\/wp\/v2\/tags?post=237954"}],"curies":[{"name":"wp","href":"https:\/\/api.w.org\/{rel}","templated":true}]}}