{"id":238131,"date":"2026-02-02T12:40:08","date_gmt":"2026-02-02T12:40:08","guid":{"rendered":"https:\/\/www.europesays.com\/pl\/238131\/"},"modified":"2026-02-02T12:40:08","modified_gmt":"2026-02-02T12:40:08","slug":"tragiczna-smierc-dziennikarki-katarzyny-stoparczyk-wiemy-co-dalej-ze-sledztwem","status":"publish","type":"post","link":"https:\/\/www.europesays.com\/pl\/238131\/","title":{"rendered":"Tragiczna \u015bmier\u0107 dziennikarki Katarzyny Stoparczyk. Wiemy, co dalej ze \u015bledztwem"},"content":{"rendered":"<ul class=\"UnorderedList_container__nmfSl\">\n<li class=\"UnorderedList_listElement__Py7xi\" data-id=\"ai-summary-link\">Du\u017co czytania, a ma\u0142o czasu? Sprawd\u017a\u00a0skr\u00f3t\u00a0artyku\u0142u<\/li>\n<\/ul>\n<p class=\"Paragraph_desktopParagraph__U31Gm\">Przypomnijmy, \u017ce do tego tragicznego wypadku dosz\u0142o <a href=\"https:\/\/wiadomosci.onet.pl\/kraj\/katarzyna-stoparczyk-nie-zyje-zginela-w-wypadku-samochodowym\/nsvj4sp\" id=\"98bb21ff-6a7f-4b74-b51b-d2ee1e8b637b\" rel=\"nofollow noopener\" target=\"_blank\">5 wrze\u015bnia 2025 r. na prostym odcinku trasy S19 pomi\u0119dzy w\u0119z\u0142em Je\u017cowe a MOP Podg\u00f3rze. <\/a>Zderzy\u0142y si\u0119 tam dwa samochody marki skoda \u2014 czarny i bia\u0142y.<\/p>\n<p class=\"Paragraph_desktopParagraph__U31Gm\">Na miejscu zgin\u0119\u0142y dwie osoby \u2014 55-letnia Katarzyna Stoparczyk, znana dziennikarka, oraz 57-letni Jerzy Ch., pasa\u017cer jednego z pojazd\u00f3w. Pozostali uczestnicy zdarzenia, w tym kierowcy obu aut, zostali przetransportowani do szpitala.<\/p>\n<p class=\"Paragraph_desktopParagraph__U31Gm\">Kilka miesi\u0119cy po wypadku, w po\u0142owie grudnia, prokuratura potwierdzi\u0142a \u015bmier\u0107 kolejnej osoby. Chodzi o Witolda K. \u2014 kierowc\u0119 bia\u0142ej skody, kt\u00f3ry od wrze\u015bnia pozostawa\u0142 pod opiek\u0105 lekarzy.<\/p>\n<p class=\"VideoPlayerText_videoPlayerText__iDwyz\">Dalszy ci\u0105g materia\u0142u pod wideo<\/p>\n<ul class=\"OchatFollowUps_wrapper__1ry7X\">\n<li class=\"OchatFollowUps_item__Dhyly OchatFollowUps_itemDesktop__R6aBv\">Jakie s\u0105 okoliczno\u015bci wypadku, w kt\u00f3rym zgin\u0119\u0142a Katarzyna Stoparczyk?<\/li>\n<li class=\"OchatFollowUps_item__Dhyly OchatFollowUps_itemDesktop__R6aBv\">Co ustali\u0142a prokuratura w sprawie wypadku?<\/li>\n<li class=\"OchatFollowUps_item__Dhyly OchatFollowUps_itemDesktop__R6aBv\">Ile os\u00f3b zgin\u0119\u0142o w wypadku drogowym?<\/li>\n<li class=\"OchatFollowUps_item__Dhyly OchatFollowUps_itemDesktop__R6aBv\">Jakie inicjatywy podejmuj\u0105 synowie Katarzyny Stoparczyk?<\/li>\n<\/ul>\n<p>Tragiczna \u015bmier\u0107 znanej dziennikarki. Co si\u0119 sta\u0142o? <\/p>\n<p class=\"Paragraph_desktopParagraph__U31Gm\">Czarna skoda, kt\u00f3r\u0105 podr\u00f3\u017cowa\u0142a <a href=\"https:\/\/plejada.pl\/temat\/katarzyna-stoparczyk\/x3k3lwd\" id=\"4fbc87b4-2ac4-4efb-a547-904426f7b317\" rel=\"nofollow noopener\" target=\"_blank\">Katarzyna Stoparczyk<\/a>, zderzy\u0142a si\u0119 z bia\u0142\u0105 skod\u0105 prowadzon\u0105 przez Witolda K. \u015aledczy podkre\u015blaj\u0105 jednak, \u017ce dopiero po uzyskaniu opinii bieg\u0142ych mo\u017cliwe b\u0119dzie wskazanie osoby odpowiedzialnej za wypadek.<\/p>\n<p class=\"Paragraph_desktopParagraph__U31Gm\">Prokuratura Rejonowa w Nisku prowadzi \u015bledztwo dotycz\u0105ce okoliczno\u015bci wypadku drogowego ze skutkiem \u015bmiertelnym. Nikomu do tej pory nie postawiono zarzut\u00f3w.<\/p>\n<p class=\"Paragraph_desktopParagraph__U31Gm\">\u015aledztwo w tej sprawie trwa ju\u017c od czterech miesi\u0119cy. W ostatnich dniach zwr\u00f3cili\u015bmy si\u0119 do prokuratury, by sprawdzi\u0107, jakie s\u0105 najnowsze ustalenia.<\/p>\n<p class=\"Paragraph_desktopParagraph__U31Gm\">&#8222;W nawi\u0105zaniu do pisma dot. wypadku drogowego zaistnia\u0142ego w dniu 5 wrze\u015bnia 2025 r. w miejscowo\u015bci Je\u017cowe, w nast\u0119pstwie kt\u00f3rego \u015bmier\u0107 ponios\u0142a Katarzyna Stoparczyk uprzejmie informuj\u0119, \u017ce w sprawie zasi\u0119gni\u0119to kompleksowej opinii Instytutu Ekspertyz S\u0105dowych im. prof. dra Jana Sehna i Zak\u0142adu Medycyny S\u0105dowej Collegium Medicum Uniwersytetu Jagiello\u0144skiego w Krakowie&#8221; \u2014 informuje Onet zast\u0119pca Prokuratora Rejonowego Urszula B\u0142\u0105dek.<\/p>\n<p class=\"Paragraph_desktopParagraph__U31Gm\">Specjalistyczna opinia krakowskiego instytutu pomo\u017ce ustali\u0107 przebieg i przyczyny wypadku.<\/p>\n<p class=\"Paragraph_desktopParagraph__U31Gm\">&#8222;W zale\u017cno\u015bci od tre\u015bci opinii, w tym kierunku b\u0119dzie kontynuowane post\u0119powanie&#8221; \u2014 dodaje prokurator B\u0142\u0105dek.<\/p>\n<p>Synowie Katarzyny Stoparczyk pomagaj\u0105 dzieciom. Stworzyli wyj\u0105tkowe miejsce <\/p>\n<p class=\"Paragraph_desktopParagraph__U31Gm\">Pracownia Psychologiczno-Terapeutyczna dla Dzieci i M\u0142odzie\u017cy imienia Kasi Stoparczyk to inicjatywa Fundacji &#8222;Wroc\u0142awskie Hospicjum dla Dzieci&#8221;, z kt\u00f3r\u0105 dziennikarka przez 15 lat by\u0142a zwi\u0105zana jako ambasadorka.<\/p>\n<p class=\"Paragraph_desktopParagraph__U31Gm\">Synowie Stoparczyk nie poprzestaj\u0105 na kontynuowaniu jej misji. Wspieraj\u0105 tak\u017ce Wielk\u0105 <a href=\"https:\/\/kobieta.onet.pl\/wiadomosci\/synowie-katarzyny-stoparczyk-pomagaja-dzieciom-stworzyli-wyjatkowe-miejsce\/3r37ve3\" id=\"06c2854e-6c5b-4d3b-878f-2b15a5047f5e\" rel=\"nofollow noopener\" target=\"_blank\">Orkiestr\u0119 \u015awi\u0105tecznej Pomocy, przekazuj\u0105c na aukcj\u0119 jej Z\u0142oty Mikrofon.<\/a> Przed kamerami wspominali, \u017ce matka uwra\u017cliwi\u0142a ich na potrzeby innych, bezwarunkowo pomagaj\u0105c drugiemu cz\u0142owiekowi.<\/p>\n<p class=\"Paragraph_desktopParagraph__U31Gm\">Chcesz porozmawia\u0107 z autorami? Napisz: marcin.terlik@redakcjaonet.pl ; szymon.piegza@redakcjaonet.pl<\/p>\n","protected":false},"excerpt":{"rendered":"Du\u017co czytania, a ma\u0142o czasu? Sprawd\u017a\u00a0skr\u00f3t\u00a0artyku\u0142u Przypomnijmy, \u017ce do tego tragicznego wypadku dosz\u0142o 5 wrze\u015bnia 2025 r. na&hellip;\n","protected":false},"author":2,"featured_media":238132,"comment_status":"","ping_status":"","sticky":false,"template":"","format":"standard","meta":{"footnotes":"","_share_on_mastodon":"0"},"categories":[12],"tags":[32,33,36,37,27,67,322,34,35,28,31,53,25,52,68,51,55,42,38,251,40,39,41,349,47,29,30,65,50,26,2588],"class_list":["post-238131","post","type-post","status-publish","format-standard","has-post-thumbnail","category-polska","tag-breaking-news","tag-breakingnews","tag-featured-news","tag-featurednews","tag-headlines","tag-intextvideo_splayer","tag-katarzyna_stoparczyk","tag-latest-news","tag-latestnews","tag-naglowki","tag-najwazniejsze-artykuly","tag-new_header","tag-news","tag-onet3","tag-onet3d","tag-onet3d_2i","tag-phx","tag-pl","tag-poland","tag-policja_policjanci_policjant_policjantka_policjantki","tag-polish","tag-polska","tag-polski","tag-prokuratura_prokurator_prokuratorzy","tag-screening_general","tag-top-stories","tag-topstories","tag-update_me","tag-v2021","tag-wiadomosci","tag-wypadek"],"share_on_mastodon":{"url":"","error":"Validation failed: Text character limit of 500 exceeded"},"_links":{"self":[{"href":"https:\/\/www.europesays.com\/pl\/wp-json\/wp\/v2\/posts\/238131","targetHints":{"allow":["GET"]}}],"collection":[{"href":"https:\/\/www.europesays.com\/pl\/wp-json\/wp\/v2\/posts"}],"about":[{"href":"https:\/\/www.europesays.com\/pl\/wp-json\/wp\/v2\/types\/post"}],"author":[{"embeddable":true,"href":"https:\/\/www.europesays.com\/pl\/wp-json\/wp\/v2\/users\/2"}],"replies":[{"embeddable":true,"href":"https:\/\/www.europesays.com\/pl\/wp-json\/wp\/v2\/comments?post=238131"}],"version-history":[{"count":0,"href":"https:\/\/www.europesays.com\/pl\/wp-json\/wp\/v2\/posts\/238131\/revisions"}],"wp:featuredmedia":[{"embeddable":true,"href":"https:\/\/www.europesays.com\/pl\/wp-json\/wp\/v2\/media\/238132"}],"wp:attachment":[{"href":"https:\/\/www.europesays.com\/pl\/wp-json\/wp\/v2\/media?parent=238131"}],"wp:term":[{"taxonomy":"category","embeddable":true,"href":"https:\/\/www.europesays.com\/pl\/wp-json\/wp\/v2\/categories?post=238131"},{"taxonomy":"post_tag","embeddable":true,"href":"https:\/\/www.europesays.com\/pl\/wp-json\/wp\/v2\/tags?post=238131"}],"curies":[{"name":"wp","href":"https:\/\/api.w.org\/{rel}","templated":true}]}}