{"id":238239,"date":"2026-02-02T13:36:08","date_gmt":"2026-02-02T13:36:08","guid":{"rendered":"https:\/\/www.europesays.com\/pl\/238239\/"},"modified":"2026-02-02T13:36:08","modified_gmt":"2026-02-02T13:36:08","slug":"ojciec-pobity-przez-grupe-nastolatkow-w-otwocku-motyw-ataku-zaskakuje-onet","status":"publish","type":"post","link":"https:\/\/www.europesays.com\/pl\/238239\/","title":{"rendered":"Ojciec pobity przez grup\u0119 nastolatk\u00f3w w Otwocku. Motyw ataku zaskakuje &#8211; Onet"},"content":{"rendered":"<ol>\n<li><a href=\"https:\/\/news.google.com\/rss\/articles\/CBMiwgFBVV95cUxPNko5X1dOMVB6YzkwRGhNaWNGa1VjRTZMYkJTSTFPWGU2NjRJTkhETDNfMF9ZREd0c05ab3lEbmotbk9fMG9XcW1jeXZHMWJWa29OcWVReHRMR0ZjVV9BMFFiWVpFVUZSdl96QWRpdUo5eVdUYm1CWEtqSjl5aHF3V2JUdFp5QTV1enE0TmJReWl5S2tVNzVWVGs1S0k0QVcyVERZd0pfLVdxamtuaERyTXk2QXNwTWQ5VUU2eTFpcnlUUQ?oc=5\" target=\"_blank\" rel=\"nofollow noopener\">Ojciec pobity przez grup\u0119 nastolatk\u00f3w w Otwocku. Motyw ataku zaskakuje<\/a>&nbsp;&nbsp;Onet<\/li>\n<li><a href=\"https:\/\/news.google.com\/rss\/articles\/CBMijgFBVV95cUxQWkZSam5vQnR3UDhYd05WdTEyelFTcFBWOU5TR2thQUcwN2xCamNkWGltQTFiRjFUX0tld2tPZno3bEJLLWtqeU1UdlZTZkhlNnJyUXBmOUx2YUlrSkhxNkRwcTFLQmY4bjJsVnhycXVnejBFOEx5LXdTSGZVeHVsU1NBb1R1ZDg0dFBlWi130gGMAUFVX3lxTFBiczZlY0NQTDQ2a1hMTUdSUUtSZTk1LUQxWXA3MHlUTXlobVQ5Rk5WNjJKTC04cGN2Mk41THRWcnpmWGtETzdqUnJpX0dDVHNEc3gwLXIzd2p3UVl4Um5JS0EwWFJNVnZJbDA1bHF1NnZsT0E1bVIzRzhxZU9YQW5Wbjdac19mXzNqSGNW?oc=5\" target=\"_blank\" rel=\"nofollow noopener\">Ojciec pobity w parku w Otwocku. Atak nastolatk\u00f3w<\/a>&nbsp;&nbsp;Do Rzeczy<\/li>\n<li><a href=\"https:\/\/news.google.com\/rss\/articles\/CBMirAFBVV95cUxNblhnT0VWSjNfM28yZ0FzR2V4Rm9ld0owc0EyYV9FTHlwdVRVVzB5WGIyWGNRb3ZVV18zMy1jMnF4REthQmxHTUlwTVlkLWozSEI4MTY1QkI1UWlRODREVU9ON0tCSm1KamplSjJ1VnpvU3lwNEZyWFQtZy0yWkpBcG5SSEljbWUzWGhKUkhzUllQdUtfYzJtT3h0M2dIYi10azF0TkQtelh2R19O?oc=5\" target=\"_blank\" rel=\"nofollow noopener\">Pobicie w parku w Otwocku. Wiek napastnik\u00f3w bulwersuje<\/a>&nbsp;&nbsp;RMF24<\/li>\n<li><a href=\"https:\/\/news.google.com\/rss\/articles\/CBMiogFBVV95cUxPWFNYSkFGbGxWYU1aSml0VktsN19MVXBzN09rbUN3MFpjcGctajZZNTNpcjFoc3lKSzA5eWRDLWpfS3hkQTYyNkVXSFlVNWs4U3RUNm9qbFpDRno5UXp1ZXMzQ2g5WnpFdk1RMGdQbm04ZTZvY3hvaDBqMW9sTEY0T0dHeHF6bU5welVxZlN1Zmo0akg4WHVTMjVfa0N5SDV1aGc?oc=5\" target=\"_blank\" rel=\"nofollow noopener\">Pobili go bo chcia\u0142 zabra\u0107 syna z parku. Najm\u0142odsza napastniczka mia\u0142a 14 lat<\/a>&nbsp;&nbsp;TVP Warszawa<\/li>\n<li><a href=\"https:\/\/news.google.com\/rss\/articles\/CBMixgFBVV95cUxNWEZWQ1pUX3pvc1pDeE5MSEUzdEdYVDhZQ05xSzRnLUZWLU5LQlpqUTJtOTM0Q05wcGFPSnpYVTMyOW9ZZm9LWW5SS05XalBkbkdLQl94d282ZGU3MnEtMUhXdndCTmp0c0gxcWpLdTd2OXVWWFB4c2tEV09HYlB6cTFJSVp6bjdKeXFaclZUNE1yeDN4cmtGMUE4YUlGUUVBYTJ6TzEtWEYxaDQ4N2NFYXVzbzhrNEJyb3VFNUgtaklJM1pGUkE?oc=5\" target=\"_blank\" rel=\"nofollow noopener\">Brutalny atak w parku. Grupa nastolatk\u00f3w pobi\u0142a doros\u0142ego m\u0119\u017cczyzn\u0119<\/a>&nbsp;&nbsp;TVP Info<\/li>\n<\/ol>\n","protected":false},"excerpt":{"rendered":"Ojciec pobity przez grup\u0119 nastolatk\u00f3w w Otwocku. Motyw ataku zaskakuje&nbsp;&nbsp;Onet Ojciec pobity w parku w Otwocku. Atak nastolatk\u00f3w&nbsp;&nbsp;Do&hellip;\n","protected":false},"author":2,"featured_media":238240,"comment_status":"","ping_status":"","sticky":false,"template":"","format":"standard","meta":{"footnotes":"","_share_on_mastodon":"0"},"categories":[12],"tags":[32,33,36,37,27,67,34,35,28,31,10501,53,25,52,68,51,12954,55,42,38,251,40,39,41,1665,47,29,30,65,50,26],"class_list":["post-238239","post","type-post","status-publish","format-standard","has-post-thumbnail","category-polska","tag-breaking-news","tag-breakingnews","tag-featured-news","tag-featurednews","tag-headlines","tag-intextvideo_splayer","tag-latest-news","tag-latestnews","tag-naglowki","tag-najwazniejsze-artykuly","tag-nastolatkowie","tag-new_header","tag-news","tag-onet3","tag-onet3d","tag-onet3d_2i","tag-otwock","tag-phx","tag-pl","tag-poland","tag-policja_policjanci_policjant_policjantka_policjantki","tag-polish","tag-polska","tag-polski","tag-przemoc","tag-screening_general","tag-top-stories","tag-topstories","tag-update_me","tag-v2021","tag-wiadomosci"],"share_on_mastodon":{"url":"https:\/\/pubeurope.com\/@pl\/116001307581687946","error":""},"_links":{"self":[{"href":"https:\/\/www.europesays.com\/pl\/wp-json\/wp\/v2\/posts\/238239","targetHints":{"allow":["GET"]}}],"collection":[{"href":"https:\/\/www.europesays.com\/pl\/wp-json\/wp\/v2\/posts"}],"about":[{"href":"https:\/\/www.europesays.com\/pl\/wp-json\/wp\/v2\/types\/post"}],"author":[{"embeddable":true,"href":"https:\/\/www.europesays.com\/pl\/wp-json\/wp\/v2\/users\/2"}],"replies":[{"embeddable":true,"href":"https:\/\/www.europesays.com\/pl\/wp-json\/wp\/v2\/comments?post=238239"}],"version-history":[{"count":0,"href":"https:\/\/www.europesays.com\/pl\/wp-json\/wp\/v2\/posts\/238239\/revisions"}],"wp:featuredmedia":[{"embeddable":true,"href":"https:\/\/www.europesays.com\/pl\/wp-json\/wp\/v2\/media\/238240"}],"wp:attachment":[{"href":"https:\/\/www.europesays.com\/pl\/wp-json\/wp\/v2\/media?parent=238239"}],"wp:term":[{"taxonomy":"category","embeddable":true,"href":"https:\/\/www.europesays.com\/pl\/wp-json\/wp\/v2\/categories?post=238239"},{"taxonomy":"post_tag","embeddable":true,"href":"https:\/\/www.europesays.com\/pl\/wp-json\/wp\/v2\/tags?post=238239"}],"curies":[{"name":"wp","href":"https:\/\/api.w.org\/{rel}","templated":true}]}}