{"id":238305,"date":"2026-02-02T14:11:07","date_gmt":"2026-02-02T14:11:07","guid":{"rendered":"https:\/\/www.europesays.com\/pl\/238305\/"},"modified":"2026-02-02T14:11:07","modified_gmt":"2026-02-02T14:11:07","slug":"szymon-holownia-zaskoczyl-wyborcow-burza-w-komentarzach","status":"publish","type":"post","link":"https:\/\/www.europesays.com\/pl\/238305\/","title":{"rendered":"Szymon Ho\u0142ownia zaskoczy\u0142 wyborc\u00f3w. Burza w komentarzach"},"content":{"rendered":"\n<p>&#13;<br \/>\nKatarzyna Pe\u0142czy\u0144ska-Na\u0142\u0119cz zosta\u0142a now\u0105 <a href=\"https:\/\/dorzeczy.pl\/kraj\/839648\/polska-2050-wybrala-pelczynska-nalecz-zastapi-holownie.html\" rel=\"nofollow noopener\" target=\"_blank\">przewodnicz\u0105c\u0105 Polski 2050<\/a>. W\u00a0powt\u00f3rzonym g\u0142osowaniu pokona\u0142a Paulin\u0119 Hennig-Klosk\u0119. Wyniki wewn\u0119trznego g\u0142osowania przeprowadzonego przez internet partia poda\u0142a w\u00a0sobot\u0119 (31 stycznia) po\u00a0godz. 22:00. Pe\u0142czy\u0144ska-Na\u0142\u0119cz otrzyma\u0142a 350 g\u0142os\u00f3w, a\u00a0Hennig-Kloska 309. W\u00a0pierwszej turze kandydatki zdoby\u0142y odpowiednio 277 i\u00a0131 g\u0142os\u00f3w. &#13;\n<\/p>\n<p>&#13;<br \/>\nDotychczasowy lider i\u00a0za\u0142o\u017cyciel ugrupowania Szymon Ho\u0142ownia pe\u0142ni obecnie funkcj\u0119 wicemarsza\u0142ka Sejmu z\u00a0ramienia Polski 2050. Jesieni\u0105 ub.r. og\u0142osi\u0142, \u017ce\u00a0nie b\u0119dzie ubiega\u0142 si\u0119 o\u00a0stanowisko szefa partii. Wcze\u015bniej informowa\u0142, \u017ce\u00a0otrzyma\u0142 propozycj\u0119 wej\u015bcia do\u00a0rz\u0105du w\u00a0randze wicepremiera, ale\u00a0z\u00a0niej nie\u00a0skorzysta\u0142. Chcia\u0142 zosta\u0107 wysokim komisarzem ONZ ds. uchod\u017ac\u00f3w (UNHCR), ale\u00a0jego kandydatura nie\u00a0uzyska\u0142a poparcia sekretarza generalnego Antonio Guterresa. &#13;\n<\/p>\n<p>&#13;<br \/>\n\u2013 Dzisiaj nie\u00a0mog\u0119 patrze\u0107 na\u00a0to, do\u00a0czego ta\u00a0partia zosta\u0142a doprowadzona. Mam nadziej\u0119, \u017ce\u00a0porozumienie obu stron, kt\u00f3re dosta\u0142y si\u0119 do\u00a0drugiej tury, spr\u00f3buje to\u00a0sklei\u0107 \u2013\u00a0m\u00f3wi\u0142 Ho\u0142ownia we\u00a0wtorek 27 stycznia w\u00a0TVN24. Doda\u0142, \u017ce\u00a0gdyby podj\u0105\u0142 decyzj\u0119 o\u00a0odej\u015bciu z\u00a0Polski 2050, tak\u0105 sam\u0105 decyzj\u0119 mo\u017ce podj\u0105\u0107 &#8222;znaczna grupa&#8221;. &#13;\n<\/p>\n<p>Ho\u0142ownia zmieni\u0142 wizerunek. &#8222;Chyba pora odpocz\u0105\u0107&#8221;<\/p>\n<p>&#13;<br \/>\n2 lutego Szymon Ho\u0142ownia opublikowa\u0142 w\u00a0sowich mediach spo\u0142eczno\u015bciowych zdj\u0119cie, kt\u00f3re wywo\u0142a\u0142o gorzkie reakcje internaut\u00f3w. By\u0142y przewodnicz\u0105cy Polski 2050, w\u00a0zwi\u0105zku ze\u00a0zbli\u017caj\u0105cymi si\u0119 50. urodzinami, postanowi\u0142 nieco odmieni\u0107 sw\u00f3j wizerunek. &#13;\n<\/p>\n<p>&#13;<br \/>\n&#8222;Z\u00a0okazji wej\u015bcia w\u00a0rok 50. urodzin, dojrza\u0142em do\u00a0powa\u017cnej decyzji: naby\u0142em pierwszy w\u00a0\u017cyciu kapelusz. B\u0119d\u0119 go\u00a0nosi\u0142 z\u00a0godno\u015bci\u0105, k\u0142ania\u0142 si\u0119 nim damom, zbiera\u0142 do\u0144 got\u00f3wk\u0119, a\u00a0nade wszystko \u2013\u00a0wygl\u0105da\u0142 na\u00a0sw\u00f3j wiek. Ula da\u0142a lajka&#8221; \u2013\u00a0napisa\u0142 pod\u00a0zdj\u0119ciem. &#13;\n<\/p>\n<p>&#13;<br \/>\ninstagram&#13;\n<\/p>\n<p>&#13;<br \/>\nKomentuj\u0105cy negatywnie odnosili si\u0119 do\u00a0politycznej drogi Ho\u0142owni i\u00a0por\u00f3wnywali go\u00a0do\u00a0Jana Marii Rokity. &#13;\n<\/p>\n<p>&#13;<br \/>\n&#8222;Mo\u017ce do\u00a0kapelusz to\u00a0pan dojrza\u0142, ale\u00a0do\u00a0bycia uczciwym niestety nie&#8221;; &#8222;Kiedy\u015b wzbudza\u0142 Pan szacunek, a\u00a0teraz chyba pora odpocz\u0105\u0107 od\u00a0polityki&#8221;; Prawie jak Jan Rokita, te\u017c mocno zb\u0142\u0105dzi\u0142&#8221;; &#8222;By\u0142 obietnic\u0105 zmiany i\u00a0now\u0105 drog\u0105. Zosta\u0142 symbolem najwi\u0119kszego zawodu&#8221;; &#8222;Wida\u0107 g\u0142\u0119boki wp\u0142yw pos\u0142a Suskiego&#8221;; &#8222;My\u015bla\u0142am \u017ce\u00a0to\u00a0Jan Maria Rokita&#8221;; &#8222;Widz\u0119 \u017ce\u00a0humor panu dopisuje&#8230;.bo ja na\u00a0pana miejscu ukry\u0142am bym si\u0119 na\u00a0bezludnej wyspie&#8221;; &#8222;Jak zawsze aktor \u2013\u00a0szkoda,ze nie\u00a0mo\u017cna pozna\u0107 prawdziwego oblicza&#8221; \u2013\u00a0czytamy w\u00a0licznych opiniach. &#13;\n<\/p>\n<p>&#13;<br \/>\nCzytaj te\u017c:<br \/><a href=\"https:\/\/rozrywka.dorzeczy.pl\/film-i-telewizja\/840107\/stanowski-odpowiada-na-zaczepke-senatora-gawlowskiego.html\" rel=\"follow nofollow noopener\" data-schema=\"DORZECZY\" data-image=\"https:\/\/img.dorzeczy.pl\/_thumb\/ae\/d2\/91c713d0a68b1ffe0dd38faffa5e.jpeg\" target=\"_blank\">&#8222;Nie mam czasu dla\u00a0przest\u0119pc\u00f3w&#8221;. Stanowski odpowiada na\u00a0zaczepk\u0119 senatora KO<\/a>Czytaj te\u017c:<br \/><a href=\"https:\/\/rozrywka.dorzeczy.pl\/muzyka\/840083\/donald-trump-grozi-noah-trevorowi-po-grammy-reakcja-na-drwiny.html\" rel=\"follow nofollow noopener\" data-schema=\"DORZECZY\" data-image=\"https:\/\/img.dorzeczy.pl\/_thumb\/b9\/88\/533xx5cab04700a186cb8af3fed1.jpeg\" target=\"_blank\">&#8222;Zamierzam si\u0119 z\u00a0tob\u0105 zabawi\u0107!&#8221;. Trump grozi prowadz\u0105cemu gal\u0119 Grammy<\/a>&#13;<\/p>\n","protected":false},"excerpt":{"rendered":"&#13; Katarzyna Pe\u0142czy\u0144ska-Na\u0142\u0119cz zosta\u0142a now\u0105 przewodnicz\u0105c\u0105 Polski 2050. W\u00a0powt\u00f3rzonym g\u0142osowaniu pokona\u0142a Paulin\u0119 Hennig-Klosk\u0119. Wyniki wewn\u0119trznego g\u0142osowania przeprowadzonego przez&hellip;\n","protected":false},"author":2,"featured_media":238306,"comment_status":"","ping_status":"","sticky":false,"template":"","format":"standard","meta":{"footnotes":"","_share_on_mastodon":"0"},"categories":[12],"tags":[32,33,98,36,37,27,291,5567,34,35,287,28,31,25,42,38,40,907,39,331,41,290,289,9384,29,30,26,16858],"class_list":["post-238305","post","type-post","status-publish","format-standard","has-post-thumbnail","category-polska","tag-breaking-news","tag-breakingnews","tag-dorzeczy","tag-featured-news","tag-featurednews","tag-headlines","tag-historia","tag-komentarze","tag-latest-news","tag-latestnews","tag-malgorzata-puzyr","tag-naglowki","tag-najwazniejsze-artykuly","tag-news","tag-pl","tag-poland","tag-polish","tag-polityka","tag-polska","tag-polska-2050","tag-polski","tag-rozrywka-do-rzeczy","tag-show-biznes","tag-szymon-holownia","tag-top-stories","tag-topstories","tag-wiadomosci","tag-wizerunek"],"share_on_mastodon":{"url":"https:\/\/pubeurope.com\/@pl\/116001445331281071","error":""},"_links":{"self":[{"href":"https:\/\/www.europesays.com\/pl\/wp-json\/wp\/v2\/posts\/238305","targetHints":{"allow":["GET"]}}],"collection":[{"href":"https:\/\/www.europesays.com\/pl\/wp-json\/wp\/v2\/posts"}],"about":[{"href":"https:\/\/www.europesays.com\/pl\/wp-json\/wp\/v2\/types\/post"}],"author":[{"embeddable":true,"href":"https:\/\/www.europesays.com\/pl\/wp-json\/wp\/v2\/users\/2"}],"replies":[{"embeddable":true,"href":"https:\/\/www.europesays.com\/pl\/wp-json\/wp\/v2\/comments?post=238305"}],"version-history":[{"count":0,"href":"https:\/\/www.europesays.com\/pl\/wp-json\/wp\/v2\/posts\/238305\/revisions"}],"wp:featuredmedia":[{"embeddable":true,"href":"https:\/\/www.europesays.com\/pl\/wp-json\/wp\/v2\/media\/238306"}],"wp:attachment":[{"href":"https:\/\/www.europesays.com\/pl\/wp-json\/wp\/v2\/media?parent=238305"}],"wp:term":[{"taxonomy":"category","embeddable":true,"href":"https:\/\/www.europesays.com\/pl\/wp-json\/wp\/v2\/categories?post=238305"},{"taxonomy":"post_tag","embeddable":true,"href":"https:\/\/www.europesays.com\/pl\/wp-json\/wp\/v2\/tags?post=238305"}],"curies":[{"name":"wp","href":"https:\/\/api.w.org\/{rel}","templated":true}]}}