{"id":238449,"date":"2026-02-02T15:31:11","date_gmt":"2026-02-02T15:31:11","guid":{"rendered":"https:\/\/www.europesays.com\/pl\/238449\/"},"modified":"2026-02-02T15:31:11","modified_gmt":"2026-02-02T15:31:11","slug":"mateusz-damiecki-z-zona-zapozowali-nago-nie-jestesmy-tacy-nudni","status":"publish","type":"post","link":"https:\/\/www.europesays.com\/pl\/238449\/","title":{"rendered":"Mateusz Dami\u0119cki z \u017con\u0105 zapozowali nago. &#8222;Nie jeste\u015bmy tacy nudni&#8221;"},"content":{"rendered":"<p class=\"ods-c-paragraph \"><a href=\"https:\/\/plejada.pl\/temat\/mateusz-damiecki-aktor\/jsg4xlg\" id=\"fc995c9f-0066-4e85-9897-9041aa151a59\" rel=\"nofollow noopener\" target=\"_blank\">Mateusz Dami\u0119cki<\/a> tworzy zwi\u0105zek z Paulin\u0105 Andrzejewsk\u0105, z kt\u00f3r\u0105 wzi\u0105\u0142 \u015blub w 2018 r. Razem doczekali si\u0119 dw\u00f3ch syn\u00f3w \u2014 Franciszka i Ignacego. Para ch\u0119tnie dzieli si\u0119 wsp\u00f3lnymi zdj\u0119ciami w mediach spo\u0142eczno\u015bciowych, jednak ich najnowszy wpis m\u00f3g\u0142 zaskoczy\u0107 internaut\u00f3w. Zakochani zapozowali bowiem nago.<\/p>\n<p> Dalszy ci\u0105g artyku\u0142u pod materia\u0142em wideo    <\/p>\n<p> Dlaczego Mateusz Dami\u0119cki i jego \u017cona zapozowali nago? <\/p>\n<p> Jakie atrakcje s\u0105 przewidziane dla zwyci\u0119zcy licytacji? <\/p>\n<p> Kiedy Mateusz Dami\u0119cki wzi\u0105\u0142 \u015blub z Paulin\u0105? <\/p>\n<p> Ile wynosi obecna kwota licytacji na aukcji? <\/p>\n<p>  Mateusz Dami\u0119cki z \u017con\u0105 zapozowali nago. &#8222;Nie jeste\u015bmy tacy nudni&#8221;<\/p>\n<p class=\"ods-c-paragraph \">Tym samym Dami\u0119ccy chcieli zwr\u00f3ci\u0107 uwag\u0119 na swoj\u0105 aukcj\u0119 w ramach Wielkiej Orkiestry \u015awi\u0105tecznej Pomocy. W tym roku para zaproponowa\u0142a zwyci\u0119zcy licytacji wsp\u00f3ln\u0105 kolacj\u0119.<\/p>\n<blockquote class=\"ods-o-quote\">\n<p class=\"ods-o-quote__paragraph\">Nie jeste\u015bmy tacy nudni jak mog\u0142oby si\u0119 wydawa\u0107. Licytujcie. Paulina i ja jeste\u015bmy gotowi. (&#8230;) Do ko\u0144ca \u015bwiata i o jeden dzie\u0144 d\u0142u\u017cej!<\/p>\n<\/blockquote>\n<p class=\"ods-c-paragraph \">\u2014 czytamy we wpisie. Pod wpisem nie zabrak\u0142o licznych komentarzy, w tym od Aleksandry \u017bebrowskiej, Anny Korcz, a tak\u017ce Andrzeja Chyry. &#8222;Zach\u0119ci\u0142e\u015b, ale kurcze\u2026 drogo!&#8221; \u2014 napisa\u0142a Aleksandra Pop\u0142awska.<\/p>\n<p>    <img decoding=\"async\" src=\"https:\/\/www.europesays.com\/pl\/wp-content\/uploads\/2026\/02\/98rk9lBaHR0cHM6Ly9vY2RuLmV1L3B1bHNjbXMvTURBXy83ZTJkNmE5MDA1OGVkYzQwZGQ1N2M5ZmQxOGJlZjQ0Ny5wbmeRlQLNB.jpeg\" height=\"731\" width=\"940\" style=\"min-height:731px;\" alt=\"Paulina Andrzejewska, Mateusz Dami\u0119cki\" loading=\"lazy\" class=\"ods-c-image__img ods-c-image__img--viewport-width\"\/> <\/p>\n<p>Paulina Andrzejewska, Mateusz Dami\u0119ckiInstagram\/mateuszdamiecki<\/p>\n<p class=\"ods-c-paragraph \">W opisie aukcji mo\u017cna dowiedzie\u0107 si\u0119 nieco wi\u0119cej o atrakcjach, kt\u00f3re czekaj\u0105 na zwyci\u0119zc\u0119. Podczas kolacji poruszone zostan\u0105 tematy zwi\u0105zane z prac\u0105 aktora w teatrze, a nast\u0119pnie uczestnicy wsp\u00f3lnie udadz\u0105 si\u0119 za kulisy. W planach jest m.in. wizyta w garderobie.<\/p>\n<blockquote class=\"ods-o-quote\">\n<p class=\"ods-o-quote__paragraph\">Jest nam bardzo mi\u0142o, \u017ce tak wielu z Was obserwuje nasze dzia\u0142ania nie tylko w \u017cyciu, ale i w mediach spo\u0142eczno\u015bciowych, dlatego cieszymy si\u0119, \u017ce podczas wsp\u00f3lnej kolacji b\u0119dziemy mogli osobi\u015bcie odpowiedzie\u0107 Wam na pytania i pogada\u0107 o naszych pasjach, pracy teatrze, \u017cyciu<\/p>\n<\/blockquote>\n<p class=\"ods-c-paragraph \">&#8222;Po kolacji zapraszamy za kulisy teatru, wizyt\u0119 w garderobie, a na koniec na spektakl teatralny, kt\u00f3ry mamy nadziej\u0119, wzbudzi Wasze emocje i pozostawi w Was pi\u0119kne wspomnienia. Co, gdzie, kiedy? Dogadamy si\u0119!&#8221; \u2014 czytamy. W momencie publikacji artyku\u0142u aukcja wynosi 24 tys. 750 z\u0142.<\/p>\n<p> <img decoding=\"async\" src=\"https:\/\/www.europesays.com\/pl\/wp-content\/uploads\/2026\/02\/zJtk9lBaHR0cHM6Ly9vY2RuLmV1L3B1bHNjbXMvTURBXy9mMjM2ZDgyODcwYTFlOTQxMmNlNTYyOTRjYzBkMmQyOC5wbmeRlQLNB.jpeg\" height=\"417\" width=\"940\" style=\"min-height:417px;\" alt=\"Aukcja WO\u015aP\" loading=\"lazy\" class=\"ods-c-image__img ods-c-image__img--viewport-width\"\/> <\/p>\n<p>Aukcja WO\u015aPAllegro<\/p>\n<p>  <img decoding=\"async\" src=\"https:\/\/www.europesays.com\/pl\/wp-content\/uploads\/2026\/02\/k9ck9lBaHR0cHM6Ly9vY2RuLmV1L3B1bHNjbXMvTURBXy8wNjhjYTgyNjM4Zjc0MzIzY2RkN2ZjYTY3YTQxZjc1Ny5qcGeRlQLNA.jpeg\" height=\"529\" width=\"940\" style=\"min-height:529px;\" alt=\"Mateusz Dami\u0119cki (2024 r.)\" loading=\"lazy\" class=\"ods-c-image__img ods-c-image__img--vertical\"\/> <\/p>\n<p>Mateusz Dami\u0119cki (2024 r.)Piotr Andrzejczak \/ MW Media<\/p>\n<p class=\"ods-c-paragraph \">Dzi\u0119kujemy, \u017ce przeczyta\u0142a\u015b\/e\u015b nasz artyku\u0142 do ko\u0144ca. W serwisie Plejada.pl ka\u017cdego dnia piszemy o najwa\u017cniejszych wydarzeniach show-biznesowych. B\u0105d\u017a na bie\u017c\u0105co! <a rel=\"nofollow noopener\" href=\"https:\/\/profile.google.com\/cp\/Cg0vZy8xMWJ6X19wdHBx\" id=\"957b4270-b7a1-46a7-ae15-11e79954681c\" target=\"_blank\">Obserwuj<\/a> Plejad\u0119 w Google. Odwied\u017a nas tak\u017ce na <a rel=\"nofollow noopener\" href=\"https:\/\/www.facebook.com\/plejadapl\" id=\"409f2f1c-9a1d-491b-9a73-30d04cc03940\" target=\"_blank\">Facebooku<\/a>, <a rel=\"nofollow noopener\" href=\"https:\/\/www.instagram.com\/plejadapl\/\" id=\"67f8fac8-bbbd-47cf-b5d3-e5be116c422c\" target=\"_blank\">Instagramie<\/a>, <a rel=\"nofollow noopener\" href=\"https:\/\/www.youtube.com\/c\/plejada\" id=\"39807221-c7d3-48f7-aa72-c21c68c8f000\" target=\"_blank\">YouTube<\/a> oraz <a rel=\"nofollow noopener\" href=\"https:\/\/www.tiktok.com\/@plejada_pl\" id=\"9d3f5212-e0fd-4c6c-be23-d260d85edd80\" target=\"_blank\">TikToku<\/a>.<\/p>\n<p class=\"ods-c-paragraph \">Chcesz podzieli\u0107 si\u0119 ciekawym newsem lub zaproponowa\u0107 temat? Skontaktuj si\u0119 z nami, pisz\u0105c e-maila na adres: <a rel=\"nofollow noopener\" href=\"https:\/\/plejada.pl\/newsy\/mateusz-damiecki-z-zona-zapozowali-nago-nie-jestesmy-tacy-nudni\/mailto:plejada@redakcjaonet.pl\" id=\"77a99de8-cada-4c93-996c-5baeab479a2d\" target=\"_blank\">plejada@redakcjaonet.pl<\/a>.<\/p>\n<p><script async src=\"\/\/www.instagram.com\/embed.js\"><\/script><script async src=\"\/\/www.tiktok.com\/embed.js\"><\/script><\/p>\n","protected":false},"excerpt":{"rendered":"Mateusz Dami\u0119cki tworzy zwi\u0105zek z Paulin\u0105 Andrzejewsk\u0105, z kt\u00f3r\u0105 wzi\u0105\u0142 \u015blub w 2018 r. Razem doczekali si\u0119 dw\u00f3ch&hellip;\n","protected":false},"author":2,"featured_media":238450,"comment_status":"","ping_status":"","sticky":false,"template":"","format":"standard","meta":{"footnotes":"","_share_on_mastodon":"0"},"categories":[22],"tags":[122,42025,13668,48,125,46,42952,42,38,40,39,41,123,47,24147],"class_list":["post-238449","post","type-post","status-publish","format-standard","has-post-thumbnail","category-rozrywka","tag-entertainment","tag-float_tst1","tag-mateusz_damiecki","tag-nat_styl","tag-newsy","tag-omp","tag-paulina_andrzejewska_damiecka","tag-pl","tag-poland","tag-polish","tag-polska","tag-polski","tag-rozrywka","tag-screening_general","tag-wosp"],"share_on_mastodon":{"url":"https:\/\/pubeurope.com\/@pl\/116001760292535756","error":""},"_links":{"self":[{"href":"https:\/\/www.europesays.com\/pl\/wp-json\/wp\/v2\/posts\/238449","targetHints":{"allow":["GET"]}}],"collection":[{"href":"https:\/\/www.europesays.com\/pl\/wp-json\/wp\/v2\/posts"}],"about":[{"href":"https:\/\/www.europesays.com\/pl\/wp-json\/wp\/v2\/types\/post"}],"author":[{"embeddable":true,"href":"https:\/\/www.europesays.com\/pl\/wp-json\/wp\/v2\/users\/2"}],"replies":[{"embeddable":true,"href":"https:\/\/www.europesays.com\/pl\/wp-json\/wp\/v2\/comments?post=238449"}],"version-history":[{"count":0,"href":"https:\/\/www.europesays.com\/pl\/wp-json\/wp\/v2\/posts\/238449\/revisions"}],"wp:featuredmedia":[{"embeddable":true,"href":"https:\/\/www.europesays.com\/pl\/wp-json\/wp\/v2\/media\/238450"}],"wp:attachment":[{"href":"https:\/\/www.europesays.com\/pl\/wp-json\/wp\/v2\/media?parent=238449"}],"wp:term":[{"taxonomy":"category","embeddable":true,"href":"https:\/\/www.europesays.com\/pl\/wp-json\/wp\/v2\/categories?post=238449"},{"taxonomy":"post_tag","embeddable":true,"href":"https:\/\/www.europesays.com\/pl\/wp-json\/wp\/v2\/tags?post=238449"}],"curies":[{"name":"wp","href":"https:\/\/api.w.org\/{rel}","templated":true}]}}