{"id":238848,"date":"2026-02-02T19:20:12","date_gmt":"2026-02-02T19:20:12","guid":{"rendered":"https:\/\/www.europesays.com\/pl\/238848\/"},"modified":"2026-02-02T19:20:12","modified_gmt":"2026-02-02T19:20:12","slug":"tak-maz-aleksandry-miroslaw-zareagowal-na-jej-decyzje-o-zakonczeniu-kariery","status":"publish","type":"post","link":"https:\/\/www.europesays.com\/pl\/238848\/","title":{"rendered":"Tak m\u0105\u017c Aleksandry Miros\u0142aw zareagowa\u0142 na jej decyzj\u0119 o zako\u0144czeniu kariery"},"content":{"rendered":"<p class=\"ods-c-paragraph \">W poniedzia\u0142ek, 2 lutego gruchn\u0119\u0142a sensacyjna wiadomo\u015b\u0107. Aleksandra Miros\u0142aw zdecydowa\u0142a, \u017ce wraz z ko\u0144cem sezonu 2026, zako\u0144czy si\u0119 r\u00f3wnie\u017c jej zawodnicza kariera. Rekordzistka \u015bwiata, trzykrotna mistrzyni \u015bwiata i z\u0142ota medalistka olimpijska z Pary\u017ca zdradzi\u0142a powody tej decyzji, a nieco wi\u0119cej na ten temat przeczytacie <a href=\"https:\/\/przegladsportowy.onet.pl\/wspinaczka-sportowa\/miroslaw-konczy-kariere-nagle-ogloszenie-padla-data\/nfty9sx\" id=\"9db6df23-3dd2-4752-b0c2-11fc9e72f490\" rel=\"nofollow noopener\" target=\"_blank\">tutaj<\/a>.<\/p>\n<p> Dalszy ci\u0105g artyku\u0142u pod materia\u0142em wideo    <\/p>\n<p> Jak d\u0142ugo Mateusz Miros\u0142aw \u017cy\u0142 z my\u015bl\u0105 o ko\u0144cu kariery Aleksandry? <\/p>\n<p> Jakie emocje towarzysz\u0105 Mateuszowi Miros\u0142awowi z powodu decyzji \u017cony? <\/p>\n<p> Kiedy Aleksandra Miros\u0142aw planuje zako\u0144czy\u0107 swoj\u0105 karier\u0119? <\/p>\n<p> Co Mateusz Miros\u0142aw s\u0105dzi o profesjonalizmie Aleksandry? <\/p>\n<p>  M\u0105\u017c Aleksandry Miros\u0142aw jednoznacznie ocenia decyzj\u0119 \u017cony o ko\u0144cu kariery<\/p>\n<p class=\"ods-c-paragraph \">G\u0142os na ten temat zabra\u0142 od razu tak\u017ce jej m\u0105\u017c, a jednocze\u015bnie trener \u2014 Mateusz Miros\u0142aw.<\/p>\n<p class=\"ods-c-paragraph \">\u2014 Czasem m\u00f3wi\u0119 zawodnikom, \u017ce \u015bwiadomo\u015b\u0107 nadchodz\u0105cego deloadu \u2014 lu\u017aniejszego tygodnia \u2014 pozwala dokr\u0119ci\u0107 \u015brub\u0119 w ostatnich dniach. Gdy wiesz, \u017ce za chwil\u0119 przyjdzie odpoczynek, \u0142atwiej da\u0107 z siebie wszystko \u2014 zaczyna w oficjalnym komunikacie trener.<\/p>\n<p class=\"ods-c-paragraph \">\u2014 Tak w\u0142a\u015bnie by\u0142o z nami. Wiedzieli\u015bmy, kiedy ta droga dobiega ko\u0144ca, i to dawa\u0142o nam niezwyk\u0142\u0105 klarowno\u015b\u0107. Ka\u017cde przygotowania, ka\u017cdy start, ka\u017cdy trening mia\u0142y znaczenie. Wyciskali\u015bmy z nich absolutne maksimum, bo wiedzieli\u015bmy, \u017ce koniec jest blisko i nie chcieli\u015bmy zostawi\u0107 po sobie ani jednej niewykorzystanej szansy \u2014 dodaje Miros\u0142aw.<\/p>\n<p class=\"ods-c-paragraph \">\u2014 Ola przez ca\u0142\u0105 karier\u0119 by\u0142a w pe\u0142ni profesjonalna \u2014 zaanga\u017cowana, \u015bwiadoma, odpowiedzialna za swoje wybory. I taka jest r\u00f3wnie\u017c ta decyzja. W sporcie cz\u0119sto koniec przychodzi z zewn\u0105trz: przez kontuzj\u0119, okoliczno\u015bci, ograniczenia. Ola ko\u0144czy wtedy, kiedy chce. W zgodzie ze sob\u0105 i ze swoimi warto\u015bciami jako spe\u0142niony sportowiec \u2014 kontynuuje.<\/p>\n<p> <img decoding=\"async\" src=\"https:\/\/www.europesays.com\/pl\/wp-content\/uploads\/2026\/02\/eHgk9lBaHR0cHM6Ly9vY2RuLmV1L3B1bHNjbXMvTURBXy84MGU5NzhhNzk3YTAyNjRlOThjM2I1N2ZiZTcyMzMxNC5qcGeRlQLNB.jpeg\" height=\"680\" width=\"940\" style=\"min-height:680px;\" alt=\"Mateusz Miros\u0142aw, Aleksandra Miros\u0142aw\" loading=\"lazy\" class=\"ods-c-image__img ods-c-image__img--viewport-width\"\/> <\/p>\n<p>Mateusz Miros\u0142aw, Aleksandra Miros\u0142awNurPhoto \/ Getty Images<\/p>\n<p> M\u0105\u017c Miros\u0142aw wprost. &#8222;Ze \u015bwiadomo\u015bci\u0105 ko\u0144ca jej kariery \u017cy\u0142em ju\u017c od d\u0142u\u017cszego czasu&#8221; <\/p>\n<p class=\"ods-c-paragraph \">\u2014 Ze \u015bwiadomo\u015bci\u0105 ko\u0144ca jej kariery \u017cy\u0142em ju\u017c od d\u0142u\u017cszego czasu. Paradoksalnie sprawi\u0142o to, \u017ce ka\u017cdy trening prze\u017cywa\u0142em uwa\u017cniej. Bardziej ch\u0142on\u0105\u0142em ten wsp\u00f3lny czas, bardziej go docenia\u0142em i do samego ko\u0144ca uczy\u0142em si\u0119 od Oli. Je\u015bli ta decyzja wywo\u0142uje emocje, to tylko dlatego, jak ogromny \u015blad po sobie zostawia \u2014 nie tylko w historii wspinaczki sportowej, ale te\u017c sportu wyczynowego w Polsce. Do\u0142\u0105czy\u0142a do grona najwybitniejszych polskich sportowc\u00f3w. Nikt jej tego nie podarowa\u0142. Ka\u017cdy centymetr tej drogi zosta\u0142 wypracowany ci\u0119\u017ck\u0105, w\u0142asn\u0105 prac\u0105 \u2014 stwierdza trener.<\/p>\n<p class=\"ods-c-paragraph \">\u2014 Dla mnie pozostaje wdzi\u0119czno\u015b\u0107. Za ka\u017cdy dzie\u0144, ka\u017cdy trening, ka\u017cd\u0105 rozmow\u0119 i ka\u017cdy moment zw\u0105tpienia, kt\u00f3ry zamienia\u0142 si\u0119 w si\u0142\u0119. Wiem, \u017ce Ola odchodzi ze sportu w roli zawodniczki, ale jej wytrwa\u0142o\u015b\u0107, odwaga i nieust\u0119pliwo\u015b\u0107 zostan\u0105 ze mn\u0105 na d\u0142ugo. B\u0119d\u0105 we mnie pracowa\u0107, przypomina\u0107 i dodawa\u0107 energii wtedy, gdy b\u0119dzie jej brakowa\u0107. Tylko ja wiem, jak\u0105 cen\u0119 zap\u0142aci\u0142a za te wszystkie lata i jak wiele razy wybiera\u0142a drog\u0119 trudniejsz\u0105. Do ko\u0144ca b\u0119d\u0119 wdzi\u0119czny za to, \u017ce mog\u0142em by\u0107 trenerem tak wybitnego sportowca \u2014 i jednocze\u015bnie tak dobrego, autentycznego cz\u0142owieka. Je\u015bli co\u015b we mnie zostanie na zawsze, to nie medale ani wyniki \u2014 tylko \u015bwiadomo\u015b\u0107, jak wygl\u0105da odwaga doprowadzona do samego ko\u0144ca \u2014 ko\u0144czy.<\/p>\n<p class=\"ods-c-paragraph \">\u0179r\u00f3d\u0142o: PSO\/informacja prasowa i-Sport Group<\/p>\n","protected":false},"excerpt":{"rendered":"W poniedzia\u0142ek, 2 lutego gruchn\u0119\u0142a sensacyjna wiadomo\u015b\u0107. Aleksandra Miros\u0142aw zdecydowa\u0142a, \u017ce wraz z ko\u0144cem sezonu 2026, zako\u0144czy si\u0119&hellip;\n","protected":false},"author":2,"featured_media":238849,"comment_status":"","ping_status":"","sticky":false,"template":"","format":"standard","meta":{"footnotes":"","_share_on_mastodon":"0"},"categories":[5],"tags":[4946,32,33,36,37,27,34,35,42985,28,31,48,25,46,42,38,40,39,41,42204,47,29,30,26,130,5047,42984,4945],"class_list":["post-238848","post","type-post","status-publish","format-standard","has-post-thumbnail","category-naglowki","tag-aleksandra_miroslaw","tag-breaking-news","tag-breakingnews","tag-featured-news","tag-featurednews","tag-headlines","tag-latest-news","tag-latestnews","tag-mateusz_miroslaw","tag-naglowki","tag-najwazniejsze-artykuly","tag-nat_styl","tag-news","tag-omp","tag-pl","tag-poland","tag-polish","tag-polska","tag-polski","tag-ps_omp_tst00","tag-screening_general","tag-top-stories","tag-topstories","tag-wiadomosci","tag-wiadomosci_sportowe","tag-wspinaczka","tag-wspinaczka_sciankowa","tag-wspinaczka_sportowa"],"share_on_mastodon":{"url":"https:\/\/pubeurope.com\/@pl\/116002660295917753","error":""},"_links":{"self":[{"href":"https:\/\/www.europesays.com\/pl\/wp-json\/wp\/v2\/posts\/238848","targetHints":{"allow":["GET"]}}],"collection":[{"href":"https:\/\/www.europesays.com\/pl\/wp-json\/wp\/v2\/posts"}],"about":[{"href":"https:\/\/www.europesays.com\/pl\/wp-json\/wp\/v2\/types\/post"}],"author":[{"embeddable":true,"href":"https:\/\/www.europesays.com\/pl\/wp-json\/wp\/v2\/users\/2"}],"replies":[{"embeddable":true,"href":"https:\/\/www.europesays.com\/pl\/wp-json\/wp\/v2\/comments?post=238848"}],"version-history":[{"count":0,"href":"https:\/\/www.europesays.com\/pl\/wp-json\/wp\/v2\/posts\/238848\/revisions"}],"wp:featuredmedia":[{"embeddable":true,"href":"https:\/\/www.europesays.com\/pl\/wp-json\/wp\/v2\/media\/238849"}],"wp:attachment":[{"href":"https:\/\/www.europesays.com\/pl\/wp-json\/wp\/v2\/media?parent=238848"}],"wp:term":[{"taxonomy":"category","embeddable":true,"href":"https:\/\/www.europesays.com\/pl\/wp-json\/wp\/v2\/categories?post=238848"},{"taxonomy":"post_tag","embeddable":true,"href":"https:\/\/www.europesays.com\/pl\/wp-json\/wp\/v2\/tags?post=238848"}],"curies":[{"name":"wp","href":"https:\/\/api.w.org\/{rel}","templated":true}]}}