{"id":239181,"date":"2026-02-02T23:01:11","date_gmt":"2026-02-02T23:01:11","guid":{"rendered":"https:\/\/www.europesays.com\/pl\/239181\/"},"modified":"2026-02-02T23:01:11","modified_gmt":"2026-02-02T23:01:11","slug":"unia-uprzykrzy-ci-zakupy-od-1-lipca-placisz-wiecej","status":"publish","type":"post","link":"https:\/\/www.europesays.com\/pl\/239181\/","title":{"rendered":"Unia uprzykrzy ci zakupy. Od 1 lipca p\u0142acisz wi\u0119cej"},"content":{"rendered":"<p>Unia Europejska zdecydowa\u0142a si\u0119 na wprowadzenie dodatkowych op\u0142at od zakup\u00f3w dokonywanych na chi\u0144skich platformach sprzeda\u017cowych, czyli mi\u0119dzy innymi Temu, Shein oraz Aliexpress. Do ka\u017cdej ma\u0142ej przesy\u0142ki zostanie doliczone c\u0142o w wysoko\u015bci 3 euro.<\/p>\n<p>    Dalsza cz\u0119\u015b\u0107 tekstu pod wideo<\/p>\n<p>\n                                Dro\u017csze zakupy na Temu, Aliexpress i Shein\n            <\/p>\n<p>Szacuje si\u0119, \u017ce do Europy ka\u017cdego roku trafia oko\u0142o 4,5 mld przesy\u0142ek o warto\u015bci poni\u017cej 150 euro. Zdecydowana wi\u0119kszo\u015b\u0107 z nich pochodzi z Chin. To zakupu Europejczyk\u00f3w na Temu, Shein i Aliexpress. Du\u017ca cz\u0119\u015b\u0107 z nich ma mie\u0107 celowo zani\u017can\u0105 warto\u015b\u0107, aby unikn\u0105\u0107 c\u0142a.<\/p>\n<p>        <img loading=\"lazy\" decoding=\"async\" src=\"https:\/\/www.europesays.com\/pl\/wp-content\/uploads\/2026\/02\/B32963402.414688363;dc_trk_aid=607216972;dc_trk_cid=228291445;ord=[timestamp];dc_lat=;dc_rdid=;tag_f.gif\" attributionsrc=\"\" border=\"0\" height=\"1\" width=\"1\" alt=\"Advertisement\"\/><\/p>\n<p>Unia Europejska stwierdzi\u0142a, \u017ce czas z tym sko\u0144czy\u0107. Od 1 lipca 2026 roku na ka\u017cd\u0105 paczk\u0119 o warto\u015bci 150 euro b\u0119dzie obowi\u0105zywa\u0142a dodatkowa op\u0142ata w wysoko\u015bci 3 euro. Wed\u0142ug aktualnego kursu daje to niemal 13 z\u0142. Oczywiste jest, \u017ce op\u0142ata zostanie przeniesiona na klient\u00f3w, kt\u00f3rzy zap\u0142ac\u0105 wi\u0119cej.<\/p>\n<p>W ten spos\u00f3b Unia Europejska z jednej strony chce powstrzyma\u0107 zalew Starego Kontynentu tanimi produktami o w\u0105tpliwej jako\u015bci, a z drugiej wesprze\u0107 w ten spos\u00f3b s\u0142u\u017cby celne, kt\u00f3re s\u0105 przeci\u0105\u017cone. Co wa\u017cne, op\u0142ata b\u0119dzie dotyczy\u0142a przesy\u0142ki, a nie produktu, wi\u0119c prawdopodobnie chi\u0144scy sprzedawcy b\u0119d\u0105 si\u0119 starali za\u0142adowa\u0107 ca\u0142e zam\u00f3wienie do jednego kartonu.<\/p>\n","protected":false},"excerpt":{"rendered":"Unia Europejska zdecydowa\u0142a si\u0119 na wprowadzenie dodatkowych op\u0142at od zakup\u00f3w dokonywanych na chi\u0144skich platformach sprzeda\u017cowych, czyli mi\u0119dzy innymi&hellip;\n","protected":false},"author":2,"featured_media":239182,"comment_status":"","ping_status":"","sticky":false,"template":"","format":"standard","meta":{"footnotes":"","_share_on_mastodon":"0"},"categories":[16],"tags":[8265,113,112,43007,43006,43008,42,38,40,39,41,8266,8267,104],"class_list":["post-239181","post","type-post","status-publish","format-standard","has-post-thumbnail","category-biznes","tag-aliexpress","tag-biznes","tag-business","tag-clo-na-paczki-z-chin","tag-clo-na-zakupy-z-chin","tag-nowe-clo","tag-pl","tag-poland","tag-polish","tag-polska","tag-polski","tag-shein","tag-temu","tag-unia-europejska"],"share_on_mastodon":{"url":"https:\/\/pubeurope.com\/@pl\/116003529308851182","error":""},"_links":{"self":[{"href":"https:\/\/www.europesays.com\/pl\/wp-json\/wp\/v2\/posts\/239181","targetHints":{"allow":["GET"]}}],"collection":[{"href":"https:\/\/www.europesays.com\/pl\/wp-json\/wp\/v2\/posts"}],"about":[{"href":"https:\/\/www.europesays.com\/pl\/wp-json\/wp\/v2\/types\/post"}],"author":[{"embeddable":true,"href":"https:\/\/www.europesays.com\/pl\/wp-json\/wp\/v2\/users\/2"}],"replies":[{"embeddable":true,"href":"https:\/\/www.europesays.com\/pl\/wp-json\/wp\/v2\/comments?post=239181"}],"version-history":[{"count":0,"href":"https:\/\/www.europesays.com\/pl\/wp-json\/wp\/v2\/posts\/239181\/revisions"}],"wp:featuredmedia":[{"embeddable":true,"href":"https:\/\/www.europesays.com\/pl\/wp-json\/wp\/v2\/media\/239182"}],"wp:attachment":[{"href":"https:\/\/www.europesays.com\/pl\/wp-json\/wp\/v2\/media?parent=239181"}],"wp:term":[{"taxonomy":"category","embeddable":true,"href":"https:\/\/www.europesays.com\/pl\/wp-json\/wp\/v2\/categories?post=239181"},{"taxonomy":"post_tag","embeddable":true,"href":"https:\/\/www.europesays.com\/pl\/wp-json\/wp\/v2\/tags?post=239181"}],"curies":[{"name":"wp","href":"https:\/\/api.w.org\/{rel}","templated":true}]}}