{"id":239370,"date":"2026-02-03T01:31:13","date_gmt":"2026-02-03T01:31:13","guid":{"rendered":"https:\/\/www.europesays.com\/pl\/239370\/"},"modified":"2026-02-03T01:31:13","modified_gmt":"2026-02-03T01:31:13","slug":"teyana-taylor-w-olsniewajacej-stylizacji-na-gali-co-za-fason","status":"publish","type":"post","link":"https:\/\/www.europesays.com\/pl\/239370\/","title":{"rendered":"Teyana Taylor w ol\u015bniewaj\u0105cej stylizacji na gali. Co za fason!"},"content":{"rendered":"<p class=\"ods-c-paragraph \">T\u0142um gwiazd zjawi\u0142 si\u0119 na 68. gali rozdania nagr\u00f3d Grammy, kt\u00f3ra odby\u0142a si\u0119 w nocy z 1 na 2 lutego 2026 r. w Crypto.com Arena w Los Angeles. A w\u015br\u00f3d nich mi\u0119dzy innymi Teyana Taylor. Stylizacja, kt\u00f3r\u0105 wybra\u0142a na t\u0119 okazj\u0119, naprawd\u0119 robi wra\u017cenie. <\/p>\n<p> Dalszy ci\u0105g artyku\u0142u pod materia\u0142em wideo    <\/p>\n<p> Jaki fason mia\u0142a sukienka Teyany Taylor? <\/p>\n<p> Z jakiej marki by\u0142a sukienka Teyany Taylor? <\/p>\n<p> Jakie dodatki wybra\u0142a Teyana Taylor do swojej stylizacji? <\/p>\n<p> W jakim kolorze by\u0142a sukienka Teyany Taylor? <\/p>\n<p>  Gala Grammy 2026. Teyana Taylor zachwyci\u0142a na gali <\/p>\n<p class=\"ods-c-paragraph \">Artystka postawi\u0142a na sukienk\u0119 marki Tom Ford, kt\u00f3ra wyr\u00f3\u017cnia\u0142a si\u0119 przepi\u0119knym odcieniem z\u0142otego br\u0105zu. Uwag\u0119 zwraca\u0142 r\u00f3wnie\u017c fason. G\u00f3rna cz\u0119\u015b\u0107 kreacji mia\u0142a niebanaln\u0105 konstrukcj\u0119, kt\u00f3ra ods\u0142ania\u0142a cia\u0142o gwiazdy, w tym jej plecy i umi\u0119\u015bniony brzuch. D\u00f3\u0142 by\u0142 natomiast w pe\u0142ni zabudowany, do tego wykonany z lej\u0105cej si\u0119 tkaniny, dzi\u0119ki czemu przepi\u0119knie op\u0142ywa\u0142 sylwetk\u0119.  <\/p>\n<p><img decoding=\"async\" src=\"https:\/\/www.europesays.com\/pl\/wp-content\/uploads\/2026\/02\/PB8k9lBaHR0cHM6Ly9vY2RuLmV1L3B1bHNjbXMvTURBXy9iZWM1ZTkzMWM2YWMyN2Q5OWRkNWZhNTBkMWQ3NDdiMi5qcGeRlQLNA.jpeg\" height=\"529\" width=\"940\" alt=\"Teyana Taylor na gali wr\u0119czenia nagr\u00f3d Grammy w 2026 r.\" loading=\"lazy\" class=\"ods-c-image__img ods-c-image__img--vertical\"\/><\/p>\n<p>Teyana Taylor na gali wr\u0119czenia nagr\u00f3d Grammy w 2026 r.Amy Sussman \/ Staff \/ Getty Images<\/p>\n<p class=\"ods-c-paragraph \">Swoj\u0105 stylizacj\u0119 Teyana Taylor uzupe\u0142ni\u0142a o z\u0142ot\u0105 bi\u017cuteri\u0119, w tym wisz\u0105ce kolczyki, bransoletk\u0119, kilka pier\u015bcionk\u00f3w oraz niezwykle efektowny naszyjnik z k\u0142\u00f3dk\u0105.  <\/p>\n<p><img decoding=\"async\" src=\"https:\/\/www.europesays.com\/pl\/wp-content\/uploads\/2026\/02\/dzOk9lBaHR0cHM6Ly9vY2RuLmV1L3B1bHNjbXMvTURBXy9mNTJhOTVjN2JjOGQxNTRlODU1Y2U3OGMwYWUxNWVlZC5qcGeRlQLNA.jpeg\" height=\"529\" width=\"940\" alt=\"Teyana Taylor \" loading=\"lazy\" class=\"ods-c-image__img ods-c-image__img--vertical\"\/><\/p>\n<p>Teyana TaylorJohn Shearer\/Contributor \/ Getty Images<\/p>\n<p class=\"ods-c-paragraph \">Tak wyrazista kreacja nie potrzebowa\u0142a wiele dodatk\u00f3w. Dlatego makija\u017c utrzymany w odcieniach br\u0105zu i w\u0142osy zaczesane na g\u0142adko okaza\u0142y si\u0119 \u015bwietnym wyborem. <\/p>\n<p class=\"ods-c-paragraph \">To zdecydowanie jedna z najlepszych stylizacji, kt\u00f3re mogli\u015bmy podziwia\u0107 podczas gali Grammy 2026.  <\/p>\n","protected":false},"excerpt":{"rendered":"T\u0142um gwiazd zjawi\u0142 si\u0119 na 68. gali rozdania nagr\u00f3d Grammy, kt\u00f3ra odby\u0142a si\u0119 w nocy z 1 na&hellip;\n","protected":false},"author":2,"featured_media":239371,"comment_status":"","ping_status":"","sticky":false,"template":"","format":"standard","meta":{"footnotes":"","_share_on_mastodon":"0"},"categories":[5],"tags":[32,33,36,37,30897,27,34,35,1142,28,2323,27534,31,48,25,46,42,38,40,39,41,47,10522,40586,29,30,26],"class_list":["post-239370","post","type-post","status-publish","format-standard","has-post-thumbnail","category-naglowki","tag-breaking-news","tag-breakingnews","tag-featured-news","tag-featurednews","tag-gwiazdy_na_czerwonym_dywanie","tag-headlines","tag-latest-news","tag-latestnews","tag-moda","tag-naglowki","tag-nagroda_grammy","tag-najlepsze_stylizacje_gwiazd","tag-najwazniejsze-artykuly","tag-nat_styl","tag-news","tag-omp","tag-pl","tag-poland","tag-polish","tag-polska","tag-polski","tag-screening_general","tag-stylizacje_gwiazd","tag-taboola_tst0","tag-top-stories","tag-topstories","tag-wiadomosci"],"share_on_mastodon":{"url":"https:\/\/pubeurope.com\/@pl\/116004119077288420","error":""},"_links":{"self":[{"href":"https:\/\/www.europesays.com\/pl\/wp-json\/wp\/v2\/posts\/239370","targetHints":{"allow":["GET"]}}],"collection":[{"href":"https:\/\/www.europesays.com\/pl\/wp-json\/wp\/v2\/posts"}],"about":[{"href":"https:\/\/www.europesays.com\/pl\/wp-json\/wp\/v2\/types\/post"}],"author":[{"embeddable":true,"href":"https:\/\/www.europesays.com\/pl\/wp-json\/wp\/v2\/users\/2"}],"replies":[{"embeddable":true,"href":"https:\/\/www.europesays.com\/pl\/wp-json\/wp\/v2\/comments?post=239370"}],"version-history":[{"count":0,"href":"https:\/\/www.europesays.com\/pl\/wp-json\/wp\/v2\/posts\/239370\/revisions"}],"wp:featuredmedia":[{"embeddable":true,"href":"https:\/\/www.europesays.com\/pl\/wp-json\/wp\/v2\/media\/239371"}],"wp:attachment":[{"href":"https:\/\/www.europesays.com\/pl\/wp-json\/wp\/v2\/media?parent=239370"}],"wp:term":[{"taxonomy":"category","embeddable":true,"href":"https:\/\/www.europesays.com\/pl\/wp-json\/wp\/v2\/categories?post=239370"},{"taxonomy":"post_tag","embeddable":true,"href":"https:\/\/www.europesays.com\/pl\/wp-json\/wp\/v2\/tags?post=239370"}],"curies":[{"name":"wp","href":"https:\/\/api.w.org\/{rel}","templated":true}]}}