{"id":239416,"date":"2026-02-03T02:49:13","date_gmt":"2026-02-03T02:49:13","guid":{"rendered":"https:\/\/www.europesays.com\/pl\/239416\/"},"modified":"2026-02-03T02:49:13","modified_gmt":"2026-02-03T02:49:13","slug":"do-dzis-kazdy-rolnik-musi-zaplacic-od-741-do-3684-zl","status":"publish","type":"post","link":"https:\/\/www.europesays.com\/pl\/239416\/","title":{"rendered":"Do dzi\u015b ka\u017cdy rolnik musi zap\u0142aci\u0107 od 741 do 3684 z\u0142"},"content":{"rendered":"<p><img decoding=\"async\" loading=\"eager\" fetchpriority=\"high\" class=\"atomsArticleGalleryImage__mainImg\" src=\"https:\/\/www.europesays.com\/pl\/wp-content\/uploads\/2026\/02\/il20260202_956180877_medium.jpg\" alt=\"2 lutego mija wa&#x17C;ny termin dla rolnik&#xF3;w\" width=\"6720\" height=\"4480\"\/><\/p>\n<p>\n        2 lutego mija wa\u017cny termin dla rolnik\u00f3w<\/p>\n<p>          fot. Richard Burlton\/unsplash\n        <\/p>\n<p>Rolnicy i domownicy maj\u0105 ostatnie godziny na uregulowanie nale\u017cno\u015bci wobec Kasy Rolniczego Ubezpieczenia Spo\u0142ecznego. Cho\u0107 standardowym terminem p\u0142atno\u015bci sk\u0142adek za I kwarta\u0142 jest 31 stycznia, w 2026 roku kalendarz daje nam chwil\u0119 oddechu \u2013 ze wzgl\u0119du na sobot\u0119, ostateczny termin mija w poniedzia\u0142ek, 2 lutego.<\/p>\n","protected":false},"excerpt":{"rendered":"2 lutego mija wa\u017cny termin dla rolnik\u00f3w fot. Richard Burlton\/unsplash Rolnicy i domownicy maj\u0105 ostatnie godziny na uregulowanie&hellip;\n","protected":false},"author":2,"featured_media":239417,"comment_status":"","ping_status":"","sticky":false,"template":"","format":"standard","meta":{"footnotes":"","_share_on_mastodon":"0"},"categories":[5],"tags":[32,33,36,37,27,15791,34,35,28,31,25,42,38,40,39,41,29,30,37016,26],"class_list":["post-239416","post","type-post","status-publish","format-standard","has-post-thumbnail","category-naglowki","tag-breaking-news","tag-breakingnews","tag-featured-news","tag-featurednews","tag-headlines","tag-krus","tag-latest-news","tag-latestnews","tag-naglowki","tag-najwazniejsze-artykuly","tag-news","tag-pl","tag-poland","tag-polish","tag-polska","tag-polski","tag-top-stories","tag-topstories","tag-ubezpieczenie","tag-wiadomosci"],"share_on_mastodon":{"url":"https:\/\/pubeurope.com\/@pl\/116004425729974712","error":""},"_links":{"self":[{"href":"https:\/\/www.europesays.com\/pl\/wp-json\/wp\/v2\/posts\/239416","targetHints":{"allow":["GET"]}}],"collection":[{"href":"https:\/\/www.europesays.com\/pl\/wp-json\/wp\/v2\/posts"}],"about":[{"href":"https:\/\/www.europesays.com\/pl\/wp-json\/wp\/v2\/types\/post"}],"author":[{"embeddable":true,"href":"https:\/\/www.europesays.com\/pl\/wp-json\/wp\/v2\/users\/2"}],"replies":[{"embeddable":true,"href":"https:\/\/www.europesays.com\/pl\/wp-json\/wp\/v2\/comments?post=239416"}],"version-history":[{"count":0,"href":"https:\/\/www.europesays.com\/pl\/wp-json\/wp\/v2\/posts\/239416\/revisions"}],"wp:featuredmedia":[{"embeddable":true,"href":"https:\/\/www.europesays.com\/pl\/wp-json\/wp\/v2\/media\/239417"}],"wp:attachment":[{"href":"https:\/\/www.europesays.com\/pl\/wp-json\/wp\/v2\/media?parent=239416"}],"wp:term":[{"taxonomy":"category","embeddable":true,"href":"https:\/\/www.europesays.com\/pl\/wp-json\/wp\/v2\/categories?post=239416"},{"taxonomy":"post_tag","embeddable":true,"href":"https:\/\/www.europesays.com\/pl\/wp-json\/wp\/v2\/tags?post=239416"}],"curies":[{"name":"wp","href":"https:\/\/api.w.org\/{rel}","templated":true}]}}