{"id":239418,"date":"2026-02-03T03:02:17","date_gmt":"2026-02-03T03:02:17","guid":{"rendered":"https:\/\/www.europesays.com\/pl\/239418\/"},"modified":"2026-02-03T03:02:17","modified_gmt":"2026-02-03T03:02:17","slug":"byly-urzednik-nato-zatrzymany-za-lapowki-akcja-lowcow-cieni-i-fbi-2","status":"publish","type":"post","link":"https:\/\/www.europesays.com\/pl\/239418\/","title":{"rendered":"By\u0142y urz\u0119dnik NATO zatrzymany za \u0142ap\u00f3wki. Akcja &#8222;\u0142owc\u00f3w cieni&#8221; i FBI"},"content":{"rendered":"\n<p class=\"ods-o-frame-in-text__paragraph\">W skr\u00f3cie:<\/p>\n<ul class=\"ods-m-bullet-list\">\n<li class=\"ods-a-bullet ods-a-bullet--normal\"> By\u0142y urz\u0119dnik NATO Ralf G. zosta\u0142 zatrzymany w Polsce pod zarzutem udzia\u0142u w mi\u0119dzynarodowym spisku korupcyjnym <\/li>\n<li class=\"ods-a-bullet ods-a-bullet--normal\"> Zatrzymania dokonali funkcjonariusze CB\u015aP przy asy\u015bcie FBI i ameryka\u0144skich s\u0142u\u017cb wojskowych, zabezpieczono m.in. sprz\u0119t elektroniczny <\/li>\n<li class=\"ods-a-bullet ods-a-bullet--normal\"> Ralf G. ma obywatelstwo polskie i niemieckie. Na co dzie\u0144 mieszka w Polsce, w niewielkiej miejscowo\u015bci w powiecie kieleckim <\/li>\n<li class=\"ods-a-bullet ods-a-bullet--normal\">  Jednocze\u015bnie na Litwie tamtejsze s\u0142u\u017cby zatrzyma\u0142y tureckiego biznesmena Bahadira H. <\/li>\n<li class=\"ods-a-bullet ods-a-bullet--normal\"> USA wsp\u00f3\u0142pracuj\u0105 z Polsk\u0105 i Litw\u0105 w sprawie ekstradycji podejrzanych do Stan\u00f3w Zjednoczonych <\/li>\n<\/ul>\n<p class=\"ods-c-paragraph \">Akcja zosta\u0142a przeprowadzona w ostatnich dniach na polecenie Prokuratury Okr\u0119gowej w Kielcach, wydane w zwi\u0105zku z wnioskiem partnera ze Stan\u00f3w Zjednoczonych o realizacj\u0119 okre\u015blonych dzia\u0142a\u0144 procesowych na terytorium RP. Funkcjonariusze Wydzia\u0142u Operacji Po\u015bcigowych CB\u015aP, <a href=\"https:\/\/www.onet.pl\/informacje\/onetwarszawa\/grozni-gangsterzy-zatrzymani-w-hiszpanii-zlapali-ich-lowcy-cieni-wideo\/ws67yjq,79cfc278\" id=\"f227e977-8790-4e3f-be3c-bbd1271c6ac1\" rel=\"nofollow noopener\" target=\"_blank\">czyli tzw. \u0142owcy cieni<\/a>, zatrzymali na terenie wojew\u00f3dztwa \u015bwi\u0119tokrzyskiego m\u0119\u017cczyzn\u0119 podejrzewanego o udzia\u0142 w przest\u0119pstwach o charakterze mi\u0119dzynarodowym.<\/p>\n<p>Dzia\u0142ania &#8222;\u0142owc\u00f3w cieni&#8221; przy asy\u015bcie funkcjonariuszy FBI<\/p>\n<p class=\"ods-c-paragraph \">Mundurowi przeprowadzili przeszukania w budynkach i pomieszczeniach u\u017cytkowanych przez zatrzymanego. \u2014 Celem by\u0142o ujawnienie i zabezpieczenie przedmiot\u00f3w wskazanych w postanowieniu prokuratury. Dzia\u0142ania realizowane by\u0142y przy asy\u015bcie funkcjonariuszy Federalnego Biura \u015aledczego (FBI) oraz Wojskowej S\u0142u\u017cby \u015aledczej Departamentu Obrony USA (DCIS), w ramach mi\u0119dzynarodowej pomocy prawnej \u2014 przekaza\u0142 nam kom. Krzysztof Wrze\u015bniowski, rzecznik CB\u015aP.<\/p>\n<p class=\"ods-c-paragraph \">ZOBACZ R\u00d3WNIE\u017b: <a href=\"https:\/\/wiadomosci.onet.pl\/slask\/scigany-w-argentynie-poszukiwany-przez-interpol-wpadl-w-polsce-akcja-lowcy-cieni\/8j776hy\" id=\"52ce953d-55f8-411f-b834-cd5736237296\" rel=\"nofollow noopener\" target=\"_blank\">\u015acigany w Argentynie, poszukiwany przez Interpol, wpad\u0142 w Polsce. Z\u0142apali go &#8222;\u0142owcy cieni&#8221;<\/a><\/p>\n<p class=\"ods-c-paragraph \">W trakcie przeszuka\u0144 zabezpieczono m.in. nale\u017c\u0105cy do m\u0119\u017cczyzny sprz\u0119t elektroniczny. Ralf G. ma obywatelstwo polskie i niemieckie. Na co dzie\u0144 mieszka w Polsce, w niewielkiej miejscowo\u015bci w powiecie kieleckim.<\/p>\n<p> Kto zosta\u0142 zatrzymany za \u0142ap\u00f3wki? <\/p>\n<p> Jakie zarzuty dotycz\u0105 by\u0142ego urz\u0119dnika NATO? <\/p>\n<p> Ile lat wi\u0119zienia grozi zatrzymanym? <\/p>\n<p> Jakie dzia\u0142ania podj\u0119li funkcjonariusze CB\u015aP? <\/p>\n<p class=\"ods-c-paragraph \">\u2014 M\u0119\u017cczyzna jest podejrzewany w sprawie karnej prowadzonej przez stron\u0119 ameryka\u0144sk\u0105, dotycz\u0105cej oszustw oraz \u0142apownictwa czynnego i biernego przy realizacji kontrakt\u00f3w na rzecz NATO oraz rz\u0105du Stan\u00f3w Zjednoczonych \u2014 przekaza\u0142 nam kom. Krzysztof Wrze\u015bniowski, rzecznik CB\u015aP.<\/p>\n<p class=\"ods-c-paragraph \">ZOBACZ R\u00d3WNIE\u017b: <a href=\"https:\/\/wiadomosci.onet.pl\/warszawa\/cyngiel-tureckiej-mafii-zatrzymany-w-centrum-warszawy-akcja-policji\/mdwn1yn\" id=\"c1b4a3d6-9761-4d79-91cd-4b4dbaf56855\" rel=\"nofollow noopener\" target=\"_blank\">&#8222;Cyngiel&#8221; tureckiej mafii zatrzymany w centrum Warszawy. Akcja policji<\/a><\/p>\n<p class=\"ods-c-paragraph \">Z dokument\u00f3w <a href=\"https:\/\/wiadomosci.onet.pl\/swiat\/byly-urzednik-nato-zamieszany-w-sprawe-korupcyjna-zostal-zatrzymany-w-polsce\/mbyk4ds\" id=\"a8f0f060-4398-4b5f-9c23-fd0279fba1cc\" rel=\"nofollow noopener\" target=\"_blank\">odtajnionych w ostatni\u0105 sobot\u0119 przez Departament Sprawiedliwo\u015bci USA<\/a> wynika, \u017ce Ralf G. to by\u0142y ju\u017c urz\u0119dnik do spraw zam\u00f3wie\u0144 publicznych NATO. Niemiec mia\u0142 wsp\u00f3\u0142pracowa\u0107 nielegalnie z 50-letnim obecnie Bahadirem H., tureckim biznesmenem mieszkaj\u0105cym w pobli\u017cu K\u0142ajpedy na Litwie, kt\u00f3ry realizowa\u0142 kontrakty budowlane od NATO i armii USA.<\/p>\n<p>   Bra\u0142 \u0142ap\u00f3wki za fa\u0142szowanie recenzji firm tureckiego biznesmena<\/p>\n<p class=\"ods-c-paragraph \">Ralf G. mia\u0142 przekazywa\u0107 ameryka\u0144skiemu rz\u0105dowi sfa\u0142szowane recenzje, kt\u00f3re pozytywnie ocenia\u0142y wsp\u00f3\u0142prac\u0119 firm Turka, co pozwala\u0142o mu na zdobywanie kolejnych kontrakt\u00f3w. W zamian mia\u0142 otrzymywa\u0107 korzy\u015bci maj\u0105tkowe, kt\u00f3re \u2014 jak informuj\u0105 ameryka\u0144scy urz\u0119dnicy \u2014 obejmuj\u0105 m.in. got\u00f3wk\u0119, zorganizowanie romantycznego spotkania w Dubaju oraz pomoc w budowie i umeblowaniu domu w Polsce. Departament Sprawiedliwo\u015bci nie u\u015bci\u015bli\u0142 jednak o jakie inwestycje chodzi ani gdzie by\u0142y one realizowane.<\/p>\n<p class=\"ods-c-paragraph \">Co ciekawe, jednocze\u015bnie na Litwie tamtejsze s\u0142u\u017cby zatrzyma\u0142y Bahadira H. Obaj <a href=\"https:\/\/www.onet.pl\/informacje\/glos24\/powrot-do-polski-zakonczony-wiezieniem-dwie-osoby-zatrzymane-na-lotnisku-w-krakowie\/msrx04e,30bc1058\" id=\"27b8287d-f7e6-436e-9e76-95a014b78939\" rel=\"nofollow noopener\" target=\"_blank\">m\u0119\u017cczy\u017ani zostali zatrzymani na podstawie tymczasowych nakaz\u00f3w aresztowania<\/a>. Departament Sprawiedliwo\u015bci USA poinformowa\u0142, \u017ce wsp\u00f3\u0142pracuje zar\u00f3wno z polskimi, jak i litewskimi w\u0142adzami w celu ekstradycji oskar\u017conych do USA. &#8222;W przypadku skazania za kt\u00f3rykolwiek z zarzut\u00f3w, ka\u017cdemu z oskar\u017conych grozi kara do 20 lat wi\u0119zienia&#8221; \u2014 przekaza\u0142 ameryka\u0144ski resort.<\/p>\n<p class=\"ods-c-paragraph \">\u2014 Akt oskar\u017cenia stanowi znacz\u0105cy krok naprz\u00f3d w naszych nieustannych d\u0105\u017ceniach do zapewnienia uczciwo\u015bci proces\u00f3w zam\u00f3wie\u0144 publicznych, kt\u00f3re wspieraj\u0105 dzia\u0142ania nasze si\u0142y zbrojne i NATO \u2014 powiedzia\u0142 z kolei Steven Ausfeldt, agent specjalny kieruj\u0105cy europejskim biurem terenowym Wydzia\u0142u \u015aledczego Departamentu Armii Stan\u00f3w Zjednoczonych.<\/p>\n<p class=\"ods-c-paragraph \">\u2014 Realizacja tej sprawy po raz kolejny potwierdza, jak istotna we wsp\u00f3\u0142czesnych realiach bezpiecze\u0144stwa jest \u015bcis\u0142a wsp\u00f3\u0142praca mi\u0119dzynarodowa oraz sprawna wymiana informacji pomi\u0119dzy s\u0142u\u017cbami r\u00f3\u017cnych pa\u0144stw, umo\u017cliwiaj\u0105ca skuteczne zwalczanie przest\u0119pczo\u015bci o charakterze transgranicznym \u2014 podsumowuje kom. Krzysztof Wrze\u015bniowski z CB\u015aP.<\/p>\n","protected":false},"excerpt":{"rendered":"W skr\u00f3cie: By\u0142y urz\u0119dnik NATO Ralf G. zosta\u0142 zatrzymany w Polsce pod zarzutem udzia\u0142u w mi\u0119dzynarodowym spisku korupcyjnym&hellip;\n","protected":false},"author":2,"featured_media":239419,"comment_status":"","ping_status":"","sticky":false,"template":"","format":"standard","meta":{"footnotes":"","_share_on_mastodon":"0"},"categories":[12],"tags":[32,33,4383,5406,36,37,27,2882,28789,34,35,28,31,48,160,25,46,42,38,414,40,39,41,4639,47,29,30,71,435,26],"class_list":["post-239418","post","type-post","status-publish","format-standard","has-post-thumbnail","category-polska","tag-breaking-news","tag-breakingnews","tag-cbsp","tag-fbi","tag-featured-news","tag-featurednews","tag-headlines","tag-korupcja","tag-lapowki","tag-latest-news","tag-latestnews","tag-naglowki","tag-najwazniejsze-artykuly","tag-nat_styl","tag-nato","tag-news","tag-omp","tag-pl","tag-poland","tag-policja","tag-polish","tag-polska","tag-polski","tag-przetargi","tag-screening_general","tag-top-stories","tag-topstories","tag-usa","tag-warszawa","tag-wiadomosci"],"share_on_mastodon":{"url":"https:\/\/pubeurope.com\/@pl\/116004477099682453","error":""},"_links":{"self":[{"href":"https:\/\/www.europesays.com\/pl\/wp-json\/wp\/v2\/posts\/239418","targetHints":{"allow":["GET"]}}],"collection":[{"href":"https:\/\/www.europesays.com\/pl\/wp-json\/wp\/v2\/posts"}],"about":[{"href":"https:\/\/www.europesays.com\/pl\/wp-json\/wp\/v2\/types\/post"}],"author":[{"embeddable":true,"href":"https:\/\/www.europesays.com\/pl\/wp-json\/wp\/v2\/users\/2"}],"replies":[{"embeddable":true,"href":"https:\/\/www.europesays.com\/pl\/wp-json\/wp\/v2\/comments?post=239418"}],"version-history":[{"count":0,"href":"https:\/\/www.europesays.com\/pl\/wp-json\/wp\/v2\/posts\/239418\/revisions"}],"wp:featuredmedia":[{"embeddable":true,"href":"https:\/\/www.europesays.com\/pl\/wp-json\/wp\/v2\/media\/239419"}],"wp:attachment":[{"href":"https:\/\/www.europesays.com\/pl\/wp-json\/wp\/v2\/media?parent=239418"}],"wp:term":[{"taxonomy":"category","embeddable":true,"href":"https:\/\/www.europesays.com\/pl\/wp-json\/wp\/v2\/categories?post=239418"},{"taxonomy":"post_tag","embeddable":true,"href":"https:\/\/www.europesays.com\/pl\/wp-json\/wp\/v2\/tags?post=239418"}],"curies":[{"name":"wp","href":"https:\/\/api.w.org\/{rel}","templated":true}]}}