{"id":240033,"date":"2026-02-03T11:53:10","date_gmt":"2026-02-03T11:53:10","guid":{"rendered":"https:\/\/www.europesays.com\/pl\/240033\/"},"modified":"2026-02-03T11:53:10","modified_gmt":"2026-02-03T11:53:10","slug":"niemcy-chca-ue-dwoch-predkosci-w-obronnosci-co-z-polska","status":"publish","type":"post","link":"https:\/\/www.europesays.com\/pl\/240033\/","title":{"rendered":"Niemcy chc\u0105 \u201eUE dw\u00f3ch pr\u0119dko\u015bci\u201d w obronno\u015bci. Co z Polsk\u0105?"},"content":{"rendered":"<p>   <a href=\"https:\/\/defence24.pl\/strona-autora\/michal-gorski\" target=\"_self\" class=\"article-author__wrap\" rel=\"nofollow noopener\"><img loading=\"lazy\" decoding=\"async\" src=\"https:\/\/www.europesays.com\/pl\/wp-content\/uploads\/2025\/12\/ge4jmM8CNtrRQjsu4VAxBgw20CW2ZrOZExXw5EIH.2ban.jpg\" alt=\"\"  width=\"100\" height=\"100\" author=\"Robert Suchy\/Defence24\" caption=\"\" fullscreen=\"https:\/\/cdn.defence24.pl\/2025\/12\/03\/1920xpx\/ge4jmM8CNtrRQjsu4VAxBgw20CW2ZrOZExXw5EIH.gsgw.jpg\" class=\"img article-author__avatar img-avatar\"\/><br \/>\n          Micha\u0142 G\u00f3rski<br \/>\n        <\/a>  <\/p>\n<p>Aby przyspieszy\u0107 podejmowanie istotnych decyzji w zakresie obronno\u015bci, Niemcy rozwa\u017caj\u0105 stworzenie Unii Europejskiej \u201edw\u00f3ch pr\u0119dko\u015bci\u201d. W tym celu stwarzaj\u0105 specjaln\u0105 grup\u0119.<\/p>\n<p>  <img decoding=\"async\" src=\"https:\/\/www.europesays.com\/pl\/wp-content\/uploads\/2026\/02\/23RLbAQEqKhZ23dVD0bvUJshbhREpGUfNav2eV0L.xi6o.jpg\" alt=\"\u017bo\u0142nierze Bundeswehry, szkolenie podstawowe\"  width=\"800\" height=\"450\" author=\"Bundeswehr\/Jana Neumann\" fetchpriority=\"high\" class=\"img image-with-caption__image\"\/><br \/>\n        \u017bo\u0142nierze Bundeswehry, szkolenie podstawowe<br \/>\n       <br \/>Autor. Bundeswehr\/Jana Neumann<\/p>\n<p class=\"paragraph-module\">Niemcy stoj\u0105 na czele inicjatywy maj\u0105cej na celu stworzenie Unii Europejskiej \u201edw\u00f3ch pr\u0119dko\u015bci\u201d. Proponuj\u0105 oni, aby grupa sze\u015bciu g\u0142\u00f3wnych gospodarek UE omin\u0119\u0142a tradycyjny proces podejmowania decyzji oparty na konsensusie wszystkich pa\u0144stw cz\u0142onkowskich. Cel? Przyspieszenie wsp\u00f3\u0142pracy w zakresie obronno\u015bci i konkurencyjno\u015bci przemys\u0142owej w obliczu rosn\u0105cych napi\u0119\u0107 geopolitycznych.<\/p>\n<p>    Format &#8222;E6&#8221;  <\/p>\n<p class=\"paragraph-module\">Pod koniec stycznia z inicjatywy ministr\u00f3w finans\u00f3w Niemiec i Francji, zorganizowano wideokonferencj\u0119, kt\u00f3ra mia\u0142a stworzy\u0107 podwaliny pod nowy format zrzeszaj\u0105cy sze\u015b\u0107 najwi\u0119kszych unijnych gospodarek. \u201eNadszed\u0142 czas na Europ\u0119 dw\u00f3ch pr\u0119dko\u015bci\u201d \u2013 stwierdzi\u0142 Lars Klingbeil, niemiecki minister finans\u00f3w.<\/p>\n<p class=\"paragraph-module\">Z informacji, do kt\u00f3rych dotar\u0142 portal <a href=\"https:\/\/www.defensenews.com\/global\/europe\/2026\/01\/29\/germany-proposes-two-speed-eu-to-hasten-defense-buildup\/\" rel=\"nofollow noopener\" target=\"_blank\">\u201eDefense News\u201d<\/a>, wynika, \u017ce celem formatu E6 (opr\u00f3cz Francji i Niemiec znale\u017a\u0107 maj\u0105 si\u0119 tam: Polska, Hiszpania, W\u0142ochy oraz Niderlandy) ma by\u0107 skupienie si\u0119 na czterech obszarach: inwestycjach obronnych, unii oszcz\u0119dno\u015bciowo-inwestycyjnej, wzmocnieniu euro oraz zabezpieczeniu kluczowych surowc\u00f3w.<\/p>\n<p class=\"paragraph-module\">Jak czytamy, niemiecki minister w specjalnym dokumencie mia\u0142 wezwa\u0107 do zacie\u015bnienia wsp\u00f3\u0142pracy w zakresie \u015brodk\u00f3w przeznaczanych w Europie na obronno\u015b\u0107. Polityk optuje te\u017c za priorytetyzacj\u0105 wydatk\u00f3w zbrojeniowych w kolejnym wieloletnim bud\u017cecie UE. Z kolei przemys\u0142 zbrojeniowy powinien jego zdaniem stanowi\u0107 \u201emotor wzrostu\u201d gospodarczego w Unii Europejskiej.<\/p>\n<p>    &#8222;Strategiczna rekalibracja&#8221;  <\/p>\n<p class=\"paragraph-module\">Powy\u017csza inicjatywa \u201eodzwierciedla strategiczn\u0105 rekalibracj\u0119 partnerstw europejskich Berlina\u201d, ale \u201eprzy okazji niesie ryzyko rozbicia sp\u00f3jno\u015bci europejskiej (\u2026)\u201d \u2013 wskazuje \u201eDefence News\u201d, zwracaj\u0105c uwag\u0119 na mo\u017cliw\u0105 \u201ealienacj\u0119 cz\u0142onk\u00f3w UE, kt\u00f3rzy popierali g\u0142\u0119bsz\u0105 integracj\u0119, ale nie nale\u017c\u0105 do grupy sze\u015bciu pa\u0144stw\u201d. W odpowiedzi na ten zarzut strona niemiecka ma twierdzi\u0107, \u017ce powy\u017cszy format ma by\u0107 otwarty na dodatkowych uczestnik\u00f3w.<\/p>\n<p class=\"paragraph-module\">Wracaj\u0105c do \u201estrategicznej rekalibracji partnerstw\u201d, portal przytacza podpisany dzie\u0144 przed opisywan\u0105 wideokonferencj\u0105 protok\u00f3\u0142 niemiecko-w\u0142oski dotycz\u0105cy planu dzia\u0142ania na rzecz obronnej wsp\u00f3\u0142pracy strategicznej. W dokumencie sygnowanym przez kanclerza Friedricha Merza oraz premier Giorgi\u0119 Meloni oba kraje obliguj\u0105 si\u0119 do \u201epilnego i wsp\u00f3lnego osi\u0105gni\u0119cia gotowo\u015bci obronnej Europy poprzez wyeliminowanie luk w zdolno\u015bciach i wzmocnienie europejskiego filaru w NATO\u201d. Czego dok\u0142adnie dotyczy\u0107 ma wsp\u00f3\u0142praca Berlina z Rzymem? Jak czytamy, chodzi m.in. o zintegrowany system obrony powietrznej i przeciwrakietowej, ale niewykluczona ma by\u0107 r\u00f3wnie\u017c kooperacja w zakresie system\u00f3w bezza\u0142ogowych czy wojny elektronicznej.<\/p>\n<p class=\"paragraph-module\">Warto w tym miejscu wspomnie\u0107, \u017ce w artykule pojawia si\u0119 r\u00f3wnie\u017c w\u0105tek Polski, z kt\u00f3r\u0105 Niemcy r\u00f3wnie\u017c planuj\u0105 zawrze\u0107 podobn\u0105 umow\u0119 obronn\u0105. \u201eNa potrzeby pog\u0142\u0119bionej oceny obszar\u00f3w wsp\u00f3\u0142pracy w dziedzinie bezpiecze\u0144stwa i obrony oraz identyfikacji konkretnych projekt\u00f3w dwustronnych uzgodnili\u015bmy powo\u0142anie grupy roboczej na szczeblu ministerstw obrony. Jej prace b\u0119d\u0105 prowadzone r\u00f3wnolegle, lecz niezale\u017cnie od negocjacji nowej umowy obronnej, kt\u00f3ra ma zosta\u0107 przygotowana przez ministerstwa obrony i podpisana w 2026 r.\u201d \u2013 napisa\u0142o Ministerstwo Spraw Zagranicznych RP w odpowiedzi na zapytania portalu <a href=\"https:\/\/niezalezna.pl\/polska\/niemiecka-armia-wchodzi-do-polski-ulatwi-to-nowa-umowa-obronna\/560694\" rel=\"nofollow noopener\" target=\"_blank\">Niezale\u017cna.pl<\/a>.<\/p>\n<p>    Ro\u015bnie niemiecki bud\u017cet obronny  <\/p>\n<p class=\"paragraph-module\">W roku 2026 Niemcy planuj\u0105 przeznaczy\u0107 blisko 83 miliardy euro, kt\u00f3re maj\u0105 trafi\u0107 na wzmocnienie Bundeswehry. Z informacji podanych przez <a href=\"https:\/\/atlasinstitute.org\/germanys-path-to-kriegstuchtigkeit-the-2026-defence-budget\/\" rel=\"nofollow noopener\" target=\"_blank\">Atlas Institute for International Affairs<\/a> wynika, \u017ce bud\u017cet ten jest o przesz\u0142o 20 miliard\u00f3w euro wy\u017cszy od bud\u017cetu z roku ubieg\u0142ego. Z danych podanych przez <a href=\"https:\/\/www.osw.waw.pl\/en\/publikacje\/analyses\/2025-12-05\/germany-2026-budget-and-rising-debt\" rel=\"nofollow noopener\" target=\"_blank\">O\u015brodek Studi\u00f3w Wschodnich<\/a> wynika, \u017ce do 2029 r. niemieckie wydatki na obron\u0119 maj\u0105 wynosi\u0107 3,56 proc. PKB (w 2026 roku ma to by\u0107 2,83 proc.). Plany niemieckiego kanclerza s\u0105 jednak jeszcze bardziej ambitne. Podczas niedawno zako\u0144czonego \u015awiatowego Forum Ekonomicznego w Davos Friedrich Merz potwierdzi\u0142 ch\u0119\u0107 osi\u0105gni\u0119cia pu\u0142apu 5 proc. PKB w kolejnych latach. \u201eWkroczyli\u015bmy w er\u0119 polityki wielkich mocarstw\u201d \u2013 <a href=\"https:\/\/www.weforum.org\/stories\/2026\/01\/special-address-by-friedrich-merz-federal-chancellor-of-germany\/\" rel=\"nofollow noopener\" target=\"_blank\">stwierdzi\u0142 Merz<\/a>.<\/p>\n","protected":false},"excerpt":{"rendered":"Micha\u0142 G\u00f3rski Aby przyspieszy\u0107 podejmowanie istotnych decyzji w zakresie obronno\u015bci, Niemcy rozwa\u017caj\u0105 stworzenie Unii Europejskiej \u201edw\u00f3ch pr\u0119dko\u015bci\u201d. W&hellip;\n","protected":false},"author":2,"featured_media":240034,"comment_status":"","ping_status":"","sticky":false,"template":"","format":"standard","meta":{"footnotes":"","_share_on_mastodon":"0"},"categories":[14],"tags":[32,33,3096,189,96,5910,27,34,35,28,31,25,295,40,951,39,41,13353,80,29,30,104,26,82,83,84],"class_list":["post-240033","post","type-post","status-publish","format-standard","has-post-thumbnail","category-swiat","tag-breaking-news","tag-breakingnews","tag-bundeswehra","tag-europa","tag-francja","tag-friedrich-merz","tag-headlines","tag-latest-news","tag-latestnews","tag-naglowki","tag-najwazniejsze-artykuly","tag-news","tag-niemcy","tag-polish","tag-polityka-obronna","tag-polska","tag-polski","tag-przemysl-zbrojeniowy","tag-swiat","tag-top-stories","tag-topstories","tag-unia-europejska","tag-wiadomosci","tag-world","tag-world-news","tag-worldnews"],"share_on_mastodon":{"url":"https:\/\/pubeurope.com\/@pl\/116006564959733924","error":""},"_links":{"self":[{"href":"https:\/\/www.europesays.com\/pl\/wp-json\/wp\/v2\/posts\/240033","targetHints":{"allow":["GET"]}}],"collection":[{"href":"https:\/\/www.europesays.com\/pl\/wp-json\/wp\/v2\/posts"}],"about":[{"href":"https:\/\/www.europesays.com\/pl\/wp-json\/wp\/v2\/types\/post"}],"author":[{"embeddable":true,"href":"https:\/\/www.europesays.com\/pl\/wp-json\/wp\/v2\/users\/2"}],"replies":[{"embeddable":true,"href":"https:\/\/www.europesays.com\/pl\/wp-json\/wp\/v2\/comments?post=240033"}],"version-history":[{"count":0,"href":"https:\/\/www.europesays.com\/pl\/wp-json\/wp\/v2\/posts\/240033\/revisions"}],"wp:featuredmedia":[{"embeddable":true,"href":"https:\/\/www.europesays.com\/pl\/wp-json\/wp\/v2\/media\/240034"}],"wp:attachment":[{"href":"https:\/\/www.europesays.com\/pl\/wp-json\/wp\/v2\/media?parent=240033"}],"wp:term":[{"taxonomy":"category","embeddable":true,"href":"https:\/\/www.europesays.com\/pl\/wp-json\/wp\/v2\/categories?post=240033"},{"taxonomy":"post_tag","embeddable":true,"href":"https:\/\/www.europesays.com\/pl\/wp-json\/wp\/v2\/tags?post=240033"}],"curies":[{"name":"wp","href":"https:\/\/api.w.org\/{rel}","templated":true}]}}