{"id":241814,"date":"2026-02-04T09:45:07","date_gmt":"2026-02-04T09:45:07","guid":{"rendered":"https:\/\/www.europesays.com\/pl\/241814\/"},"modified":"2026-02-04T09:45:07","modified_gmt":"2026-02-04T09:45:07","slug":"wypadek-na-zakopiance-droga-w-kierunku-krakowa-zablokowana-onet-wiadomosci","status":"publish","type":"post","link":"https:\/\/www.europesays.com\/pl\/241814\/","title":{"rendered":"Wypadek na zakopiance. Droga w kierunku Krakowa zablokowana &#8211; Onet Wiadomo\u015bci"},"content":{"rendered":"<ol>\n<li><a href=\"https:\/\/news.google.com\/rss\/articles\/CBMiogFBVV95cUxOUzJMU1VMbVo0Vk8xd3cwMEdzOEdRSnVXSXlfXzd0OFc0cnVMTzZUV3BGbGluMWN3YXIzdElvaVk5T3paOEdTNk04akJWRklWN0V6Rk9ldHFHM3BvTEkwOWtUZm02d2E4UEI5Wlg0OUNRQU0wcTV6RzVRV212c3JSZmtzYzRmUDVrU2ljUkVBSzJKeEVvTndMengtRkxFUmNockE?oc=5\" target=\"_blank\" rel=\"nofollow noopener\">Wypadek na zakopiance. Droga w kierunku Krakowa zablokowana<\/a>&nbsp;&nbsp;Onet Wiadomo\u015bci<\/li>\n<li><a href=\"https:\/\/news.google.com\/rss\/articles\/CBMimwFBVV95cUxOSEc2blBtcmk5M0NOODhLUy15QzYtWmZGOWVuaVhuQk85VTBjMmJmNzFWQ3RTZFU3SDM1ajZEeEdwSnBtRVpzbF9Odldod0N1cmk2RUd4bEVGWFFtMDZVZ3laem95ZFVtXzJ2M0t6d09NUGVVSU5rVHJOc2VBcUM5TDF3T3QzX0t3US1INF8xWUh0UW9HZkpZRGE2MA?oc=5\" target=\"_blank\" rel=\"nofollow noopener\">Pot\u0119\u017cny korek po wypadku na zakopiance w kierunku Krakowa<\/a>&nbsp;&nbsp;TVN24<\/li>\n<li><a href=\"https:\/\/news.google.com\/rss\/articles\/CBMilwFBVV95cUxQaDZBRDJaWGhXeGQ1TzZzZmpzR0Ewb3drWG5DVFllVUJCeVQzV05qM05valN4WjIwX3o4aTEydGtZVmE3TEZrZ0J4MVl4ZDctbXl3WjdxYUJkaEJSSlo0NmFTSV9PVHMydVZBdjBST1NOb0VfMGtQZWpEQjdKcFNPdFJFYzFJNFVobUJOZ0dDcnEyMzYyQVBv?oc=5\" target=\"_blank\" rel=\"nofollow noopener\">Po wypadku w Jaworniku ca\u0142kowicie zablokowana zakopianka w kierunku Krakowa<\/a>&nbsp;&nbsp;TVP Krak\u00f3w<\/li>\n<li><a href=\"https:\/\/news.google.com\/rss\/articles\/CBMioAFBVV95cUxPVnZiT3dGMWN2N1lqYzUzS2Fkek1YZGY4NjBRMFJESVBabHBfa1QtLXEzdjcyZjNlTlJjcDZBVGN1cW9Yc1p3RzcyNWNVUHY2MmNCa0dSbEVuSDVYN29pcnR4Z0c1YWtZajVOcTRDYkZCekpQX3BEODUzWW5VM0V0MGpENHFkQklNTWk1d29vcmdVa0FZMHgyN3RLODY4VkI1?oc=5\" target=\"_blank\" rel=\"nofollow noopener\">Wypadek na Zakopiance. Du\u017ce utrudnienia w kierunku Krakowa<\/a>&nbsp;&nbsp;Polskie Radio 24<\/li>\n<li><a href=\"https:\/\/news.google.com\/rss\/articles\/CBMizAFBVV95cUxNUmRmNFVtODUxQjh6RHZNR2dpWmdYSjhfTTNiblJ0eHdEdGJaRjhFTy1Kd1RlLUZBbzFrM0gxSmZrUHZaQU0tejhHZ21EczUtWXN3S3hXa3lOWThaRV9abDZ0ZmxncS1mN0xNTHdxa2hYUXRLbS01R3BBeURvcGtSb1lLQ3JhZmlsQ2dZeDh5OWxjSUZVWEFkSjgwMTh4LUZRSGRvOFU4NHFiSkhxVmhBaE04ZERZMG9vd0xJakFFaHEtejdxenRwalV1dDA?oc=5\" target=\"_blank\" rel=\"nofollow noopener\">Powa\u017cny wypadek na zakopiance w Jaworniku. Jedna osoba ranna. Droga do Krakowa zablokowana<\/a>&nbsp;&nbsp;Gazeta Krakowska<\/li>\n<\/ol>\n","protected":false},"excerpt":{"rendered":"Wypadek na zakopiance. Droga w kierunku Krakowa zablokowana&nbsp;&nbsp;Onet Wiadomo\u015bci Pot\u0119\u017cny korek po wypadku na zakopiance w kierunku Krakowa&nbsp;&nbsp;TVN24&hellip;\n","protected":false},"author":2,"featured_media":81490,"comment_status":"","ping_status":"","sticky":false,"template":"","format":"standard","meta":{"footnotes":"","_share_on_mastodon":"0"},"categories":[5],"tags":[32,33,36,37,27,16930,1304,34,35,2160,28,31,48,25,46,42,38,40,39,41,47,29,30,26,2588,9507],"class_list":["post-241814","post","type-post","status-publish","format-standard","has-post-thumbnail","category-naglowki","tag-breaking-news","tag-breakingnews","tag-featured-news","tag-featurednews","tag-headlines","tag-korek","tag-krakow","tag-latest-news","tag-latestnews","tag-myslenice","tag-naglowki","tag-najwazniejsze-artykuly","tag-nat_styl","tag-news","tag-omp","tag-pl","tag-poland","tag-polish","tag-polska","tag-polski","tag-screening_general","tag-top-stories","tag-topstories","tag-wiadomosci","tag-wypadek","tag-zakopianka"],"share_on_mastodon":{"url":"https:\/\/pubeurope.com\/@pl\/116011724000764286","error":""},"_links":{"self":[{"href":"https:\/\/www.europesays.com\/pl\/wp-json\/wp\/v2\/posts\/241814","targetHints":{"allow":["GET"]}}],"collection":[{"href":"https:\/\/www.europesays.com\/pl\/wp-json\/wp\/v2\/posts"}],"about":[{"href":"https:\/\/www.europesays.com\/pl\/wp-json\/wp\/v2\/types\/post"}],"author":[{"embeddable":true,"href":"https:\/\/www.europesays.com\/pl\/wp-json\/wp\/v2\/users\/2"}],"replies":[{"embeddable":true,"href":"https:\/\/www.europesays.com\/pl\/wp-json\/wp\/v2\/comments?post=241814"}],"version-history":[{"count":0,"href":"https:\/\/www.europesays.com\/pl\/wp-json\/wp\/v2\/posts\/241814\/revisions"}],"wp:featuredmedia":[{"embeddable":true,"href":"https:\/\/www.europesays.com\/pl\/wp-json\/wp\/v2\/media\/81490"}],"wp:attachment":[{"href":"https:\/\/www.europesays.com\/pl\/wp-json\/wp\/v2\/media?parent=241814"}],"wp:term":[{"taxonomy":"category","embeddable":true,"href":"https:\/\/www.europesays.com\/pl\/wp-json\/wp\/v2\/categories?post=241814"},{"taxonomy":"post_tag","embeddable":true,"href":"https:\/\/www.europesays.com\/pl\/wp-json\/wp\/v2\/tags?post=241814"}],"curies":[{"name":"wp","href":"https:\/\/api.w.org\/{rel}","templated":true}]}}