{"id":242421,"date":"2026-02-04T15:27:03","date_gmt":"2026-02-04T15:27:03","guid":{"rendered":"https:\/\/www.europesays.com\/pl\/242421\/"},"modified":"2026-02-04T15:27:03","modified_gmt":"2026-02-04T15:27:03","slug":"patologiczna-sytuacja-po-decyzji-ws-romanowskiego-sedzia-lubowski-ujawnia","status":"publish","type":"post","link":"https:\/\/www.europesays.com\/pl\/242421\/","title":{"rendered":"Patologiczna sytuacja po decyzji ws. Romanowskiego. S\u0119dzia \u0141ubowski ujawnia"},"content":{"rendered":"\n<p>&#13;<br \/>\nPrzypomnijmy, \u017ce\u00a019 grudnia 2025\u00a0r. S\u0105d Okr\u0119gowy w\u00a0Warszawie uchyli\u0142 europejski nakaz aresztowania wobec pos\u0142a Prawa i\u00a0Sprawiedliwo\u015bci Marcina Romanowskiego. 12 stycznia S\u0105d Okr\u0119gowy w\u00a0Warszawie uwzgl\u0119dni\u0142 wniosek prokuratury i\u00a0<a href=\"https:\/\/dorzeczy.pl\/opinie\/831632\/lewandowski-zrezygnowano-z-losowania-sedziego-ws-romanowskiego.html\" rel=\"nofollow noopener\" target=\"_blank\">wy\u0142\u0105czy\u0142 s\u0119dziego Dariusza \u0141ubowskiego od\u00a0ponownego rozpoznania wniosku o\u00a0wydanie ENA<\/a> wobec Romanowskiego. Nast\u0119pnie, po\u00a0wy\u0142\u0105czeniu s\u0119dziego \u0141ubowskiego, dosz\u0142o do\u00a0rezygnacji z\u00a0losowania s\u0119dziego. &#13;\n<\/p>\n<p>&#13;<br \/>\n\u2013 Niestety, musz\u0119 to\u00a0z\u00a0\u017calem powiedzie\u0107, moja sytuacja zawodowa drastycznie pogorszy\u0142a si\u0119 po\u00a0wydaniu uchylenia Europejskiego Nakazu Aresztowania wobec Marcina Romanowskiego \u2013\u00a0przekaza\u0142 s\u0119dzia \u0141ubowski w\u00a0\u015brod\u0119 podczas swojej wypowiedzi w\u00a0Krajowej Radzie S\u0105downictwa. &#13;\n<\/p>\n<p>S\u0119dzia \u0141ubowski: Szykany i\u00a0represje<\/p>\n<p>&#13;<br \/>\nJak doda\u0142, obecnie spotykaj\u0105 go\u00a0sytuacje, kt\u00f3re w\u00a030-letnim okresie orzekania nigdy nie\u00a0mia\u0142y miejsca, a\u00a0kt\u00f3re odbieram &#8222;jako szykany i\u00a0represje&#8221;. &#13;\n<\/p>\n<p>&#13;<br \/>\nS\u0119dzia stwierdzi\u0142, \u017ce\u00a0by\u0142 zszokowany, gdy dwie godziny po\u00a0og\u0142oszeniu na\u00a0konferencji prasowej przez rzecznik SO, \u017ce\u00a0uchyli ENA, po\u00a0godzinie na\u00a0konferencji prasowej pojawi\u0142 si\u0119 minister Waldemar \u017burek, kt\u00f3ry zacz\u0105\u0142 komentowa\u0107 post\u0119powanie. &#13;\n<\/p>\n<p>&#13;<br \/>\n\u2013 Co\u00a0najwa\u017cniejsze u\u017cy\u0142 w\u00a0tej sprawie i\u00a0wobec mnie ordynarnych k\u0142amstw. Poinformowa\u0142 opini\u0119 publiczn\u0105, \u017ce\u00a0wyda\u0142em decyzj\u0119 na\u00a0posiedzeniu niejawnym i\u00a0jest to\u00a0k\u0142amstwo, albowiem w\u00a0post\u0119powaniu karnym nie\u00a0istnieje instytucja posiedzenia niejawnego, a\u00a0tylko posiedzenie bez udzia\u0142u stron. Tego typu orzeczenia by\u0142y, s\u0105 i\u00a0b\u0119d\u0105, je\u015bli ustawa si\u0119 nie\u00a0zmieni, bez udzia\u0142u stron. Zarzut, \u017ce\u00a0prokuratura nie\u00a0zosta\u0142a powiadomiona o\u00a0terminie \u2013\u00a0absurd i\u00a0k\u0142amstw. Prokuratura nie\u00a0mo\u017ce by\u0107 powiadamiana o\u00a0terminie, skoro nie\u00a0bierze udzia\u0142u, bo\u00a0prawo tego nie\u00a0przewiduje. Po\u00a0trzecie, zarzut, \u017ce\u00a0wyda\u0142em orzeczenie w\u00a0sk\u0142adzie jednoosobowym \u2013\u00a0nie\u00a0ma\u00a0w\u00a0prawie sk\u0142ad\u00f3w lepszych lub\u00a0gorszych, a\u00a0sk\u0142ady prawid\u0142owe lub\u00a0nie. Jedynym prawid\u0142owym sk\u0142adem s\u0105 sk\u0142ady jednoosobowe \u2013\u00a0powiedzia\u0142 s\u0119dzia. &#13;\n<\/p>\n<p>K\u0142amstwa ministra \u017burka i\u00a0120 tys. stron akt<\/p>\n<p>&#13;<br \/>\nS\u0119dzia twierdzi, \u017ce\u00a0minister \u017burek co\u00a0najmniej kilkukrotnie mija\u0142 si\u0119 z\u00a0prawd\u0105. \u2013\u00a0I\u00a0kolejna p\u00f3\u0142prawda lub\u00a0k\u0142amstwo, \u017ce\u00a0wyda\u0142em orzeczenie bez akt. Posiadam je\u00a0do\u00a0tej pory. Nale\u017cy si\u0119gn\u0105\u0107 do\u00a0przepis\u00f3w. Wynika z\u00a0nich, jakie dokumenty powinny znale\u017a\u0107 si\u0119 w\u00a0aktach takiej sprawy.To sytuacja niezwykle przykra i\u00a0gro\u017ana dla\u00a0polskiej praworz\u0105dno\u015bci, Minister sprawiedliwo\u015bci atakuje s\u0119dziego za\u00a0pomoc\u0105 k\u0142amstw. Jestem tym osobi\u015bcie zaniepokojony \u2013\u00a0konytnuowa\u0142. &#13;\n<\/p>\n<p>&#13;<br \/>\nNa kolejnej konferencji prasowej minister sprawiedliwo\u015bci zapowiedzia\u0142, \u017ce\u00a0musi nast\u0105pi\u0107 zmiana zakresu obowi\u0105zk\u00f3w s\u0119dziego \u0141ubowskiego po\u00a0to, \u017ceby nie\u00a0by\u0142 jedynym s\u0119dzi\u0105, kt\u00f3ry orzeka w\u00a0przedmiocie ENA. I\u00a0oto w\u00a0dniu 15 stycznia s\u0119dzia otrzyma\u0142 decyzje podpisan\u0105 przez pani\u0105 Beat\u0119 Najjar o\u00a0nowym podziale obowi\u0105zk\u00f3w, w\u00a0kt\u00f3rym zosta\u0142o mu do\u0142o\u017cone 75 proc. obci\u0105\u017cenia w\u00a0sprawach K, czyli takich, jakie ma\u00a0liniowy s\u0119dzia w\u00a0SO w\u00a0Warszawie. Zakres obowi\u0105zk\u00f3w zosta\u0142 tak zwi\u0119kszony, \u017ce\u00a0nie jest w\u00a0stanie tych spraw oceni\u0107 i\u00a0w\u00a0rozs\u0105dnym terminie rozpozna\u0107. \u2013\u00a0Jest to\u00a0niewykonalne. Dzi\u015b otrzyma\u0142 ustn\u0105 informacj\u0119, \u017ce\u00a0w ramach SLPS wylosowa\u0142 spraw\u0119 300-tomow\u0105, czyli materia\u0142 licz\u0105cy 120 tys. stron \u2013 t\u0142umaczy\u0142. &#13;\n<\/p>\n<p>Co z\u00a0odwo\u0142aniem?<\/p>\n<p>&#13;<br \/>\n\u2013 Zgodnie z\u00a0art. 22 Ustawy Prawo o\u00a0ustroju s\u0105d\u00f3w powszechnych w\u00a0ustawowym terminie z\u0142o\u017cy\u0142em odwo\u0142anie do\u00a0Krajowej Rady S\u0105downictwa drog\u0105 s\u0142u\u017cbow\u0105. Powo\u0142a\u0142em si\u0119 na\u00a0swoje bardzo wysokie obci\u0105\u017cenie, jest ono bardzo du\u017ce i\u00a0wymaga zaanga\u017cowania i\u00a0specjalistycznej wiedzy oraz\u00a0umiej\u0119tno\u015bci. W\u00a0dniu wczorajszym otrzyma\u0142em pismo, tak\u017ce podpisane przez pani\u0105 Beat\u0119 Najjar i\u00a0zacytuj\u0119 pierwsze zdanie: &#8222;W\u00a0za\u0142\u0105czeniu zwracam jako niedopuszczalne odwo\u0142anie wniesione od\u00a0prawomocnego podzia\u0142u czynno\u015bci ustalonego w\u00a0dniu 14 stycznia z\u00a0dat\u0105 obowi\u0105zywania od\u00a015 stycznia&#8221;. W ten spos\u00f3b zosta\u0142em pozbawiony mo\u017cliwo\u015bci odwo\u0142ania. Pani Najjar, stwierdzi\u0142a arbitralnie, bez \u017cadnego uzasadnienia, bez podstawy prawnej, \u017ce\u00a0jej decyzja jest prawomocna. Wed\u0142ug mojej skromnej wiedzy decyzja prawomocna by\u0142aby, gdyby nie\u00a0zosta\u0142 od\u00a0niej z\u0142o\u017cony \u015brodek zaskar\u017cenia lub\u00a0gdyby zosta\u0142by on rozpoznany. Dop\u00f3ki \u015brodek zaskar\u017cenia nie\u00a0zostanie rozpoznany, ta\u00a0decyzja nie\u00a0jest prawomocna \u2013\u00a0powiedzia\u0142 Dariusz \u0141ubowski. &#13;\n<\/p>\n<p>&#13;<br \/>\nS\u0119dzia zaznaczy\u0142, \u017ce\u00a0znalaz\u0142 si\u0119 w\u00a0niezwykle trudnej sytuacji. \u2013\u00a0Nie\u00a0wiem, jak zareagowa\u0107. Jest to\u00a0sytuacja bezprecedensowa w\u00a0mojej pracy. Je\u015bli wp\u0142yn\u0105 do\u00a0mnie akta, np. 300 tom\u00f3w akt, akt nie\u00a0przyjm\u0119 spraw do\u00a0referatu, to\u00a0mog\u0119 narazi\u0107 si\u0119 na\u00a0odpowiedzialno\u015b\u0107 karn\u0105 z\u00a0tytu\u0142u niedope\u0142nienia obowi\u0105zk\u00f3w. Je\u015bli je\u00a0przyjm\u0119, w\u00f3wczas uznam bezprawie, kt\u00f3re wygenerowa\u0142a pani Beata Najjar, uznaj\u0105c, \u017ce\u00a0odwo\u0142anie mi nie\u00a0przys\u0142uguje, a\u00a0jej decyzja jest prawomocna. &#13;\n<\/p>\n<p>&#13;<br \/>\nJak podkre\u015bli\u0142 art. 13 Europejskiej Konwencji o\u00a0Ochronie Praw Cz\u0142owieka i\u00a0podstawowych Wolno\u015bci przyznaje prawo do\u00a0odwo\u0142ania od\u00a0ka\u017cdej decyzji wydanej przez ka\u017cdy organ pa\u0144stwowy. Ponadto, jak zaznaczy\u0142, art. 22 ustawy o\u00a0ustroju s\u0105d\u00f3w powszechnych r\u00f3wnie\u017c daje mu prawo do\u00a0odwo\u0142ania si\u0119 od\u00a0decyzji Beaty Najjar. \u2013\u00a0To\u00a0brutalne, agresywne naruszenie, podeptanie mojego prawa \u2013\u00a0stwierdzi\u0142. &#13;\n<\/p>\n<p>&#8222;Apartheid s\u0119dzi\u00f3w&#8221;<\/p>\n<p>&#13;<br \/>\nS\u0119dzia podkre\u015bla, \u017ce\u00a0sytuacja w\u00a0S\u0105dzie Okr\u0119gowym w\u00a0Warszawie jest dramatyczna, . \u2013\u00a0W\u00a0SO w\u00a0Warszawie zosta\u0142a utworzona sekcja, do\u00a0kt\u00f3rej przymusowo zostali skierowani s\u0119dziowie, kt\u00f3rzy otrzymali od\u00a0prezydenta powo\u0142ania na\u00a0stanowiska s\u0119dzi\u00f3w od\u00a02017\u00a0r. Ci s\u0119dziowie zostali faktycznie pozbawieni mo\u017cliwo\u015bci orzekania w\u00a0sprawach, w\u00a0kt\u00f3rych powinni orzeka\u0107 \u2013\u00a0m\u00f3wi\u0142. &#13;\n<\/p>\n<p>&#13;<br \/>\nJak ocenia, jest to\u00a0sytuacja, kt\u00f3ra mo\u017ce przypomina\u0107 apartheid. \u2013 Apartheid jednych s\u0119dzi\u00f3w wobec innych. To\u00a0sytuacja niewyobra\u017calna dla\u00a0nas prawnik\u00f3w jeszcze kilka lat temu. Sytuacja w\u00a0SO jest dramatyczna. S\u0105 wielkie braki je\u015bli chodzi o\u00a0orzecznik\u00f3w, a\u00a0kilkana\u015bcie os\u00f3b z\u00a0pionu karnego, w\u00a0tym do\u015bwiadczeni s\u0119dziowie, zosta\u0142o odsuni\u0119tych od\u00a0orzekania. Trzeba zada\u0107 sobie pytanie niezale\u017cnie od\u00a0tego, kto jaki \u015bwiatopogl\u0105d prezentuje. Czy\u00a0tego typu sytuacja s\u0142u\u017cy interesowi naszej ojczyzny? \u2013\u00a0m\u00f3wi\u0142 na\u00a0zako\u0144czenie. &#13;<\/p>\n","protected":false},"excerpt":{"rendered":"&#13; Przypomnijmy, \u017ce\u00a019 grudnia 2025\u00a0r. S\u0105d Okr\u0119gowy w\u00a0Warszawie uchyli\u0142 europejski nakaz aresztowania wobec pos\u0142a Prawa i\u00a0Sprawiedliwo\u015bci Marcina Romanowskiego.&hellip;\n","protected":false},"author":2,"featured_media":242422,"comment_status":"","ping_status":"","sticky":false,"template":"","format":"standard","meta":{"footnotes":"","_share_on_mastodon":"0"},"categories":[12],"tags":[32,33,43306,98,4893,36,37,27,49,34,35,28,31,25,102,42,38,40,39,41,22308,22689,29,30,26],"class_list":["post-242421","post","type-post","status-publish","format-standard","has-post-thumbnail","category-polska","tag-breaking-news","tag-breakingnews","tag-dariusz-lubowski","tag-dorzeczy","tag-ena","tag-featured-news","tag-featurednews","tag-headlines","tag-kraj","tag-latest-news","tag-latestnews","tag-naglowki","tag-najwazniejsze-artykuly","tag-news","tag-opinie","tag-pl","tag-poland","tag-polish","tag-polska","tag-polski","tag-romanowski","tag-sady","tag-top-stories","tag-topstories","tag-wiadomosci"],"share_on_mastodon":{"url":"https:\/\/pubeurope.com\/@pl\/116013068701624568","error":""},"_links":{"self":[{"href":"https:\/\/www.europesays.com\/pl\/wp-json\/wp\/v2\/posts\/242421","targetHints":{"allow":["GET"]}}],"collection":[{"href":"https:\/\/www.europesays.com\/pl\/wp-json\/wp\/v2\/posts"}],"about":[{"href":"https:\/\/www.europesays.com\/pl\/wp-json\/wp\/v2\/types\/post"}],"author":[{"embeddable":true,"href":"https:\/\/www.europesays.com\/pl\/wp-json\/wp\/v2\/users\/2"}],"replies":[{"embeddable":true,"href":"https:\/\/www.europesays.com\/pl\/wp-json\/wp\/v2\/comments?post=242421"}],"version-history":[{"count":0,"href":"https:\/\/www.europesays.com\/pl\/wp-json\/wp\/v2\/posts\/242421\/revisions"}],"wp:featuredmedia":[{"embeddable":true,"href":"https:\/\/www.europesays.com\/pl\/wp-json\/wp\/v2\/media\/242422"}],"wp:attachment":[{"href":"https:\/\/www.europesays.com\/pl\/wp-json\/wp\/v2\/media?parent=242421"}],"wp:term":[{"taxonomy":"category","embeddable":true,"href":"https:\/\/www.europesays.com\/pl\/wp-json\/wp\/v2\/categories?post=242421"},{"taxonomy":"post_tag","embeddable":true,"href":"https:\/\/www.europesays.com\/pl\/wp-json\/wp\/v2\/tags?post=242421"}],"curies":[{"name":"wp","href":"https:\/\/api.w.org\/{rel}","templated":true}]}}