{"id":242562,"date":"2026-02-04T16:57:07","date_gmt":"2026-02-04T16:57:07","guid":{"rendered":"https:\/\/www.europesays.com\/pl\/242562\/"},"modified":"2026-02-04T16:57:07","modified_gmt":"2026-02-04T16:57:07","slug":"zakonczyly-sie-negocjacje-w-abu-zabi-jest-komunikat","status":"publish","type":"post","link":"https:\/\/www.europesays.com\/pl\/242562\/","title":{"rendered":"Zako\u0144czy\u0142y si\u0119 negocjacje w Abu Zabi. Jest komunikat"},"content":{"rendered":"<ul class=\"UnorderedList_container__nmfSl\">\n<li class=\"UnorderedList_listElement__Py7xi\" data-id=\"ai-summary-link\">Du\u017co czytania, a ma\u0142o czasu? Sprawd\u017a\u00a0skr\u00f3t\u00a0artyku\u0142u<\/li>\n<\/ul>\n<p class=\"Paragraph_desktopParagraph__U31Gm\">&#8222;Dzi\u015b rozmowy si\u0119 zako\u0144czy\u0142y. Oficjalne komunikaty ze strony szefa ukrai\u0144skiej delegacji Rustema Umierowa nadejd\u0105 troch\u0119 p\u00f3\u017aniej&#8221; \u2014 przekaza\u0142o w \u015brod\u0119 biuro prezydenta Ukrainy Wo\u0142odymyra Ze\u0142enskiego.<\/p>\n<p class=\"Paragraph_desktopParagraph__U31Gm\">Rozmowy maj\u0105 by\u0107 kontynuowane w czwartek.<\/p>\n<p class=\"VideoPlayerText_videoPlayerText__iDwyz\">Dalszy ci\u0105g materia\u0142u pod wideo<\/p>\n<ul class=\"OchatFollowUps_wrapper__1ry7X\">\n<li class=\"OchatFollowUps_item__Dhyly OchatFollowUps_itemDesktop__R6aBv\">Kto uczestniczy\u0142 w negocjacjach w Abu Zabi?<\/li>\n<li class=\"OchatFollowUps_item__Dhyly OchatFollowUps_itemDesktop__R6aBv\">Kiedy rozmowy pokojowe b\u0119d\u0105 kontynuowane?<\/li>\n<li class=\"OchatFollowUps_item__Dhyly OchatFollowUps_itemDesktop__R6aBv\">Kto jest g\u0142\u00f3wnym ukrai\u0144skim negocjatorem?<\/li>\n<li class=\"OchatFollowUps_item__Dhyly OchatFollowUps_itemDesktop__R6aBv\">Jakie tematy maj\u0105 by\u0107 omawiane z ameryka\u0144sk\u0105 delegacj\u0105?<\/li>\n<\/ul>\n<p>Siergiej \u0141awrow uderza w Wo\u0142odymyra Ze\u0142enskiego. &#8222;Polityczny koniec&#8221; <\/p>\n<p class=\"Paragraph_desktopParagraph__U31Gm\">Jednocze\u015bnie g\u0142os zabra\u0142 minister spraw zagranicznych Rosji Siergiej \u0141awrow, kt\u00f3ry oskar\u017cy\u0142 Wo\u0142odymyra Ze\u0142enskiego o to, \u017ce ten wcale nie chce zako\u0144czenia wojny. \u2014 To by\u0142by koniec jego kariery politycznej \u2014 oceni\u0142 szef rosyjskiej dyplomacji, cytowany przez RIA Nowosti.<\/p>\n<p class=\"Paragraph_desktopParagraph__U31Gm\">Wo\u0142odymyr Ze\u0142enski wcze\u015bniej wielokrotnie powtarza\u0142, \u017ce jest gotowy na porozumienie, ale nie chce oddawa\u0107 Rosji terytorium, kt\u00f3rego nie zdoby\u0142a na polu bitwy.<\/p>\n<p>Wojna w Ukrainie. Negocjacje w Abu Zabi <\/p>\n<p class=\"Paragraph_desktopParagraph__U31Gm\">W \u015brod\u0119 g\u0142\u00f3wny ukrai\u0144ski negocjator Rustem Umierow przekaza\u0142, \u017ce ukrai\u0144ska delegacja przyby\u0142a do stolicy Zjednoczonych Emirat\u00f3w Arabskich, Abu Zabi, gdzie rozpocz\u0119\u0142a spotkania w formacie tr\u00f3jstronnym \u2014 Ukraina, USA i Rosja.<\/p>\n<p class=\"Paragraph_desktopParagraph__U31Gm\">Negocjacje zaplanowano na \u015brod\u0119 i czwartek. Wed\u0142ug sekretarza Rady Bezpiecze\u0144stwa Narodowego i Obrony Ukrainy prace w Zjednoczonych Emiratach Arabskich b\u0119d\u0105 sk\u0142ada\u0142y si\u0119 z dw\u00f3ch cz\u0119\u015bci.<\/p>\n<p class=\"Paragraph_desktopParagraph__U31Gm\">Przewidziano m.in. spotkanie dwustronne ze stron\u0105 ameryka\u0144sk\u0105, reprezentowan\u0105 przez specjalnego wys\u0142annika do spraw Bliskiego Wschodu Steve&#8217;a Witkoffa i zi\u0119cia prezydenta USA Jareda Kushnera. Planowane jest om\u00f3wienie na nim zagadnie\u0144 dotycz\u0105cych gwarancji bezpiecze\u0144stwa i &#8222;pakietu dobrobytu&#8221; dla Ukrainy oraz niekt\u00f3rych kwestii dwustronnych.<\/p>\n<p class=\"Paragraph_desktopParagraph__U31Gm\">Rustem Umierow przekaza\u0142, \u017ce dojdzie r\u00f3wnie\u017c do rozm\u00f3w tr\u00f3jstronnych. Wed\u0142ug ukrai\u0144skiego negocjatora strona rosyjska ma by\u0107 reprezentowana przez urz\u0119dnik\u00f3w znacz\u0105cego szczebla i ma mie\u0107 &#8222;mandat do om\u00f3wienia kwestii wojskowo-politycznych&#8221;.<\/p>\n","protected":false},"excerpt":{"rendered":"Du\u017co czytania, a ma\u0142o czasu? Sprawd\u017a\u00a0skr\u00f3t\u00a0artyku\u0142u &#8222;Dzi\u015b rozmowy si\u0119 zako\u0144czy\u0142y. Oficjalne komunikaty ze strony szefa ukrai\u0144skiej delegacji Rustema&hellip;\n","protected":false},"author":2,"featured_media":242563,"comment_status":"","ping_status":"","sticky":false,"template":"","format":"standard","meta":{"footnotes":"","_share_on_mastodon":"0"},"categories":[14],"tags":[21682,32,33,27,67,34,35,28,31,53,25,52,68,51,55,40,41,62,26403,47,80,29,30,390,65,50,26,309,82,83,84],"class_list":["post-242562","post","type-post","status-publish","format-standard","has-post-thumbnail","category-swiat","tag-abu_zabi","tag-breaking-news","tag-breakingnews","tag-headlines","tag-intextvideo_splayer","tag-latest-news","tag-latestnews","tag-naglowki","tag-najwazniejsze-artykuly","tag-new_header","tag-news","tag-onet3","tag-onet3d","tag-onet3d_2i","tag-phx","tag-polish","tag-polski","tag-rosja_kraj_rosjanin_rosjanie_rosjanka_rosjanki","tag-rustem_umierow","tag-screening_general","tag-swiat","tag-top-stories","tag-topstories","tag-ukraina_ukrainiec_ukrainka_ukraincy_ukrainki","tag-update_me","tag-v2021","tag-wiadomosci","tag-wolodymyr_zelenski","tag-world","tag-world-news","tag-worldnews"],"share_on_mastodon":{"url":"","error":"Validation failed: Text character limit of 500 exceeded"},"_links":{"self":[{"href":"https:\/\/www.europesays.com\/pl\/wp-json\/wp\/v2\/posts\/242562","targetHints":{"allow":["GET"]}}],"collection":[{"href":"https:\/\/www.europesays.com\/pl\/wp-json\/wp\/v2\/posts"}],"about":[{"href":"https:\/\/www.europesays.com\/pl\/wp-json\/wp\/v2\/types\/post"}],"author":[{"embeddable":true,"href":"https:\/\/www.europesays.com\/pl\/wp-json\/wp\/v2\/users\/2"}],"replies":[{"embeddable":true,"href":"https:\/\/www.europesays.com\/pl\/wp-json\/wp\/v2\/comments?post=242562"}],"version-history":[{"count":0,"href":"https:\/\/www.europesays.com\/pl\/wp-json\/wp\/v2\/posts\/242562\/revisions"}],"wp:featuredmedia":[{"embeddable":true,"href":"https:\/\/www.europesays.com\/pl\/wp-json\/wp\/v2\/media\/242563"}],"wp:attachment":[{"href":"https:\/\/www.europesays.com\/pl\/wp-json\/wp\/v2\/media?parent=242562"}],"wp:term":[{"taxonomy":"category","embeddable":true,"href":"https:\/\/www.europesays.com\/pl\/wp-json\/wp\/v2\/categories?post=242562"},{"taxonomy":"post_tag","embeddable":true,"href":"https:\/\/www.europesays.com\/pl\/wp-json\/wp\/v2\/tags?post=242562"}],"curies":[{"name":"wp","href":"https:\/\/api.w.org\/{rel}","templated":true}]}}