{"id":243045,"date":"2026-02-04T22:50:09","date_gmt":"2026-02-04T22:50:09","guid":{"rendered":"https:\/\/www.europesays.com\/pl\/243045\/"},"modified":"2026-02-04T22:50:09","modified_gmt":"2026-02-04T22:50:09","slug":"cracovia-jedzie-do-gdanska-lechia-wystawia-kazda-defensywe-na-powazny-test","status":"publish","type":"post","link":"https:\/\/www.europesays.com\/pl\/243045\/","title":{"rendered":"Cracovia jedzie do Gda\u0144ska. &#8222;Lechia wystawia ka\u017cd\u0105 defensyw\u0119 na powa\u017cny test&#8221;"},"content":{"rendered":"\n<p class=\"contentpart contentpart--default contentpart--text\" data-position=\"0\">Cracovia zacz\u0119\u0142a 2026 rok od skromnego, ale zas\u0142u\u017conego zwyci\u0119stwa z Bruk-Betem Termalik\u0105 Nieciecza (1:0). Czasu na regeneracj\u0119 du\u017co jednak nie ma, poniewa\u017c ju\u017c w najbli\u017cszy pi\u0105tek &#8222;Pasy&#8221; zagraj\u0105 na wyje\u017adzie z Lechi\u0105 Gda\u0144sk.<\/p>\n<p class=\"contentpart contentpart--default contentpart--text\" data-position=\"1\">Poprzeczka zostanie zawieszona znacznie wy\u017cej, na co zwr\u00f3ci\u0142 uwag\u0119 trener Luka Elsner.<\/p>\n<p>  <img decoding=\"async\" src=\"https:\/\/v.wpimg.pl\/X3dwLnN2d1IFFTpdYUl6R0ZNbgcnEHQREVV2TGEGbUtRT2MdOlZ2RBQUKABgQjQcDRotCStBd1IAAWMeIlM7VgwYIAorQAdEFFk_GCkQJQ\" alt=\"\" width=\"45\" height=\"58\" loading=\"lazy\"\/>  <\/p>\n<p class=\"contentpart contentpart--default contentpart--text\" data-position=\"2\">&#8211; Musz\u0119 pochwali\u0107 charakter naszej dru\u017cyny, poniewa\u017c zwyci\u0119stwo z Termalic\u0105 &#8211; w tych warunkach &#8211; by\u0142o bardzo trudne. Ale to ju\u017c za nami. Nast\u0119pny krok jest jeszcze trudniejszy, bo Lechia strzela mn\u00f3stwo goli, \u015brednio dwa na mecz. I wystawia ka\u017cd\u0105 defensyw\u0119 na powa\u017cny test. Robimy jednak wszystko, by by\u0107 dobrze przygotowani, pomimo ograniczonego czasu &#8211; powiedzia\u0142 trener Cracovii na konferencji prasowej.<\/p>\n<p class=\"contentpart contentpart--default contentpart--text\" data-position=\"3\">&#8211; To wyzwanie na dw\u00f3ch poziomach. Po pierwsze: regeneracja po poprzednim meczu, bior\u0105c pod uwag\u0119 kr\u00f3tki mikrocykl, a do tego dochodzi podr\u00f3\u017c. Po drugie: analiza przeciwnika i odpowiednie przygotowanie si\u0119 pod kolejnego rywala poprzez prac\u0119 na boisku. Jeste\u015bmy w stanie do zrobi\u0107, ale oczywi\u015bcie jest to wymagaj\u0105ce &#8211; doda\u0142 trener Elsner.<\/p>\n<p class=\"contentpart contentpart--default contentpart--text\" data-position=\"4\">Elsner zosta\u0142 zapytany o to, kto jest faworytem pi\u0105tkowego meczu w Gda\u0144sku. Dziennikarz zasugerowa\u0142, \u017ce ma to by\u0107 Cracovia.<\/p>\n<p class=\"contentpart contentpart--default contentpart--text\" data-position=\"5\">&#8211; Nie s\u0105dz\u0119, \u017ce Cracovia jest faworytem w meczu wyjazdowym przeciwko dru\u017cynie, kt\u00f3ra jest w dobrej formie i w\u0142a\u015bnie ogra\u0142a mistrza Polski. Gdyby odda\u0107 im pi\u0119\u0107 punkt\u00f3w, kt\u00f3re zabrano przed sezonem, byliby tu\u017c za nami w tabeli &#8211; zauwa\u017cy\u0142 szkoleniowiec &#8222;Pas\u00f3w&#8221;.<\/p>\n<p>  <img decoding=\"async\" src=\"https:\/\/v.wpimg.pl\/X3dwLnN2d1IFFTpdYUl6R0ZNbgcnEHQREVV2TGEGbUtRT2MdOlZ2RBQUKABgQjQcDRotCStBd1IAAWMeIlM7VgwYIAorQAdEFFk_GCkQJQ\" alt=\"\" width=\"45\" height=\"58\" loading=\"lazy\"\/>  <\/p>\n<p class=\"contentpart contentpart--default contentpart--text\" data-position=\"6\">ZOBACZ WIDEO: #dziejesiewsporcie: Kandydat do &#8222;gola roku&#8221;. Ale\u017c to trafi\u0142a!<\/p>\n<p class=\"contentpart contentpart--default contentpart--text\" data-position=\"8\">Lechia jest najlepiej atakuj\u0105c\u0105 dru\u017cyn\u0105 w Ekstraklasie (40 strzelonych goli), ale te\u017c najgorzej broni\u0105c\u0105 (38 straconych).<\/p>\n<p class=\"contentpart contentpart--default contentpart--text\" data-position=\"9\">&#8211; Skoro nie s\u0105 liderem Ekstraklasy, maj\u0105c najwi\u0119cej strzelonych goli, to znaczy, \u017ce maj\u0105 problemy w defensywie. Wiemy, \u017ce Lechia lubi gra\u0107 otwarty futbol, co tworzy widowisko i rozrywk\u0119. My musimy pokaza\u0107 swoje najlepsze oblicze w defensywie. Wiemy, \u017ce b\u0119dziemy mie\u0107 swoje momenty. Musimy wiedzie\u0107, kiedy zaatakowa\u0107 [&#8230;] My nie jeste\u015bmy fanami ca\u0142kowicie otwartych mecz\u00f3w &#8211; m\u00f3wi\u0142 Elsner.<\/p>\n<p class=\"contentpart contentpart--default contentpart--text\" data-position=\"10\">A skoro Lechia, to nie da si\u0119 nie wspomnie\u0107 o Tomasie Bobcku. S\u0142owacki napastnik jest liderem klasyfikacji strzelc\u00f3w i coraz wi\u0119cej m\u00f3wi si\u0119, \u017ce latem mo\u017ce zosta\u0107 sprzedany, bij\u0105c przy tym rekord Ekstraklasy.<\/p>\n<p>  <img decoding=\"async\" src=\"https:\/\/v.wpimg.pl\/X3dwLnN2d1IFFTpdYUl6R0ZNbgcnEHQREVV2TGEGbUtRT2MdOlZ2RBQUKABgQjQcDRotCStBd1IAAWMeIlM7VgwYIAorQAdEFFk_GCkQJQ\" alt=\"\" width=\"45\" height=\"58\" loading=\"lazy\"\/>  <\/p>\n<p class=\"contentpart contentpart--default contentpart--text\" data-position=\"11\">&#8211; Wiemy, \u017ce Bobcek jest zawodnikiem, na kt\u00f3rego trzeba zwr\u00f3ci\u0107 uwag\u0119, gdy analizuje si\u0119 gr\u0119 Lechii. Jest wsz\u0119dzie na boisku, bardzo dobrze wyka\u0144cza akcje, jest w stanie sam wykreowa\u0107 sobie sytuacje strzeleckie. Ale my mamy w kadrze \u015bwietnych obro\u0144c\u00f3w i wierz\u0119, \u017ce mo\u017cemy go powstrzyma\u0107 &#8211; podkre\u015bli\u0142 trener Elsner.<\/p>\n<p class=\"contentpart contentpart--default contentpart--text\" data-position=\"12\">Wiadomo ju\u017c, \u017ce w pi\u0105tek w dru\u017cynie Cracovii nie zagra Mauro Perkovi\u0107, kt\u00f3ry skr\u0119ci\u0142 kostk\u0119 i potrzebuje jeszcze ok. dziesi\u0119ciu dni, by doj\u015b\u0107 do pe\u0142ni formy. W zwi\u0105zku z tym na lewym wahadle w Gda\u0144sku ujrzymy prawdopodobnie Karola Knapa.<\/p>\n<p class=\"contentpart contentpart--default contentpart--text\" data-position=\"13\">Pocz\u0105tek meczu Lechia Gda\u0144sk &#8211; Cracovia w pi\u0105tek o godz. 20.30.<\/p>\n<p>Nasza relacja:<\/p>\n<p> <a href=\"https:\/\/sportowefakty.wp.pl\/pilka-nozna\/relacja-na-zywo\/168917\/lechia-gdansk-cracovia-live\" class=\"box\" rel=\"nofollow noopener\" target=\"_blank\">  <\/p>\n<p>06.02.2026 20:30<\/p>\n<p>PKO Ekstraklasa<\/p>\n<p>    <img decoding=\"async\" src=\"https:\/\/www.europesays.com\/pl\/wp-content\/uploads\/2025\/10\/NzY0Mi5wYRs4UjtaGgxsDnsKbwBcVWJYLBJ3SxpDdgJtCGIaUwA-VC5ALg1bWT4WdkQsDkZYeEJvUXlZBE94SmhUdF5qQHlCagd7.png\" alt=\"Lechia Gda\u0144sk\" width=\"48\" height=\"48\" loading=\"lazy\"\/> <\/p>\n<p> Lechia Gda\u0144sk <\/p>\n<p>    <img decoding=\"async\" src=\"https:\/\/www.europesays.com\/pl\/wp-content\/uploads\/2026\/02\/NjY0Mi5wYQs4UjtaGgxsHnsKbwBcVWJILBJ3SxpDdhJtCGIaUwA-RC5ALg1bWT4GdkQsDkZYeFNsVHgIDU4tWj1SKVlqRHhaYQZ7.png\" alt=\"Cracovia\" width=\"48\" height=\"48\" loading=\"lazy\"\/> <\/p>\n<p> Cracovia <\/p>\n<p>   <\/a>  <\/p>\n","protected":false},"excerpt":{"rendered":"Cracovia zacz\u0119\u0142a 2026 rok od skromnego, ale zas\u0142u\u017conego zwyci\u0119stwa z Bruk-Betem Termalik\u0105 Nieciecza (1:0). Czasu na regeneracj\u0119 du\u017co&hellip;\n","protected":false},"author":2,"featured_media":243046,"comment_status":"","ping_status":"","sticky":false,"template":"","format":"standard","meta":{"footnotes":"","_share_on_mastodon":"0"},"categories":[24],"tags":[2398,2572,269,1724,42,38,40,39,41,127,126],"class_list":["post-243045","post","type-post","status-publish","format-standard","has-post-thumbnail","category-sport","tag-cracovia","tag-luka-elsner","tag-pilka-nozna","tag-pko-ekstraklasa","tag-pl","tag-poland","tag-polish","tag-polska","tag-polski","tag-sport","tag-sports"],"share_on_mastodon":{"url":"https:\/\/pubeurope.com\/@pl\/116014810657873076","error":""},"_links":{"self":[{"href":"https:\/\/www.europesays.com\/pl\/wp-json\/wp\/v2\/posts\/243045","targetHints":{"allow":["GET"]}}],"collection":[{"href":"https:\/\/www.europesays.com\/pl\/wp-json\/wp\/v2\/posts"}],"about":[{"href":"https:\/\/www.europesays.com\/pl\/wp-json\/wp\/v2\/types\/post"}],"author":[{"embeddable":true,"href":"https:\/\/www.europesays.com\/pl\/wp-json\/wp\/v2\/users\/2"}],"replies":[{"embeddable":true,"href":"https:\/\/www.europesays.com\/pl\/wp-json\/wp\/v2\/comments?post=243045"}],"version-history":[{"count":0,"href":"https:\/\/www.europesays.com\/pl\/wp-json\/wp\/v2\/posts\/243045\/revisions"}],"wp:featuredmedia":[{"embeddable":true,"href":"https:\/\/www.europesays.com\/pl\/wp-json\/wp\/v2\/media\/243046"}],"wp:attachment":[{"href":"https:\/\/www.europesays.com\/pl\/wp-json\/wp\/v2\/media?parent=243045"}],"wp:term":[{"taxonomy":"category","embeddable":true,"href":"https:\/\/www.europesays.com\/pl\/wp-json\/wp\/v2\/categories?post=243045"},{"taxonomy":"post_tag","embeddable":true,"href":"https:\/\/www.europesays.com\/pl\/wp-json\/wp\/v2\/tags?post=243045"}],"curies":[{"name":"wp","href":"https:\/\/api.w.org\/{rel}","templated":true}]}}